{"id":37685,"date":"2011-12-26T13:29:23","date_gmt":"2011-12-26T15:29:23","guid":{"rendered":"http:\/\/www.redenoticia.com.br\/noticia\/?p=37685"},"modified":"2011-12-26T13:29:23","modified_gmt":"2011-12-26T15:29:23","slug":"temperatura-maxima-fica-mais-baixa-em-parte-do-sul-e-sudeste-nesta-semana","status":"publish","type":"post","link":"https:\/\/migracao.redenoticia.com.br\/noticia\/2011\/temperatura-maxima-fica-mais-baixa-em-parte-do-sul-e-sudeste-nesta-semana\/37685","title":{"rendered":"Temperatura m\u00e1xima fica mais baixa em parte do Sul e Sudeste nesta semana"},"content":{"rendered":"<p><img loading=\"lazy\" decoding=\"async\" class=\"alignleft size-full wp-image-28409\" title=\"previsao do tempo e temperatura\" src=\"https:\/\/migracao.redenoticia.com.br\/noticia\/imagens\/previsao-do-tempo-e-temperatura.jpg\" alt=\"\" width=\"300\" height=\"193\" srcset=\"https:\/\/migracao.redenoticia.com.br\/noticia\/imagens\/previsao-do-tempo-e-temperatura.jpg 300w, https:\/\/migracao.redenoticia.com.br\/noticia\/imagens\/previsao-do-tempo-e-temperatura-250x160.jpg 250w, https:\/\/migracao.redenoticia.com.br\/noticia\/imagens\/previsao-do-tempo-e-temperatura-150x96.jpg 150w\" sizes=\"auto, (max-width: 300px) 100vw, 300px\" \/>Segundo<em><strong> previs\u00e3o<\/strong><\/em> da SOMAR, ser\u00e3o poucas as madrugadas frias nos pr\u00f3ximos 15 dias. As tardes, no entanto, prometem registrar m\u00e1ximas baixas de forma mais persistente nos pr\u00f3ximos 10 dias.<\/p>\n<p>Nesta semana, os ventos que sopram do quadrante sul deixam a temperatura m\u00e1xima mais baixa ao longo de toda a costa da Regi\u00e3o Sul. Al\u00e9m disso, o excesso de nuvens e a chuva deixa a m\u00e1xima baixa em parte de Minas Gerais, Rio de Janeiro e no leste de S\u00e3o Paulo. De uma forma geral, espera-se m\u00e1xima entre 24\u00b0C e 27\u00b0C nas Regi\u00f5es Sul e Sudeste.<\/p>\n<p>J\u00e1 entre 31 de dezembro e 04 de janeiro, o calor retorna para o litoral do Rio Grande do Sul, mas a temperatura m\u00e1xima permanece baixa ao longo da costa de Santa Catarina e do Paran\u00e1, al\u00e9m de boa parte do Sudeste, Goi\u00e1s, Distrito Federal e leste de Mato Grosso. A partir do dia 5 de janeiro, a temperatura m\u00e1xima come\u00e7a a subir em todo o Brasil.<\/p>\n<p>Calor<br \/>\nApesar da temperatura m\u00e1xima mais baixa ao longo da costa da Regi\u00e3o Sul, a tend\u00eancia \u00e9 de retorno do calor extremo para o interior dos tr\u00eas Estados a partir do dia 28 de dezembro. No Rio Grande do Sul, o calor ser\u00e1 extremo e persistente, prosseguindo at\u00e9 10 de dezembro. No Sudeste, o calor ser\u00e1 intenso apenas no oeste de S\u00e3o Paulo entre 28 de dezembro e 3 de janeiro.<\/p>\n<p>No Centro-Oeste, destaca-se o calor intenso e duradouro em Mato Grosso do Sul pelos pr\u00f3ximos 15 dias. No Norte e Nordeste, o calor predomina sobre o norte das duas Regi\u00f5es pelos pr\u00f3ximos 15 dias.<\/p>\n","protected":false},"excerpt":{"rendered":"<p>Segundo previs\u00e3o da SOMAR, ser\u00e3o poucas as madrugadas frias nos pr\u00f3ximos 15 dias. As tardes, no entanto, prometem registrar m\u00e1ximas baixas de forma mais persistente nos pr\u00f3ximos 10 dias. Nesta semana, os ventos que sopram do quadrante sul deixam a temperatura m\u00e1xima mais baixa ao longo de toda a costa da Regi\u00e3o Sul. Al\u00e9m disso, [&hellip;]<\/p>\n","protected":false},"author":3,"featured_media":28409,"comment_status":"open","ping_status":"closed","sticky":false,"template":"","format":"standard","meta":{"tdm_status":"","tdm_grid_status":"","footnotes":""},"categories":[22,327],"tags":[],"class_list":{"0":"post-37685","1":"post","2":"type-post","3":"status-publish","4":"format-standard","5":"has-post-thumbnail","7":"category-brasil","8":"category-clima"},"_links":{"self":[{"href":"https:\/\/migracao.redenoticia.com.br\/noticia\/wp-json\/wp\/v2\/posts\/37685","targetHints":{"allow":["GET"]}}],"collection":[{"href":"https:\/\/migracao.redenoticia.com.br\/noticia\/wp-json\/wp\/v2\/posts"}],"about":[{"href":"https:\/\/migracao.redenoticia.com.br\/noticia\/wp-json\/wp\/v2\/types\/post"}],"author":[{"embeddable":true,"href":"https:\/\/migracao.redenoticia.com.br\/noticia\/wp-json\/wp\/v2\/users\/3"}],"replies":[{"embeddable":true,"href":"https:\/\/migracao.redenoticia.com.br\/noticia\/wp-json\/wp\/v2\/comments?post=37685"}],"version-history":[{"count":0,"href":"https:\/\/migracao.redenoticia.com.br\/noticia\/wp-json\/wp\/v2\/posts\/37685\/revisions"}],"wp:featuredmedia":[{"embeddable":true,"href":"https:\/\/migracao.redenoticia.com.br\/noticia\/wp-json\/wp\/v2\/media\/28409"}],"wp:attachment":[{"href":"https:\/\/migracao.redenoticia.com.br\/noticia\/wp-json\/wp\/v2\/media?parent=37685"}],"wp:term":[{"taxonomy":"category","embeddable":true,"href":"https:\/\/migracao.redenoticia.com.br\/noticia\/wp-json\/wp\/v2\/categories?post=37685"},{"taxonomy":"post_tag","embeddable":true,"href":"https:\/\/migracao.redenoticia.com.br\/noticia\/wp-json\/wp\/v2\/tags?post=37685"}],"curies":[{"name":"wp","href":"https:\/\/api.w.org\/{rel}","templated":true}]}}