{"id":377,"date":"2009-04-11T09:45:00","date_gmt":"2009-04-11T13:45:00","guid":{"rendered":"http:\/\/www.redenoticia.com.br\/noticia\/?p=377"},"modified":"2009-04-11T15:28:02","modified_gmt":"2009-04-11T19:28:02","slug":"aniversario-de-guajara-mirim-e-marcado-por-varios-eventos","status":"publish","type":"post","link":"https:\/\/migracao.redenoticia.com.br\/noticia\/2009\/aniversario-de-guajara-mirim-e-marcado-por-varios-eventos\/377","title":{"rendered":"Anivers\u00e1rio de Guajar\u00e1-Mirim \u00e9 marcado por v\u00e1rios eventos"},"content":{"rendered":"<p style=\"MARGIN: 0cm 0cm 0pt; mso-line-height-alt: 10.5pt\"><img loading=\"lazy\" decoding=\"async\" class=\"alignleft\" src=\"http:\/\/farm4.static.flickr.com\/3593\/3432041404_3b5ba89b1a_m.jpg\" alt=\"\" width=\"240\" height=\"174\" \/>Guajar\u00e1-Mirim j\u00e1 passou por diversos ciclos, como o da Estrada de Ferro Madeira-Mamor\u00e9, o ciclo da borracha, da \u00e1rea de Livre Com\u00e9rcio e agora a cidade se enche de expectativas com a chegada das Usinas do Madeira e da Ponte Binacional.<\/p>\n<p style=\"MARGIN: 0cm 0cm 0pt\">\u00a0<\/p>\n<p style=\"MARGIN: 0cm 0cm 0pt\">\u00a0<\/p>\n<p style=\"MARGIN: 0cm 0cm 0pt; mso-line-height-alt: 10.5pt\">Segundo dados da Prefeitura Municipal a cidade conta com 92% de \u00e1reas preservadas, e gra\u00e7as a isso vai receber este ano, durante um evento na cidade do Rio de Janeiro, o T\u00edtulo de Cidade Verde.<br \/>\nPara o Secret\u00e1rio Municipal de Cultura esporte e Turismo, Dayan Saldanha, o apoio que o governo do estado vem dando ao munic\u00edpio \u00e9 muito importante para o desenvolvimento de Guajar\u00e1-Mirim. &#8220;Estamos muito felizes, porque o governador Ivo Cassol est\u00e1 cumprindo o que prometeu, de resgatar a hist\u00f3ria e a alegria do povo dessa cidade, isso sem falar da aten\u00e7\u00e3o que vem sendo dada pelo deputado estadual Miguel Sena, ilustre filho dessa cidade, e o trabalho do prefeito Atal\u00edbio Pegorini&#8221;, afirmou.<\/p>\n<p style=\"MARGIN: 0cm 0cm 0pt; mso-line-height-alt: 10.5pt; mso-margin-top-alt: auto; mso-margin-bottom-alt: auto\">Durante a cerim\u00f4nia c\u00edvica que aconteceu no Pal\u00e1cio P\u00e9rola do Mamor\u00e9, sede da prefeitura, o governador Ivo Cassol, acompanhado do senador Expedito J\u00fanior e dos deputados estaduais Miguel Sena e Tiziu Jidalias, parabenizou a cidade pelos seus 80 anos de emancipa\u00e7\u00e3o pol\u00edtico-administrativa, e disse ainda que em breve a cidade ser\u00e1 beneficiada com a &#8220;Opera\u00e7\u00e3o Cidade Limpa&#8221;. Cassol aproveitou para pedir a colabora\u00e7\u00e3o da popula\u00e7\u00e3o para o combate \u00e0 dengue hemorr\u00e1gica que j\u00e1 vitimou v\u00e1rias pessoas no Estado. &#8220;Pe\u00e7o a todos que nos ajudem a limpar a cidade, estaremos trazendo para c\u00e1 os maquin\u00e1rios que far\u00e3o a limpeza nas ruas dos bairros, mas precisamos da colabora\u00e7\u00e3o de todos para que n\u00e3o acumulem lixo nos quintais, e assim evitarmos que a dengue chegue at\u00e9 aqui&#8221;, ressaltou Cassol.<br \/>\nAp\u00f3s o momento c\u00edvico o governador fez a entrega de 538 cestas b\u00e1sicas aos moradores do bairro Jardim das Esmeraldas, na sede da Associa\u00e7\u00e3o Nova Vida de Produtores Recicl\u00e1veis. A coleta das cestas foi realizada durante o carnaval Fora de \u00c9poca, realizado pela prefeitura do munic\u00edpio, e que contou com o apoio do governo do Estado, por meio da Secretaria Executiva Regional. Ap\u00f3s a entrega das cestas b\u00e1sicas, Cassol participou de um torneio de futebol sob forte chuva, quando foi homenageado com uma placa comemorativa pelos servi\u00e7os prestados ao munic\u00edpio. O governador fez ainda a entrega de 4 jogos de uniformes aos times participantes do torneio.<\/p>\n<p style=\"MARGIN: 0cm 0cm 0pt; mso-line-height-alt: 10.5pt; mso-margin-top-alt: auto; mso-margin-bottom-alt: auto\">\u00a0<\/p>\n<p style=\"MARGIN: 0cm 0cm 0pt\">\u00a0<\/p>\n<p style=\"MARGIN: 0cm 0cm 0pt\">Fonte: DECOM &#8211; Departamento de Comunica\u00e7\u00e3o Social<\/p>\n<p style=\"MARGIN: 0cm 0cm 0pt\">\u00a0<\/p>\n<p style=\"MARGIN: 0cm 0cm 0pt\">Guajaracapa e guajara<\/p>\n","protected":false},"excerpt":{"rendered":"<p>Guajar\u00e1-Mirim j\u00e1 passou por diversos ciclos, como o da Estrada de Ferro Madeira-Mamor\u00e9, o ciclo da borracha, da \u00e1rea de Livre Com\u00e9rcio e agora a cidade se enche de expectativas com a chegada das Usinas do Madeira e da Ponte Binacional. \u00a0 \u00a0 Segundo dados da Prefeitura Municipal a cidade conta com 92% de \u00e1reas [&hellip;]<\/p>\n","protected":false},"author":2,"featured_media":0,"comment_status":"open","ping_status":"open","sticky":false,"template":"","format":"standard","meta":{"tdm_status":"","tdm_grid_status":"","footnotes":""},"categories":[22],"tags":[],"class_list":{"0":"post-377","1":"post","2":"type-post","3":"status-publish","4":"format-standard","6":"category-brasil"},"_links":{"self":[{"href":"https:\/\/migracao.redenoticia.com.br\/noticia\/wp-json\/wp\/v2\/posts\/377","targetHints":{"allow":["GET"]}}],"collection":[{"href":"https:\/\/migracao.redenoticia.com.br\/noticia\/wp-json\/wp\/v2\/posts"}],"about":[{"href":"https:\/\/migracao.redenoticia.com.br\/noticia\/wp-json\/wp\/v2\/types\/post"}],"author":[{"embeddable":true,"href":"https:\/\/migracao.redenoticia.com.br\/noticia\/wp-json\/wp\/v2\/users\/2"}],"replies":[{"embeddable":true,"href":"https:\/\/migracao.redenoticia.com.br\/noticia\/wp-json\/wp\/v2\/comments?post=377"}],"version-history":[{"count":0,"href":"https:\/\/migracao.redenoticia.com.br\/noticia\/wp-json\/wp\/v2\/posts\/377\/revisions"}],"wp:attachment":[{"href":"https:\/\/migracao.redenoticia.com.br\/noticia\/wp-json\/wp\/v2\/media?parent=377"}],"wp:term":[{"taxonomy":"category","embeddable":true,"href":"https:\/\/migracao.redenoticia.com.br\/noticia\/wp-json\/wp\/v2\/categories?post=377"},{"taxonomy":"post_tag","embeddable":true,"href":"https:\/\/migracao.redenoticia.com.br\/noticia\/wp-json\/wp\/v2\/tags?post=377"}],"curies":[{"name":"wp","href":"https:\/\/api.w.org\/{rel}","templated":true}]}}