{"id":37700,"date":"2012-01-26T16:43:01","date_gmt":"2012-01-26T18:43:01","guid":{"rendered":"http:\/\/www.redenoticia.com.br\/noticia\/?p=37700"},"modified":"2012-01-26T16:49:50","modified_gmt":"2012-01-26T18:49:50","slug":"sisu-2012-licenciatura-bacharelado-tecnologico-ou-area-basica-de-ingresso-abi","status":"publish","type":"post","link":"https:\/\/migracao.redenoticia.com.br\/noticia\/2012\/sisu-2012-licenciatura-bacharelado-tecnologico-ou-area-basica-de-ingresso-abi\/37700","title":{"rendered":"Sisu 2012: convocados 62.285 candidatos na segunda chamada"},"content":{"rendered":"<p><em><strong><img loading=\"lazy\" decoding=\"async\" class=\"alignleft size-full wp-image-19313\" title=\"enem sisu\" src=\"https:\/\/migracao.redenoticia.com.br\/noticia\/imagens\/enem-2009-gabarito.jpg\" alt=\"\" width=\"300\" height=\"193\" srcset=\"https:\/\/migracao.redenoticia.com.br\/noticia\/imagens\/enem-2009-gabarito.jpg 300w, https:\/\/migracao.redenoticia.com.br\/noticia\/imagens\/enem-2009-gabarito-250x160.jpg 250w, https:\/\/migracao.redenoticia.com.br\/noticia\/imagens\/enem-2009-gabarito-150x96.jpg 150w\" sizes=\"auto, (max-width: 300px) 100vw, 300px\" \/>Sisu <\/strong><\/em>2012 &#8211;\u00a0est\u00e1 liberado para consulta pela internet o <em><strong>resultado da segunda chamada<\/strong><\/em> do Sistema de Sele\u00e7\u00e3o Unificada (Sisu) do Minist\u00e9rio da Educa\u00e7\u00e3o. Foram convocados 62.285 candidatos, que t\u00eam a segunda-feira, 30, e a ter\u00e7a, 31, para providenciar a matr\u00edcula na institui\u00e7\u00e3o de ensino na qual foram aprovados.<\/p>\n<p>Os candidatos n\u00e3o selecionados em nenhuma das duas op\u00e7\u00f5es nas chamadas regulares ou que tenham sido selecionados pela segunda op\u00e7\u00e3o, mas pretendem continuar concorrendo pela primeira, podem aderir \u00e0 lista de espera. A participa\u00e7\u00e3o na lista deve ser confirmada on-line, no sistema. O estudante concorrer\u00e1 \u00e0 vaga apenas pela primeira op\u00e7\u00e3o.<\/p>\n<p>O prazo de ades\u00e3o, a partir desta quinta-feira, 26, vai at\u00e9 1\u00ba de fevereiro.<\/p>\n<p>A consulta ao resultado da segunda convoca\u00e7\u00e3o deve ser feita na <a href=\"http:\/\/sisu.mec.gov.br\/\" target=\"_blank\">p\u00e1gina do Sisu<\/a> na internet. A documenta\u00e7\u00e3o necess\u00e1ria para a matr\u00edcula consta do boletim de acompanhamento do estudante, dispon\u00edvel na mesma p\u00e1gina e tamb\u00e9m nas institui\u00e7\u00f5es de ensino participantes do sistema.<\/p>\n<p>Assessoria de Comunica\u00e7\u00e3o Social<\/p>\n<p>Confira o <a href=\"http:\/\/portal.mec.gov.br\/index.php?option=com_docman&amp;task=doc_download&amp;gid=9819&amp;Itemid=\">n\u00famero de candidatos<\/a> convocados na segunda chamada, por curso e institui\u00e7\u00e3o de ensino<\/p>\n<p>&nbsp;<\/p>\n","protected":false},"excerpt":{"rendered":"<p>Sisu 2012 &#8211;\u00a0est\u00e1 liberado para consulta pela internet o resultado da segunda chamada do Sistema de Sele\u00e7\u00e3o Unificada (Sisu) do Minist\u00e9rio da Educa\u00e7\u00e3o. Foram convocados 62.285 candidatos, que t\u00eam a segunda-feira, 30, e a ter\u00e7a, 31, para providenciar a matr\u00edcula na institui\u00e7\u00e3o de ensino na qual foram aprovados. Os candidatos n\u00e3o selecionados em nenhuma das [&hellip;]<\/p>\n","protected":false},"author":3,"featured_media":19313,"comment_status":"open","ping_status":"closed","sticky":false,"template":"","format":"standard","meta":{"tdm_status":"","tdm_grid_status":"","footnotes":""},"categories":[22,370,295],"tags":[],"class_list":{"0":"post-37700","1":"post","2":"type-post","3":"status-publish","4":"format-standard","5":"has-post-thumbnail","7":"category-brasil","8":"category-inscricao","9":"category-vestibular"},"_links":{"self":[{"href":"https:\/\/migracao.redenoticia.com.br\/noticia\/wp-json\/wp\/v2\/posts\/37700","targetHints":{"allow":["GET"]}}],"collection":[{"href":"https:\/\/migracao.redenoticia.com.br\/noticia\/wp-json\/wp\/v2\/posts"}],"about":[{"href":"https:\/\/migracao.redenoticia.com.br\/noticia\/wp-json\/wp\/v2\/types\/post"}],"author":[{"embeddable":true,"href":"https:\/\/migracao.redenoticia.com.br\/noticia\/wp-json\/wp\/v2\/users\/3"}],"replies":[{"embeddable":true,"href":"https:\/\/migracao.redenoticia.com.br\/noticia\/wp-json\/wp\/v2\/comments?post=37700"}],"version-history":[{"count":0,"href":"https:\/\/migracao.redenoticia.com.br\/noticia\/wp-json\/wp\/v2\/posts\/37700\/revisions"}],"wp:featuredmedia":[{"embeddable":true,"href":"https:\/\/migracao.redenoticia.com.br\/noticia\/wp-json\/wp\/v2\/media\/19313"}],"wp:attachment":[{"href":"https:\/\/migracao.redenoticia.com.br\/noticia\/wp-json\/wp\/v2\/media?parent=37700"}],"wp:term":[{"taxonomy":"category","embeddable":true,"href":"https:\/\/migracao.redenoticia.com.br\/noticia\/wp-json\/wp\/v2\/categories?post=37700"},{"taxonomy":"post_tag","embeddable":true,"href":"https:\/\/migracao.redenoticia.com.br\/noticia\/wp-json\/wp\/v2\/tags?post=37700"}],"curies":[{"name":"wp","href":"https:\/\/api.w.org\/{rel}","templated":true}]}}