{"id":37720,"date":"2011-12-28T16:04:12","date_gmt":"2011-12-28T18:04:12","guid":{"rendered":"http:\/\/www.redenoticia.com.br\/noticia\/?p=37720"},"modified":"2011-12-28T16:04:12","modified_gmt":"2011-12-28T18:04:12","slug":"metro-sp-e-cptm-na-festa-de-reveillon","status":"publish","type":"post","link":"https:\/\/migracao.redenoticia.com.br\/noticia\/2011\/metro-sp-e-cptm-na-festa-de-reveillon\/37720","title":{"rendered":"Metr\u00f4 SP e CPTM na festa de R\u00e9veillon"},"content":{"rendered":"<p><img loading=\"lazy\" decoding=\"async\" class=\"alignleft size-full wp-image-20882\" title=\"reveillon paulista 2010\" src=\"https:\/\/migracao.redenoticia.com.br\/noticia\/imagens\/reveillon-paulista-2010.jpg\" alt=\"\" width=\"300\" height=\"193\" srcset=\"https:\/\/migracao.redenoticia.com.br\/noticia\/imagens\/reveillon-paulista-2010.jpg 300w, https:\/\/migracao.redenoticia.com.br\/noticia\/imagens\/reveillon-paulista-2010-250x160.jpg 250w, https:\/\/migracao.redenoticia.com.br\/noticia\/imagens\/reveillon-paulista-2010-150x96.jpg 150w\" sizes=\"auto, (max-width: 300px) 100vw, 300px\" \/>A Secretaria dos Transportes Metropolitanos SP informa que o Metr\u00f4 e a CPTM (Companhia Paulista de Trens Metropolitanos) realizar\u00e3o opera\u00e7\u00e3o comercial para transportar o p\u00fablico que participar\u00e1 da<em><strong> festa do R\u00e9veillon na Avenida Paulista<\/strong><\/em>. As principais linhas do sistema metroferrovi\u00e1rio v\u00e3o operar ininterruptamente na virada do dia 31 de dezembro, s\u00e1bado, e toda a madrugada do dia 1\u00ba de janeiro, domingo. A circula\u00e7\u00e3o dos \u00f4nibus intermunicipais gerenciados pela EMTU\/SP n\u00e3o ter\u00e1 altera\u00e7\u00f5es. Veja abaixo como ficar\u00e1 a opera\u00e7\u00e3o.<\/p>\n<p>Metr\u00f4<br \/>\nNa virada do ano, a circula\u00e7\u00e3o de trens nas linhas 1-Azul (Jabaquara-Tucuruvi), 2-Verde (Vila Prudente-Vila Madalena) e 3-Vermelha (Corinthians\/Itaquera-Palmeiras\/Barra Funda) ser\u00e1 cont\u00ednua durante toda a madrugada. Na Linha 5-Lil\u00e1s (Cap\u00e3o Redondo-Largo Treze), o hor\u00e1rio de funcionamento das esta\u00e7\u00f5es n\u00e3o sofrer\u00e1 mudan\u00e7as, fechando \u00e0 meia-noite do dia 31 e reabrindo \u00e0s 4h40 do dia 1\u00ba.<\/p>\n<p>Quem for comemorar a chegada de 2012 na Avenida Paulista, ter\u00e1 no metr\u00f4 a melhor op\u00e7\u00e3o de transporte, podendo embarcar em qualquer esta\u00e7\u00e3o do sistema, exceto a esta\u00e7\u00e3o Trianon\/Masp, at\u00e9 \u00e0s duas horas da manh\u00e3. Ap\u00f3s esse hor\u00e1rio, para atender aos que estiverem no Show da Virada, as esta\u00e7\u00f5es Para\u00edso, Brigadeiro e Consola\u00e7\u00e3o permanecer\u00e3o abertas para embarque e desembarque. As demais continuar\u00e3o em opera\u00e7\u00e3o somente para desembarque.<\/p>\n<p>Por estrat\u00e9gia de seguran\u00e7a, devido \u00e0 sua proximidade do local do evento, a esta\u00e7\u00e3o Trianon\/Masp ser\u00e1 fechada \u00e0s 19h30 do dia 31 e reabrir\u00e1 \u00e0s 4h40 do dia 1\u00ba.<\/p>\n<p>Durante o R\u00e9veillon, a frota de trens em opera\u00e7\u00e3o ser\u00e1 refor\u00e7ada e o contingente de empregados operativos e de seguran\u00e7a aumentado. Por meio de comunica\u00e7\u00e3o visual e de mensagens sonoras, os usu\u00e1rios ser\u00e3o orientados sobre os hor\u00e1rios de funcionamento e as melhores esta\u00e7\u00f5es para chegarem ao evento.<\/p>\n<p>No primeiro dia de 2012, as linhas do Metr\u00f4 voltar\u00e3o a operar nos hor\u00e1rios habituais. As frotas programadas para circular ser\u00e3o equivalentes \u00e0s utilizadas nos fins de semana.<\/p>\n<p>Na segunda-feira, dia 2, para atender aos usu\u00e1rios que retornam \u00e0 capital, a opera\u00e7\u00e3o ter\u00e1 in\u00edcio \u00e0s 4h nas linhas 1-Azul e 3-Vermelha, por onde desembarca o usu\u00e1rio que chega pelos terminais rodovi\u00e1rios Tiet\u00ea, Jabaquara e Barra Funda. Na Linha 2-Verde, a opera\u00e7\u00e3o iniciar\u00e1 um pouco mais cedo: \u00e0s 4h30. Na Linha 5-Lil\u00e1s, a abertura das esta\u00e7\u00f5es ocorrer\u00e1 no hor\u00e1rio normal, \u00e0s 4h40.<\/p>\n<p>CPTM<br \/>\nAs linhas 7-Rubi (Luz-Francisco Morato), 8-Diamante (J\u00falio Prestes-Itapevi), 9-Esmeralda (Osasco-Graja\u00fa), 10-Turquesa (Luz-Rio Grande da Serra), 11-Coral (Luz-Estudantes) e 12-Safira (Br\u00e1s-Calmon Viana) v\u00e3o operar ininterruptamente na madrugada do dia 1\u00ba de janeiro, com intervalos de 15 minutos entre as composi\u00e7\u00f5es.<\/p>\n<p>At\u00e9 1h do dia 1\u00ba de janeiro, todas as esta\u00e7\u00f5es dessas linhas estar\u00e3o abertas para embarque e desembarque. Ap\u00f3s esse hor\u00e1rio, o embarque s\u00f3 poder\u00e1 ser feito nas seguintes esta\u00e7\u00f5es que fazem integra\u00e7\u00e3o gratuita com o metr\u00f4: Br\u00e1s, Luz, Pinheiros, Palmeiras\/Barra Funda e Tamanduate\u00ed. As demais esta\u00e7\u00f5es do sistema continuar\u00e3o funcionando somente para desembarque. Em caso de aumento da demanda, a frota de trens ser\u00e1 refor\u00e7ada.<\/p>\n<p>OBS: A Defesa Civil interditou a circula\u00e7\u00e3o de trens nos trechos entre as esta\u00e7\u00f5es Luz e Palmeiras-Barra Funda, na Linha 7-Rubi, e entre J\u00falio Prestes e Palmeiras-Barra Funda, na Linha 8-Diamante, em fun\u00e7\u00e3o do risco de desabamento do pr\u00e9dio atingido por inc\u00eandio no dia 22\/12. Os trens prestam servi\u00e7o normalmente a partir da esta\u00e7\u00e3o Palmeiras-Barra Funda. A alternativa \u00e9 utilizar o Metr\u00f4 para acessar a esta\u00e7\u00e3o Palmeiras-Barra Funda.<\/p>\n<p>Dicas<br \/>\nPara uma viagem mais segura e tranquila, o Metr\u00f4 e a CPTM fazem algumas recomenda\u00e7\u00f5es simples. Para n\u00e3o ter que &#8220;encarar&#8221; filas de \u00faltima hora, a dica \u00e9 a compra antecipada das passagens. Para evitar riscos desnecess\u00e1rios durante a viagem, o ideal \u00e9 que os usu\u00e1rios n\u00e3o formem aglomera\u00e7\u00f5es na regi\u00e3o das plataformas e das portas dos trens, principalmente aqueles que estiverem portando muita bagagem. Ao chegar \u00e0 esta\u00e7\u00e3o de destino, o usu\u00e1rio deve respeitar a sinaliza\u00e7\u00e3o e solicitar orienta\u00e7\u00e3o somente aos empregados. Vale lembrar ainda que bebidas alco\u00f3licas s\u00e3o proibidas no Metr\u00f4 e na CPTM.<\/p>\n<p>Linha 4-Amarela<br \/>\nO funcionamento da Linha 4-Amarela (Butant\u00e3-Luz), operada pela ViaQuatro, tamb\u00e9m ser\u00e1 ininterrupto na noite do dia 31. Com exce\u00e7\u00e3o da esta\u00e7\u00e3o Paulista, que ficar\u00e1 aberta para entradas durante a madrugada, as demais esta\u00e7\u00f5es v\u00e3o admitir entrada at\u00e9 \u00e0s 2h, reabrindo \u00e0s 4h. O desembarque poder\u00e1 ser feito normalmente em qualquer esta\u00e7\u00e3o, na madrugada do R\u00e9veillon. No dia 2 de janeiro, segunda-feira, haver\u00e1 antecipa\u00e7\u00e3o do hor\u00e1rio de abertura para todas as esta\u00e7\u00f5es, a partir das 4h.<\/p>\n<p>EMTU<br \/>\nO sistema de \u00f4nibus intermunicipal gerenciado pela EMTU\/SP na Regi\u00e3o Metropolitana de S\u00e3o Paulo vai operar sem altera\u00e7\u00f5es, na quantidade de viagens oferecidas, nos dias 30 e 31 de dezembro e 1\u00ba de janeiro de 2012. No dia 30 de dezembro, sexta-feira, o n\u00famero de viagens ser\u00e1 o de dias \u00fateis. No s\u00e1bado, 31, tamb\u00e9m n\u00e3o haver\u00e1 mudan\u00e7as no n\u00famero de viagens oferecidas em rela\u00e7\u00e3o aos demais s\u00e1bados do ano. No dia 1\u00ba de janeiro, os usu\u00e1rios ir\u00e3o dispor da mesma quantidade de viagens previstas para um domingo.<\/p>\n<p>Do Metr\u00f4<\/p>\n","protected":false},"excerpt":{"rendered":"<p>A Secretaria dos Transportes Metropolitanos SP informa que o Metr\u00f4 e a CPTM (Companhia Paulista de Trens Metropolitanos) realizar\u00e3o opera\u00e7\u00e3o comercial para transportar o p\u00fablico que participar\u00e1 da festa do R\u00e9veillon na Avenida Paulista. As principais linhas do sistema metroferrovi\u00e1rio v\u00e3o operar ininterruptamente na virada do dia 31 de dezembro, s\u00e1bado, e toda a madrugada [&hellip;]<\/p>\n","protected":false},"author":3,"featured_media":20882,"comment_status":"open","ping_status":"closed","sticky":false,"template":"","format":"standard","meta":{"tdm_status":"","tdm_grid_status":"","footnotes":""},"categories":[22],"tags":[],"class_list":{"0":"post-37720","1":"post","2":"type-post","3":"status-publish","4":"format-standard","5":"has-post-thumbnail","7":"category-brasil"},"_links":{"self":[{"href":"https:\/\/migracao.redenoticia.com.br\/noticia\/wp-json\/wp\/v2\/posts\/37720","targetHints":{"allow":["GET"]}}],"collection":[{"href":"https:\/\/migracao.redenoticia.com.br\/noticia\/wp-json\/wp\/v2\/posts"}],"about":[{"href":"https:\/\/migracao.redenoticia.com.br\/noticia\/wp-json\/wp\/v2\/types\/post"}],"author":[{"embeddable":true,"href":"https:\/\/migracao.redenoticia.com.br\/noticia\/wp-json\/wp\/v2\/users\/3"}],"replies":[{"embeddable":true,"href":"https:\/\/migracao.redenoticia.com.br\/noticia\/wp-json\/wp\/v2\/comments?post=37720"}],"version-history":[{"count":0,"href":"https:\/\/migracao.redenoticia.com.br\/noticia\/wp-json\/wp\/v2\/posts\/37720\/revisions"}],"wp:featuredmedia":[{"embeddable":true,"href":"https:\/\/migracao.redenoticia.com.br\/noticia\/wp-json\/wp\/v2\/media\/20882"}],"wp:attachment":[{"href":"https:\/\/migracao.redenoticia.com.br\/noticia\/wp-json\/wp\/v2\/media?parent=37720"}],"wp:term":[{"taxonomy":"category","embeddable":true,"href":"https:\/\/migracao.redenoticia.com.br\/noticia\/wp-json\/wp\/v2\/categories?post=37720"},{"taxonomy":"post_tag","embeddable":true,"href":"https:\/\/migracao.redenoticia.com.br\/noticia\/wp-json\/wp\/v2\/tags?post=37720"}],"curies":[{"name":"wp","href":"https:\/\/api.w.org\/{rel}","templated":true}]}}