{"id":37790,"date":"2012-03-30T12:10:34","date_gmt":"2012-03-30T15:10:34","guid":{"rendered":"http:\/\/www.redenoticia.com.br\/noticia\/?p=37790"},"modified":"2018-08-13T10:44:09","modified_gmt":"2018-08-13T13:44:09","slug":"bbb-12-jonas-e-renata-disputam-lideranca-em-votacao-de-enquete","status":"publish","type":"post","link":"https:\/\/migracao.redenoticia.com.br\/noticia\/2012\/bbb-12-jonas-e-renata-disputam-lideranca-em-votacao-de-enquete\/37790","title":{"rendered":"BBB 13: inscri\u00e7\u00e3o para as seletivas regionais"},"content":{"rendered":"<p><em><strong><img loading=\"lazy\" decoding=\"async\" class=\"alignleft size-full wp-image-37791\" title=\"bbb 12 votacao enquete uol rede globo foto divulgacao\" src=\"https:\/\/migracao.redenoticia.com.br\/noticia\/imagens\/bbb-12-votacao-enquete-uol-rede-globo-foto-divulgacao.jpg\" alt=\"\" width=\"300\" height=\"193\" srcset=\"https:\/\/migracao.redenoticia.com.br\/noticia\/imagens\/bbb-12-votacao-enquete-uol-rede-globo-foto-divulgacao.jpg 300w, https:\/\/migracao.redenoticia.com.br\/noticia\/imagens\/bbb-12-votacao-enquete-uol-rede-globo-foto-divulgacao-250x161.jpg 250w, https:\/\/migracao.redenoticia.com.br\/noticia\/imagens\/bbb-12-votacao-enquete-uol-rede-globo-foto-divulgacao-150x97.jpg 150w\" sizes=\"auto, (max-width: 300px) 100vw, 300px\" \/>BBB 13 <\/strong><\/em>&#8211;\u00a0\u00a0o apresentador Pedro Bial anunciou que\u00a0as inscri\u00e7\u00f5es para o BBB 13 j\u00e1 est\u00e3o abertas no\u00a0<a href=\"http:\/\/tvg.globo.com\/bbb\/bbb12\/noticias\/noticia\/2012\/03\/inscreva-se-nas-seletivas-regionais-para-o-bbb13.html\" target=\"_blank\">endere\u00e7o da<strong><\/strong><em><strong> Rede Globo BBB 13<\/strong><\/em>.\u00a0<\/a>\u00a0Segundo a Rede Globo, independente das seletivas regionais, as inscri\u00e7\u00f5es nacionais ter\u00e3o in\u00edcio no dia 13 de setembro pela internet e pelos Correios. Mesmo aqueles candidatos que tiverem se inscrito e\/ou participado das entrevistas durante as Seletivas Regionais poder\u00e3o voltar a se inscrever nesta etapa nacional.<\/p>\n<p>Resumo da \u00faltima semana BBB 12<\/p>\n<p>Fael recebeu 92% dos votos do p\u00fablico e ganhou o BBB 12 na quinta-feira, 29. A \u00faltima\u00a0vota\u00e7\u00e3o\u00a0nas\u00a0enquetes\u00a0foi para saber quem deveria ganhar o BBB 12. Segundo as enquetes dos grandes portais Fael estava na lideran\u00e7a. Na<a href=\"http:\/\/televisao.uol.com.br\/bbb\/\" target=\"_blank\">\u00a0<\/a>enquete UOL<a href=\"http:\/\/televisao.uol.com.br\/bbb\/bbb12\/enquetes\/2012\/03\/04\/joao-carvalho-ou-renata-quem-deve-ser-eliminado-nesta-terca-6-no-bbb12.htm\" target=\"_blank\">\u00a0<\/a>a vota\u00e7\u00e3o foi movimentada. Na madrugada da quarta -feira o placar da enquete Uol mostrava Fael com 92% da preferencia do p\u00fablico e Fabiana com 8%. No inicio da tarde de quinta-feira, 29, o placar da enquete Uol (mais de 600 mil votos) n\u00e3o havia sofrido altera\u00e7\u00e3o. A vota\u00e7\u00e3o oficial para definir o vencedor do BBB 12 aconteceu no endere\u00e7o da\u00a0Rede Globo BBB 12\u00a0at\u00e9 o programa ao vivo na noite de quinta-feira (29\/03).<\/p>\n<p>A\u00a0vota\u00e7\u00e3o\u00a0no pared\u00e3o entre\u00a0Fael\u00a0e\u00a0Jonas\u00a0, movimentou as\u00a0enquetes\u00a0de diversos portais. O d\u00e9cimo terceiro pared\u00e3o do BBB 12 teve a participa\u00e7\u00e3o de\u00a0Jonas e Fael porque nesta segunda-feira, 26, eles perderam a prova do l\u00edder (perguntas sobre o BBB 12) para Fabiana. A disputa nas enquetes come\u00e7ou acirrada. Segundo as enquetes dos grandes portais Jonas abriu as pesquisas um pouco mais votado que Fael. Na<a href=\"http:\/\/televisao.uol.com.br\/bbb\/\" target=\"_blank\">\u00a0<\/a>enquete UOL<a href=\"http:\/\/televisao.uol.com.br\/bbb\/bbb12\/enquetes\/2012\/03\/04\/joao-carvalho-ou-renata-quem-deve-ser-eliminado-nesta-terca-6-no-bbb12.htm\" target=\"_blank\">\u00a0<\/a>a vota\u00e7\u00e3o continuou movimentada e Jonas estava com aproximadamente 50,19% da indica\u00e7\u00e3o do p\u00fablico, contra Fael, com aproximadamente 49,81%. No final da tarde da ter\u00e7a-feira, 27, a diferen\u00e7a aumentou: Jonas 64%; Fael 36%.\u00a0A vota\u00e7\u00e3o oficial para eliminar Jonas ou Fael aconteceu no endere\u00e7o da\u00a0Rede Globo BBB 12\u00a0at\u00e9 o programa ao vivo na noite de ter\u00e7a-feira (27\/03), quando Jonas foi eliminado com 54% dos votos.<\/p>\n<p>Kelly deixou o BBB 12 ap\u00f3s receber 57% dos votos v\u00e1lidos. A\u00a0vota\u00e7\u00e3o\u00a0em Jonas e Kelly movimentou as\u00a0enquetes\u00a0de diversos portais. Na sexta-feira (23\/03) foi formado o d\u00e9cimo segundo pared\u00e3o do BBB 12, com a participa\u00e7\u00e3o de\u00a0Jonas\u00a0(indicado pela l\u00edder Fabiana)\u00a0e\u00a0Kelly\u00a0(indicada pelo voto do Jonas). A\u00a0vota\u00e7\u00e3o\u00a0da casa foi transmitida\u00a0ao vivo\u00a0pela Rede\u00a0Globo. A disputa nas enquetes come\u00e7ou acirrada. Segundo as enquetes dos grandes portais Kelly abriu as pesquisas um pouco mais votada que Jonas. Na<a href=\"http:\/\/televisao.uol.com.br\/bbb\/\" target=\"_blank\">\u00a0<\/a>enquete UOL<a href=\"http:\/\/televisao.uol.com.br\/bbb\/bbb12\/enquetes\/2012\/03\/04\/joao-carvalho-ou-renata-quem-deve-ser-eliminado-nesta-terca-6-no-bbb12.htm\" target=\"_blank\">\u00a0<\/a>a vota\u00e7\u00e3o continuou movimentada e Kelly estava mais indicada, ficando com aproximadamente 57% da indica\u00e7\u00e3o do p\u00fablico, contra Jonas, com aproximadamente 43%. Na tarde do domingo, 25: Kelly 60%; Jonas 40%.\u00a0A vota\u00e7\u00e3o oficial para eliminar Jonas ou Kelly aconteceu no endere\u00e7o da\u00a0Rede Globo BBB 12\u00a0at\u00e9 o programa ao vivo na noite de domingo (25\/03), quando Kelly foi eliminada.\u00a0Este pared\u00e3o BBB 12 foi formado ap\u00f3s Pedro Bial, apresentador do programa, ter anunciado Fabiana como l\u00edder e o in\u00edcio da vota\u00e7\u00e3o surpresa. A l\u00edder Fabiana indicou Jonas. \u00a0Jonas indicou Kelly.<\/p>\n<p>Lista dos BBB 12:<\/p>\n<p>Analice, Mineira, 26 anos (primeira eliminada)<\/p>\n<p>Daniel, Paulistano, 31 anos (eliminado pela produ\u00e7\u00e3o)<\/p>\n<p>Fabiana, 35 anos, garota propaganda\u00a0(substituiu Fernanda, empres\u00e1ria do Rio de Janeiro,\u00a0na segunda-feira, 09\/01 &#8211; perdeu para Fael na grande final)<\/p>\n<p>Fael, Mato Grosso do Sul, 25 anos (vencedor)<\/p>\n<p>Fernanda, 29 anos, empres\u00e1ria do Rio de Janeiro (desistiu)<\/p>\n<p>Jakeline, 22 anos, estudante de zootecnia da Bahia (segunda eliminada)<\/p>\n<p>Jo\u00e3o Carvalho, 46 anos, representante comercial de Minas Gerais (d\u00e9cimo primeiro eliminado)<\/p>\n<p>Jo\u00e3o Mauricio, 34 anos, pecuarista de Goi\u00e1s (quinto eliminado)<\/p>\n<p>Jonas, 25 anos, modelo do Rio Grande do Sul (d\u00e9cimo terceiro eliminado)<\/p>\n<p>Kelly, 28 anos, assistente comercial de Minas Gerais (d\u00e9cimo segundo eliminado)<\/p>\n<p>Laisa, 25 anos, estudante de medicina do Rio Grande do Sul (sexta eliminada)<\/p>\n<p>Mayara, 23 anos, arte educadora de S\u00e3o Paulo (terceira eliminada)<\/p>\n<p>Monique, Ga\u00facha, 23 anos (d\u00e9cima eliminada)<\/p>\n<p>Netinho, 28 anos, advogado de Minas Gerais (desistiu)<\/p>\n<p>Rafa, 35 anos, projetista de ilumina\u00e7\u00e3o do Rio de Janeiro (sexto eliminado)<\/p>\n<p>Renata, 21 anos, estudante de psicologia de Minas Gerais (s\u00e9tima eliminada)<\/p>\n<p>Ronaldo, 31 anos, vendedor de S\u00e3o Paulo\u00a0\u00a0(substituiu Netinho, advogado de Minas Gerais. Ele foi o quarto eliminado)<\/p>\n<p><em><\/em>Yuri, 26 anos, professor de muay thay de Goi\u00e1s (nono eliminado)<\/p>\n<p>BBB 12<\/p>\n","protected":false},"excerpt":{"rendered":"<p>BBB 13 &#8211;\u00a0\u00a0o apresentador Pedro Bial anunciou que\u00a0as inscri\u00e7\u00f5es para o BBB 13 j\u00e1 est\u00e3o abertas no\u00a0endere\u00e7o da Rede Globo BBB 13.\u00a0\u00a0Segundo a Rede Globo, independente das seletivas regionais, as inscri\u00e7\u00f5es nacionais ter\u00e3o in\u00edcio no dia 13 de setembro pela internet e pelos Correios. Mesmo aqueles candidatos que tiverem se inscrito e\/ou participado das entrevistas [&hellip;]<\/p>\n","protected":false},"author":3,"featured_media":37791,"comment_status":"closed","ping_status":"closed","sticky":false,"template":"","format":"standard","meta":{"tdm_status":"","tdm_grid_status":"","footnotes":""},"categories":[520,22,375,343],"tags":[],"class_list":{"0":"post-37790","1":"post","2":"type-post","3":"status-publish","4":"format-standard","5":"has-post-thumbnail","7":"category-big-brother-brasil","8":"category-brasil","9":"category-rede-globo","10":"category-televisao"},"_links":{"self":[{"href":"https:\/\/migracao.redenoticia.com.br\/noticia\/wp-json\/wp\/v2\/posts\/37790","targetHints":{"allow":["GET"]}}],"collection":[{"href":"https:\/\/migracao.redenoticia.com.br\/noticia\/wp-json\/wp\/v2\/posts"}],"about":[{"href":"https:\/\/migracao.redenoticia.com.br\/noticia\/wp-json\/wp\/v2\/types\/post"}],"author":[{"embeddable":true,"href":"https:\/\/migracao.redenoticia.com.br\/noticia\/wp-json\/wp\/v2\/users\/3"}],"replies":[{"embeddable":true,"href":"https:\/\/migracao.redenoticia.com.br\/noticia\/wp-json\/wp\/v2\/comments?post=37790"}],"version-history":[{"count":0,"href":"https:\/\/migracao.redenoticia.com.br\/noticia\/wp-json\/wp\/v2\/posts\/37790\/revisions"}],"wp:featuredmedia":[{"embeddable":true,"href":"https:\/\/migracao.redenoticia.com.br\/noticia\/wp-json\/wp\/v2\/media\/37791"}],"wp:attachment":[{"href":"https:\/\/migracao.redenoticia.com.br\/noticia\/wp-json\/wp\/v2\/media?parent=37790"}],"wp:term":[{"taxonomy":"category","embeddable":true,"href":"https:\/\/migracao.redenoticia.com.br\/noticia\/wp-json\/wp\/v2\/categories?post=37790"},{"taxonomy":"post_tag","embeddable":true,"href":"https:\/\/migracao.redenoticia.com.br\/noticia\/wp-json\/wp\/v2\/tags?post=37790"}],"curies":[{"name":"wp","href":"https:\/\/api.w.org\/{rel}","templated":true}]}}