{"id":37825,"date":"2012-01-20T19:30:36","date_gmt":"2012-01-20T21:30:36","guid":{"rendered":"http:\/\/www.redenoticia.com.br\/noticia\/?p=37825"},"modified":"2012-01-20T19:55:01","modified_gmt":"2012-01-20T21:55:01","slug":"prouni-2012-consulta-das-ofertas-para-primeiro-semestre","status":"publish","type":"post","link":"https:\/\/migracao.redenoticia.com.br\/noticia\/2012\/prouni-2012-consulta-das-ofertas-para-primeiro-semestre\/37825","title":{"rendered":"ProUni 2012 &#8211; resultado da primeira chamada"},"content":{"rendered":"<p><em><strong><img loading=\"lazy\" decoding=\"async\" class=\"alignleft size-full wp-image-23011\" title=\"prouni resultado inscricao\" src=\"https:\/\/migracao.redenoticia.com.br\/noticia\/imagens\/prouni-inscricao.jpg\" alt=\"\" width=\"300\" height=\"193\" srcset=\"https:\/\/migracao.redenoticia.com.br\/noticia\/imagens\/prouni-inscricao.jpg 300w, https:\/\/migracao.redenoticia.com.br\/noticia\/imagens\/prouni-inscricao-250x160.jpg 250w, https:\/\/migracao.redenoticia.com.br\/noticia\/imagens\/prouni-inscricao-150x96.jpg 150w\" sizes=\"auto, (max-width: 300px) 100vw, 300px\" \/>ProUni 2012<\/strong><\/em>&#8211; est\u00e1 dispon\u00edvel na p\u00e1gina do programa Universidade para Todos (ProUni) o <em><strong>resultado da primeira chamada<\/strong><\/em>. Os candidatos pr\u00e9-selecionados t\u00eam prazo de 23 de janeiro a 1\u00ba de fevereiro para comparecer \u00e0s institui\u00e7\u00f5es de ensino na qual foram aprovados para confirmar as informa\u00e7\u00f5es declaradas na inscri\u00e7\u00e3o e fazer a matr\u00edcula.<\/p>\n<div>Depois desse prazo, caso ainda haja bolsas dispon\u00edveis, ser\u00e1 feita a segunda chamada de candidatos, prevista para 7 de fevereiro, com prazo para comprova\u00e7\u00e3o da documenta\u00e7\u00e3o at\u00e9 15 de fevereiro.<\/p>\n<p>Espera \u2013 Ao fim das duas chamadas, os candidatos n\u00e3o pr\u00e9-selecionados ou aqueles que foram pr\u00e9-selecionados em cursos sem forma\u00e7\u00e3o de turma podem manifestar interesse em fazer parte da lista de espera, que ser\u00e1 usada pelas institui\u00e7\u00f5es participantes do programa para a ocupa\u00e7\u00e3o das bolsas eventualmente ainda dispon\u00edveis.<\/p>\n<p>O per\u00edodo para manifesta\u00e7\u00e3o de interesse na lista ir\u00e1 de 22 a 24 de fevereiro. Ao fim desse prazo, ser\u00e3o feitas duas convoca\u00e7\u00f5es dos integrantes. A primeira, a partir de 27 de fevereiro, com prazo para comprova\u00e7\u00e3o de documentos e matr\u00edcula de 28 do mesmo m\u00eas at\u00e9 2 de mar\u00e7o. A segunda, em 9 de mar\u00e7o, com prazo de 12 a 15 de mar\u00e7o.<\/p>\n<p>Neste processo seletivo s\u00e3o ofertadas 195.030 bolsas \u2013 98.728 integrais e 96.302 parciais, de 50% da mensalidade \u2013 em 1.321 institui\u00e7\u00f5es de ensino superior particulares, entre universidades, centros universit\u00e1rios e faculdades.<\/p>\n<p>Ao final de seis dias de inscri\u00e7\u00f5es, o programa registrou a inscri\u00e7\u00e3o de 1.208.398 candidatos. O n\u00famero supera os 1.048.631 inscritos do processo de 2011, at\u00e9 ent\u00e3o a maior marca. Cada estudante teve o direito de fazer duas op\u00e7\u00f5es de cursos. Dessa forma, o n\u00famero de inscri\u00e7\u00f5es chegou a 2.323.546. Criado em 2005, o ProUni j\u00e1 concedeu 919 mil bolsas de estudos em cursos de gradua\u00e7\u00e3o e sequenciais de forma\u00e7\u00e3o espec\u00edfica.<\/p>\n<p>Assessoria de Comunica\u00e7\u00e3o Social<\/p>\n<p><a href=\"http:\/\/siteprouni.mec.gov.br\/\" target=\"_blank\">Acesse<\/a> a p\u00e1gina do ProUni<\/div>\n","protected":false},"excerpt":{"rendered":"<p>ProUni 2012&#8211; est\u00e1 dispon\u00edvel na p\u00e1gina do programa Universidade para Todos (ProUni) o resultado da primeira chamada. Os candidatos pr\u00e9-selecionados t\u00eam prazo de 23 de janeiro a 1\u00ba de fevereiro para comparecer \u00e0s institui\u00e7\u00f5es de ensino na qual foram aprovados para confirmar as informa\u00e7\u00f5es declaradas na inscri\u00e7\u00e3o e fazer a matr\u00edcula. Depois desse prazo, caso [&hellip;]<\/p>\n","protected":false},"author":3,"featured_media":23011,"comment_status":"open","ping_status":"closed","sticky":false,"template":"","format":"standard","meta":{"tdm_status":"","tdm_grid_status":"","footnotes":""},"categories":[22,370,295],"tags":[],"class_list":{"0":"post-37825","1":"post","2":"type-post","3":"status-publish","4":"format-standard","5":"has-post-thumbnail","7":"category-brasil","8":"category-inscricao","9":"category-vestibular"},"_links":{"self":[{"href":"https:\/\/migracao.redenoticia.com.br\/noticia\/wp-json\/wp\/v2\/posts\/37825","targetHints":{"allow":["GET"]}}],"collection":[{"href":"https:\/\/migracao.redenoticia.com.br\/noticia\/wp-json\/wp\/v2\/posts"}],"about":[{"href":"https:\/\/migracao.redenoticia.com.br\/noticia\/wp-json\/wp\/v2\/types\/post"}],"author":[{"embeddable":true,"href":"https:\/\/migracao.redenoticia.com.br\/noticia\/wp-json\/wp\/v2\/users\/3"}],"replies":[{"embeddable":true,"href":"https:\/\/migracao.redenoticia.com.br\/noticia\/wp-json\/wp\/v2\/comments?post=37825"}],"version-history":[{"count":0,"href":"https:\/\/migracao.redenoticia.com.br\/noticia\/wp-json\/wp\/v2\/posts\/37825\/revisions"}],"wp:featuredmedia":[{"embeddable":true,"href":"https:\/\/migracao.redenoticia.com.br\/noticia\/wp-json\/wp\/v2\/media\/23011"}],"wp:attachment":[{"href":"https:\/\/migracao.redenoticia.com.br\/noticia\/wp-json\/wp\/v2\/media?parent=37825"}],"wp:term":[{"taxonomy":"category","embeddable":true,"href":"https:\/\/migracao.redenoticia.com.br\/noticia\/wp-json\/wp\/v2\/categories?post=37825"},{"taxonomy":"post_tag","embeddable":true,"href":"https:\/\/migracao.redenoticia.com.br\/noticia\/wp-json\/wp\/v2\/tags?post=37825"}],"curies":[{"name":"wp","href":"https:\/\/api.w.org\/{rel}","templated":true}]}}