{"id":379,"date":"2009-04-11T09:48:00","date_gmt":"2009-04-11T13:48:00","guid":{"rendered":"http:\/\/www.redenoticia.com.br\/noticia\/?p=379"},"modified":"2009-04-11T15:37:35","modified_gmt":"2009-04-11T19:37:35","slug":"sao-paulo-vence-o-defensor-sporting-uru-e-garante-classificacao","status":"publish","type":"post","link":"https:\/\/migracao.redenoticia.com.br\/noticia\/2009\/sao-paulo-vence-o-defensor-sporting-uru-e-garante-classificacao\/379","title":{"rendered":"S\u00e3o Paulo vence o Defensor Sporting (URU) e garante classifica\u00e7\u00e3o"},"content":{"rendered":"<p style=\"MARGIN: 0cm 0cm 0pt; mso-margin-top-alt: auto; mso-margin-bottom-alt: auto\"><img loading=\"lazy\" decoding=\"async\" class=\"alignleft\" src=\"http:\/\/farm4.static.flickr.com\/3639\/3431229813_37103d4dbd_t.jpg\" alt=\"\" width=\"100\" height=\"68\" \/>O S\u00e3o Paulo vence mais uma na Ta\u00e7a Libertadores. O Tricolor sofreu o gol, mas reagiu e obteve a vit\u00f3ria sobre o Defensor Sporting (URU), nesta quinta-feira, no Morumbi.<\/p>\n<p style=\"MARGIN: 0cm 0cm 0pt; mso-margin-top-alt: auto; mso-margin-bottom-alt: auto\">Com dez pontos, o time brasileiro praticamente se garante na pr\u00f3xima fase da competi\u00e7\u00e3o. Enquanto isso, o Defensor ainda briga por um lugar na sequ\u00eancia da Libertadores.<\/p>\n<p style=\"MARGIN: 0cm 0cm 0pt; mso-margin-top-alt: auto; mso-margin-bottom-alt: auto\">O primeiro tempo viu um jogo morno e o S\u00e3o Paulo buscava armar o jogo, mas a defesa do time uruguaio era melhor, apesar de pouco pressionar a meta de Rog\u00e9rio Ceni. Foram poucas as chances de gol nos primeiros minutos de jogo.<\/p>\n<p style=\"MARGIN: 0cm 0cm 0pt; mso-margin-top-alt: auto; mso-margin-bottom-alt: auto\">A grande chance do primeiro tempo foi a do gol do Defensor. Diego de Souza bateu, Rog\u00e9rio Ceni defendeu, mas a bola entrou dentro do gol. O S\u00e3o Paulo buscou a rea\u00e7\u00e3o no final do primeiro tempo, mas sem sucesso.<\/p>\n<p style=\"MARGIN: 0cm 0cm 0pt; mso-margin-top-alt: auto; mso-margin-bottom-alt: auto\">No segundo tempo, o panorama do jogo mudou e o Tricolor foi para cima. Borges se tornou o principal jogador do time, participando das jogadas e marcando os dois gols do S\u00e3o Paulo no jogo.<\/p>\n<p style=\"MARGIN: 0cm 0cm 0pt; mso-margin-top-alt: auto; mso-margin-bottom-alt: auto\">O empate veio ap\u00f3s cruzamento na \u00e1rea que Washington ajeitou para Borges marcar. Depois, o atacante aproveita erro da defesa do Defensor para virar o placar do Morumbi. Depois, foi tocar a bola para garantir a vit\u00f3ria.<\/p>\n<p style=\"MARGIN: 0cm 0cm 0pt; mso-margin-top-alt: auto; mso-margin-bottom-alt: auto\">O S\u00e3o Paulo se concentrar\u00e1 agora nas semifinais do Paulist\u00e3o, domingo, contra o Corinthians.<\/p>\n<p style=\"MARGIN: 0cm 0cm 0pt\">Leia Mais News Free <a href=\"http:\/\/blog.newsfree.com.br\/\">http:\/\/blog.newsfree.com.br<\/a><\/p>\n<p style=\"MARGIN: 0cm 0cm 0pt\">\u00a0<\/p>\n<p style=\"MARGIN: 0cm 0cm 0pt\">\u00a0<\/p>\n","protected":false},"excerpt":{"rendered":"<p>O S\u00e3o Paulo vence mais uma na Ta\u00e7a Libertadores. O Tricolor sofreu o gol, mas reagiu e obteve a vit\u00f3ria sobre o Defensor Sporting (URU), nesta quinta-feira, no Morumbi. Com dez pontos, o time brasileiro praticamente se garante na pr\u00f3xima fase da competi\u00e7\u00e3o. Enquanto isso, o Defensor ainda briga por um lugar na sequ\u00eancia da [&hellip;]<\/p>\n","protected":false},"author":2,"featured_media":0,"comment_status":"open","ping_status":"open","sticky":false,"template":"","format":"standard","meta":{"tdm_status":"","tdm_grid_status":"","footnotes":""},"categories":[22],"tags":[],"class_list":{"0":"post-379","1":"post","2":"type-post","3":"status-publish","4":"format-standard","6":"category-brasil"},"_links":{"self":[{"href":"https:\/\/migracao.redenoticia.com.br\/noticia\/wp-json\/wp\/v2\/posts\/379","targetHints":{"allow":["GET"]}}],"collection":[{"href":"https:\/\/migracao.redenoticia.com.br\/noticia\/wp-json\/wp\/v2\/posts"}],"about":[{"href":"https:\/\/migracao.redenoticia.com.br\/noticia\/wp-json\/wp\/v2\/types\/post"}],"author":[{"embeddable":true,"href":"https:\/\/migracao.redenoticia.com.br\/noticia\/wp-json\/wp\/v2\/users\/2"}],"replies":[{"embeddable":true,"href":"https:\/\/migracao.redenoticia.com.br\/noticia\/wp-json\/wp\/v2\/comments?post=379"}],"version-history":[{"count":0,"href":"https:\/\/migracao.redenoticia.com.br\/noticia\/wp-json\/wp\/v2\/posts\/379\/revisions"}],"wp:attachment":[{"href":"https:\/\/migracao.redenoticia.com.br\/noticia\/wp-json\/wp\/v2\/media?parent=379"}],"wp:term":[{"taxonomy":"category","embeddable":true,"href":"https:\/\/migracao.redenoticia.com.br\/noticia\/wp-json\/wp\/v2\/categories?post=379"},{"taxonomy":"post_tag","embeddable":true,"href":"https:\/\/migracao.redenoticia.com.br\/noticia\/wp-json\/wp\/v2\/tags?post=379"}],"curies":[{"name":"wp","href":"https:\/\/api.w.org\/{rel}","templated":true}]}}