{"id":37970,"date":"2012-01-23T15:31:50","date_gmt":"2012-01-23T17:31:50","guid":{"rendered":"http:\/\/www.redenoticia.com.br\/noticia\/?p=37970"},"modified":"2012-01-23T15:31:50","modified_gmt":"2012-01-23T17:31:50","slug":"fflch-lanca-catalogo-para-estudantes-em-intercambio","status":"publish","type":"post","link":"https:\/\/migracao.redenoticia.com.br\/noticia\/2012\/fflch-lanca-catalogo-para-estudantes-em-intercambio\/37970","title":{"rendered":"FFLCH lan\u00e7a cat\u00e1logo para estudantes em interc\u00e2mbio"},"content":{"rendered":"<p><img loading=\"lazy\" decoding=\"async\" class=\"alignleft size-full wp-image-36248\" title=\"aluno c\" src=\"https:\/\/migracao.redenoticia.com.br\/noticia\/imagens\/aluno-c.jpg\" alt=\"\" width=\"300\" height=\"193\" srcset=\"https:\/\/migracao.redenoticia.com.br\/noticia\/imagens\/aluno-c.jpg 300w, https:\/\/migracao.redenoticia.com.br\/noticia\/imagens\/aluno-c-250x161.jpg 250w, https:\/\/migracao.redenoticia.com.br\/noticia\/imagens\/aluno-c-150x97.jpg 150w\" sizes=\"auto, (max-width: 300px) 100vw, 300px\" \/>Ag\u00eancia FAPESP\u2013 Todas as atividades desenvolvidas na Faculdade de Filosofia, Letras e Ci\u00eancias Humanas (FFLCH) da Universidade de S\u00e3o Paulo (USP) foram relatadas no cat\u00e1logo de rela\u00e7\u00f5es internacionais que acaba de ser lan\u00e7ado. O objetivo \u00e9 orientar estudantes estrangeiros interessados em fazer <em><strong>interc\u00e2mbio<\/strong><\/em> na unidade.<\/p>\n<p>A publica\u00e7\u00e3o oferece um breve hist\u00f3rico da FFLCH, desde os pr\u00e9dios onde foram ministradas as primeiras aulas at\u00e9 a constru\u00e7\u00e3o das instala\u00e7\u00f5es atuais. Descreve as disciplinas e projetos de p\u00f3s-gradua\u00e7\u00e3o oferecidos em cada um dos cinco departamentos \u2013 Geografia, Hist\u00f3ria, Filosofia, Ci\u00eancias Sociais e Letras \u2013, al\u00e9m das linhas de pesquisa e projetos tem\u00e1ticos em andamento.<\/p>\n<p>O cat\u00e1logo para estudantes em interc\u00e2mbio\u00a0traz ainda informa\u00e7\u00f5es sobre restaurantes, teatros, cinemas, museus, bibliotecas, servi\u00e7os de sa\u00fade e centros de estudos e pr\u00e1ticas esportivas existentes na Cidade Universit\u00e1ria, al\u00e9m de um mapa completo do campus.<\/p>\n<p>Mais informa\u00e7\u00f5es pelo telefone (11) 3091-3572<\/p>\n<p>O cat\u00e1logo para estudantes em interc\u00e2mbio\u00a0pode ser acessado pelo site <a href=\"http:\/\/ccint.fflch.usp.br\/\" target=\"_blank\">ccint.fflch.usp.br<\/a><\/p>\n<p>&nbsp;<\/p>\n","protected":false},"excerpt":{"rendered":"<p>Ag\u00eancia FAPESP\u2013 Todas as atividades desenvolvidas na Faculdade de Filosofia, Letras e Ci\u00eancias Humanas (FFLCH) da Universidade de S\u00e3o Paulo (USP) foram relatadas no cat\u00e1logo de rela\u00e7\u00f5es internacionais que acaba de ser lan\u00e7ado. O objetivo \u00e9 orientar estudantes estrangeiros interessados em fazer interc\u00e2mbio na unidade. A publica\u00e7\u00e3o oferece um breve hist\u00f3rico da FFLCH, desde os [&hellip;]<\/p>\n","protected":false},"author":3,"featured_media":36248,"comment_status":"open","ping_status":"closed","sticky":false,"template":"","format":"standard","meta":{"tdm_status":"","tdm_grid_status":"","footnotes":""},"categories":[22],"tags":[],"class_list":{"0":"post-37970","1":"post","2":"type-post","3":"status-publish","4":"format-standard","5":"has-post-thumbnail","7":"category-brasil"},"_links":{"self":[{"href":"https:\/\/migracao.redenoticia.com.br\/noticia\/wp-json\/wp\/v2\/posts\/37970","targetHints":{"allow":["GET"]}}],"collection":[{"href":"https:\/\/migracao.redenoticia.com.br\/noticia\/wp-json\/wp\/v2\/posts"}],"about":[{"href":"https:\/\/migracao.redenoticia.com.br\/noticia\/wp-json\/wp\/v2\/types\/post"}],"author":[{"embeddable":true,"href":"https:\/\/migracao.redenoticia.com.br\/noticia\/wp-json\/wp\/v2\/users\/3"}],"replies":[{"embeddable":true,"href":"https:\/\/migracao.redenoticia.com.br\/noticia\/wp-json\/wp\/v2\/comments?post=37970"}],"version-history":[{"count":0,"href":"https:\/\/migracao.redenoticia.com.br\/noticia\/wp-json\/wp\/v2\/posts\/37970\/revisions"}],"wp:featuredmedia":[{"embeddable":true,"href":"https:\/\/migracao.redenoticia.com.br\/noticia\/wp-json\/wp\/v2\/media\/36248"}],"wp:attachment":[{"href":"https:\/\/migracao.redenoticia.com.br\/noticia\/wp-json\/wp\/v2\/media?parent=37970"}],"wp:term":[{"taxonomy":"category","embeddable":true,"href":"https:\/\/migracao.redenoticia.com.br\/noticia\/wp-json\/wp\/v2\/categories?post=37970"},{"taxonomy":"post_tag","embeddable":true,"href":"https:\/\/migracao.redenoticia.com.br\/noticia\/wp-json\/wp\/v2\/tags?post=37970"}],"curies":[{"name":"wp","href":"https:\/\/api.w.org\/{rel}","templated":true}]}}