{"id":37974,"date":"2012-01-23T15:50:27","date_gmt":"2012-01-23T17:50:27","guid":{"rendered":"http:\/\/www.redenoticia.com.br\/noticia\/?p=37974"},"modified":"2012-01-26T16:51:35","modified_gmt":"2012-01-26T18:51:35","slug":"fuvest-lista-de-livros-para-vestibular-2013","status":"publish","type":"post","link":"https:\/\/migracao.redenoticia.com.br\/noticia\/2012\/fuvest-lista-de-livros-para-vestibular-2013\/37974","title":{"rendered":"Fuvest &#8211; lista de livros para vestibular 2013"},"content":{"rendered":"<p><img loading=\"lazy\" decoding=\"async\" class=\"alignleft size-full wp-image-34821\" title=\"livro\" src=\"https:\/\/migracao.redenoticia.com.br\/noticia\/imagens\/livro1.jpg\" alt=\"\" width=\"300\" height=\"193\" srcset=\"https:\/\/migracao.redenoticia.com.br\/noticia\/imagens\/livro1.jpg 300w, https:\/\/migracao.redenoticia.com.br\/noticia\/imagens\/livro1-250x160.jpg 250w, https:\/\/migracao.redenoticia.com.br\/noticia\/imagens\/livro1-150x96.jpg 150w\" sizes=\"auto, (max-width: 300px) 100vw, 300px\" \/>O Conselho de Gradua\u00e7\u00e3o (CGO) da USP realizou mudan\u00e7as na <em><strong>lista de obras de leitura<\/strong><\/em> obrigat\u00f3ria para a <em><strong>Fuvest 2013<\/strong><\/em> em rela\u00e7\u00e3o \u00e0s obras pedidas para o vestibular de 2012.<\/p>\n<p>Os livros Auto da barca do inferno, de Gil Vicente, Iracema, de Jos\u00e9 de Alencar, Dom Casmurro, de Machado de Assis, e Antologia Po\u00e9tica, de Vin\u00edcius de Morais, foram substitu\u00eddos, respectivamente, por Viagens na minha terra, de Almeida Garrett, Til, de Jos\u00e9 de Alencar, Mem\u00f3rias p\u00f3stumas de Br\u00e1s Cubas, de Machado de Assis, e Sentimento do mundo, de Carlos Drummond de Andrade.<\/p>\n<p>Confira a lista completa das obras de leitura obrigat\u00f3ria Fuvest 2013:<\/p>\n<p>Viagens na minha terra &#8211; Almeida Garrett;<br \/>\nTil &#8211; Jos\u00e9 de Alencar;<br \/>\nMem\u00f3rias de um sargento de mil\u00edcias &#8211; Manuel Ant\u00f4nio de Almeida;<br \/>\nMem\u00f3rias p\u00f3stumas de Br\u00e1s Cubas &#8211; Machado de Assis;<br \/>\nO corti\u00e7o &#8211; Alu\u00edsio Azevedo;<br \/>\nA cidade e as serras &#8211; E\u00e7a de Queir\u00f3s;<br \/>\nVidas secas &#8211; Graciliano Ramos;<br \/>\nCapit\u00e3es da areia &#8211; Jorge Amado;<br \/>\nSentimento do mundo &#8211; Carlos Drummond de Andrade.<\/p>\n<p>Mais informa\u00e7\u00f5es: (11) 3093-2300, <a href=\"http:\/\/www.fuvest.br\/\">site da Fuvest<\/a>.<\/p>\n<p>DA USP<\/p>\n","protected":false},"excerpt":{"rendered":"<p>O Conselho de Gradua\u00e7\u00e3o (CGO) da USP realizou mudan\u00e7as na lista de obras de leitura obrigat\u00f3ria para a Fuvest 2013 em rela\u00e7\u00e3o \u00e0s obras pedidas para o vestibular de 2012. Os livros Auto da barca do inferno, de Gil Vicente, Iracema, de Jos\u00e9 de Alencar, Dom Casmurro, de Machado de Assis, e Antologia Po\u00e9tica, de [&hellip;]<\/p>\n","protected":false},"author":3,"featured_media":34821,"comment_status":"open","ping_status":"closed","sticky":false,"template":"","format":"standard","meta":{"tdm_status":"","tdm_grid_status":"","footnotes":""},"categories":[22,370,295],"tags":[],"class_list":{"0":"post-37974","1":"post","2":"type-post","3":"status-publish","4":"format-standard","5":"has-post-thumbnail","7":"category-brasil","8":"category-inscricao","9":"category-vestibular"},"_links":{"self":[{"href":"https:\/\/migracao.redenoticia.com.br\/noticia\/wp-json\/wp\/v2\/posts\/37974","targetHints":{"allow":["GET"]}}],"collection":[{"href":"https:\/\/migracao.redenoticia.com.br\/noticia\/wp-json\/wp\/v2\/posts"}],"about":[{"href":"https:\/\/migracao.redenoticia.com.br\/noticia\/wp-json\/wp\/v2\/types\/post"}],"author":[{"embeddable":true,"href":"https:\/\/migracao.redenoticia.com.br\/noticia\/wp-json\/wp\/v2\/users\/3"}],"replies":[{"embeddable":true,"href":"https:\/\/migracao.redenoticia.com.br\/noticia\/wp-json\/wp\/v2\/comments?post=37974"}],"version-history":[{"count":0,"href":"https:\/\/migracao.redenoticia.com.br\/noticia\/wp-json\/wp\/v2\/posts\/37974\/revisions"}],"wp:featuredmedia":[{"embeddable":true,"href":"https:\/\/migracao.redenoticia.com.br\/noticia\/wp-json\/wp\/v2\/media\/34821"}],"wp:attachment":[{"href":"https:\/\/migracao.redenoticia.com.br\/noticia\/wp-json\/wp\/v2\/media?parent=37974"}],"wp:term":[{"taxonomy":"category","embeddable":true,"href":"https:\/\/migracao.redenoticia.com.br\/noticia\/wp-json\/wp\/v2\/categories?post=37974"},{"taxonomy":"post_tag","embeddable":true,"href":"https:\/\/migracao.redenoticia.com.br\/noticia\/wp-json\/wp\/v2\/tags?post=37974"}],"curies":[{"name":"wp","href":"https:\/\/api.w.org\/{rel}","templated":true}]}}