{"id":37986,"date":"2012-01-24T18:02:12","date_gmt":"2012-01-24T20:02:12","guid":{"rendered":"http:\/\/www.redenoticia.com.br\/noticia\/?p=37986"},"modified":"2012-01-24T18:02:12","modified_gmt":"2012-01-24T20:02:12","slug":"diversas-atracoes-celebram-os-458-anos-da-capital-paulista","status":"publish","type":"post","link":"https:\/\/migracao.redenoticia.com.br\/noticia\/2012\/diversas-atracoes-celebram-os-458-anos-da-capital-paulista\/37986","title":{"rendered":"Diversas atra\u00e7\u00f5es celebram os 458 anos da capital paulista"},"content":{"rendered":"<p><img loading=\"lazy\" decoding=\"async\" class=\"alignleft size-full wp-image-27918\" title=\"virada cultural sp\" src=\"https:\/\/migracao.redenoticia.com.br\/noticia\/imagens\/virada-cultural-sp-2010.jpg\" alt=\"\" width=\"300\" height=\"193\" srcset=\"https:\/\/migracao.redenoticia.com.br\/noticia\/imagens\/virada-cultural-sp-2010.jpg 300w, https:\/\/migracao.redenoticia.com.br\/noticia\/imagens\/virada-cultural-sp-2010-250x160.jpg 250w, https:\/\/migracao.redenoticia.com.br\/noticia\/imagens\/virada-cultural-sp-2010-150x96.jpg 150w\" sizes=\"auto, (max-width: 300px) 100vw, 300px\" \/>Na celebra\u00e7\u00e3o dos seus 458 anos, a <em><strong>capital paulista<\/strong><\/em> oferece aos seus moradores e visitantes shows musicais, espet\u00e1culos de teatro, de dan\u00e7a e circenses, oficinas de arte e outras <em><strong>atra\u00e7\u00f5es gratuitas<\/strong><\/em> em diferentes espa\u00e7os culturais. Confira a programa\u00e7\u00e3o especial:<\/p>\n<p>MUSEU DA CASA BRASILEIRA<br \/>\nOrquestra P\u00e3o de A\u00e7\u00facar<br \/>\nFormada por jovens alunos do Programa de Ensino dos instrumentos, aplicado no Instituto Grupo P\u00e3o de A\u00e7\u00facar nos Estados de S\u00e3o Paulo e Rio de Janeiro, a orquestra apresenta programa que inclui obras do compositor italiano Antonio Vivaldi, do alem\u00e3o Johann Sebastian Bach, e do ingl\u00eas Gustav Holst Holst, al\u00e9m de m\u00fasicas brasileiras eruditas e populares de Toquinho e cl\u00e1ssicos dos Beatles, sem esquecer da can\u00e7\u00e3o Sampa, de Caetano Veloso, em homenagem \u00e0 data.<br \/>\nQuarta-feira, 25, 11h. Entrada franca. Classifica\u00e7\u00e3o: livre<\/p>\n<p>&nbsp;<\/p>\n<p>Roteiro arquitet\u00f4nico de bicicleta<br \/>\nComemora\u00e7\u00e3o misturada com conscientiza\u00e7\u00e3o da popula\u00e7\u00e3o a apreciar mais a natureza e a pr\u00e1tica de exerc\u00edcios \u00e9 a proposta da 2\u00aa edi\u00e7\u00e3o dos roteiros de bicicleta, em parceria com o Instituto Parada Vital. O trajeto contempla resid\u00eancias de interesse arquitet\u00f4nico em S\u00e3o Paulo.<br \/>\nQuarta-feira, 25, 9h30<\/p>\n<p>&nbsp;<\/p>\n<p>Museu da Casa Brasileira<br \/>\nAv. Brigadeiro Faria Lima, 2.705 &#8211; Jardim Paulistano &#8211; S\u00e3o Paulo<br \/>\nTelefone (11) 3032-3727<\/p>\n<p>MUSEU PAULISTA DA USP<br \/>\n1\u00aa Feira do Livro do Museu Paulista<br \/>\nA institui\u00e7\u00e3o comemora o anivers\u00e1rio da cidade e os 78 anos da USP com ilumina\u00e7\u00e3o especial at\u00e9 o dia 29. Al\u00e9m das atividades educativas, no sagu\u00e3o do pal\u00e1cio haver\u00e1 a feira de livros sobre a hist\u00f3ria da capital paulista com pre\u00e7os acess\u00edveis aos visitantes.<br \/>\nAos s\u00e1bados, \u00e0s 10h, ocorre o Jogo da Encomenda, com o objetivo de estimular a descoberta das telas expostas. Aos domingos, tem o Teatro de Fantoches, \u00e0s 10h30, e a oficina Em busca do patrim\u00f4nio, \u00e0s 14h. O p\u00fablico (formado por pessoas com defici\u00eancias auditivas) participa com atividades em libras.<\/p>\n<p>&nbsp;<\/p>\n<p>Museu Paulista da USP (Museu do Ipiranga)<br \/>\nParque da Independ\u00eancia, s\/n\u00ba &#8211; Ipiranga &#8211; Telefone (11) 2065-8001<br \/>\nIngressos: R$ 6 e R$ 3 (meia-entrada) Idosos acima de 60 anos e crian\u00e7as de<br \/>\nat\u00e9 6 anos n\u00e3o pagam<br \/>\nClassifica\u00e7\u00e3o: livre. Quarta-feira, 25 At\u00e9 domingo, 29<\/p>\n<p>&nbsp;<\/p>\n<p>MUSEU DA IMAGEM E DO SOM (MIS)<br \/>\nConex\u00e3o Cultural<br \/>\nO evento inclui shows, exposi\u00e7\u00f5es e gastronomia<\/p>\n<p>&nbsp;<\/p>\n<p>Exposi\u00e7\u00f5es<\/p>\n<p>&nbsp;<\/p>\n<p>Pauliceia 458<br \/>\nSeis fot\u00f3grafos mostram de maneiras diferentes a movimenta\u00e7\u00e3o da grande, apaixonante e assustadora metr\u00f3pole paulistana. A programa\u00e7\u00e3o inclui a arte urbana ao vivo e intera\u00e7\u00e3o dos artistas Mundano, JP, Gustavo Cipriano e Celia Luz.<br \/>\nAcervo Vivo &#8211; 40 anos de cartazes brasileiros. A mostra tra\u00e7a panorama de design de cartazes, datados de 1959 a 2001, com pe\u00e7as raras e representativas da produ\u00e7\u00e3o nacional, que anunciaram filmes, espet\u00e1culos, eventos liter\u00e1rios e exposi\u00e7\u00f5es de artes visuais, e foram selecionadas entre as 3 mil que integram o acervo do MIS. Entre os designers brasileiros est\u00e3o Emilie Chamie, Guto Lacaz e Vicente Gil.<br \/>\nPiotr Kunce &#8211; O desenhista e artista gr\u00e1fico polon\u00eas exibe 85 cartazes cuja atua\u00e7\u00e3o \u00e9 manter viva essa arte. S\u00e3o trabalhos com certo toque de humor e, ao mesmo tempo, l\u00fadicos. O artista \u00e9 considerado um dos nomes mais expressivos no estilo.<br \/>\nQuarta-feira, 25, a partir das 13h<br \/>\n16h &#8211; show &#8211; O quinteto Pitanga em P\u00e9 de Amora mistura diversas influ\u00eancias musicais, unindo num mesmo show samba, frevo, jazz, choro e marchinha.<br \/>\n19h &#8211; show &#8211; 5 a Seco &#8211; Traz descontra\u00e7\u00e3o e irrever\u00eancia ao som de viol\u00e3o, guitarra, piano e percuss\u00e3o.<br \/>\nGastronomia &#8211; Os visitantes poder\u00e3o, ainda, experimentar o menu gastron\u00f4mico criado especialmente para a ocasi\u00e3o.<\/p>\n<p>&nbsp;<\/p>\n<p>Museu da Imagem e do Som &#8211; MIS<br \/>\nAv. Europa, 158 &#8211; Jardim Europa &#8211;<br \/>\nS\u00e3o Paulo<br \/>\nTelefone (11) 2117-4777<br \/>\nEntrada franca. Classifica\u00e7\u00e3o: livre<\/p>\n<p>&nbsp;<\/p>\n<p>&nbsp;<\/p>\n<p>&nbsp;<\/p>\n<p>MUSEU DA L\u00cdNGUA PORTUGUESA<\/p>\n<p>&nbsp;<\/p>\n<p>Teatro<br \/>\nO espet\u00e1culo S\u00e3o Paulo Surrealista interage com o p\u00fablico sugerindo ideias, sentimentos e reflex\u00f5es. Representantes como M\u00e1rio de Andrade, Roberto Piva, Pagu, entre outros, recebem Andr\u00e9 Breton, o criador do surrealismo, para um mergulho na capital paulista. Dire\u00e7\u00e3o do ator Marcelo Marcus Fonseca. Com a Cia. de Teatro do Inc\u00eandio.<\/p>\n<p>&nbsp;<\/p>\n<p>Museu da L\u00edngua Portuguesa<br \/>\nPra\u00e7a da Luz, s\/n\u00ba &#8211; centro &#8211; S\u00e3o Paulo<br \/>\nTelefone(11) 3326-0775<br \/>\nQuarta-feira, 25, 15h<br \/>\nEntrada franca. Classifica\u00e7\u00e3o: livre<\/p>\n<p>&nbsp;<\/p>\n<p>&nbsp;<\/p>\n<p>&nbsp;<\/p>\n<p>MUSEU AFRO BRASIL<\/p>\n<p>&nbsp;<\/p>\n<p>Exposi\u00e7\u00e3o<br \/>\nS\u00e3o Paulo 458 &#8211; A bela metr\u00f3pole que s\u00f3 o passado viu<br \/>\nA mostra traz fotografias e objetos antigos e recentes da cidade de S\u00e3o Paulo. Curadoria de Emanoel Araujo.<\/p>\n<p>&nbsp;<\/p>\n<p>Museu Afro Brasil<br \/>\nAv. Pedro \u00c1lvares Cabral, s\/n\u00ba &#8211; Parque do Ibirapuera &#8211; port\u00e3o 10 &#8211; S\u00e3o Paulo<br \/>\nTelefone (11) 3320-8900<br \/>\nQuarta-feira, 13 h<br \/>\nEntrada franca. Classifica\u00e7\u00e3o: livre<\/p>\n<p>&nbsp;<\/p>\n<p>CATAVENTO CULTURAL E EDUCACIONAL<\/p>\n<p>&nbsp;<\/p>\n<p>Teatro infantil<br \/>\nArquimedes e o Reino de Siracusa<br \/>\nA conta\u00e7\u00e3o de hist\u00f3rias mostra \u00e0 garotada a trajet\u00f3ria e inven\u00e7\u00f5es do fil\u00f3sofo e pesquisador grego Arquimedes (287 a.C. &#8211; 212 a.C.), como o Parafuso de Arquimedes, o Raio Mortal e o Teorema do Empuxo. Como recurso, ser\u00e3o realizados experimentos com a participa\u00e7\u00e3o da plateia. Com Carol Mafra, Raphael Ferreira e Leonardo Lee.<\/p>\n<p>&nbsp;<\/p>\n<p>Catavento Cultural e Educacional<br \/>\nPal\u00e1cio das Ind\u00fastrias &#8211; Parque Dom Pedro II (centro) &#8211; S\u00e3o Paulo<br \/>\nTelefone (11) 3315-0051<br \/>\nQuarta-feira, 25, \u00e0s 11h30, 13h, 14h30 e 16h<br \/>\nClassifica\u00e7\u00e3o: 7 anos<\/p>\n<p>&nbsp;<\/p>\n<p>MEMORIAL DA AM\u00c9RICA LATINA<\/p>\n<p>&nbsp;<\/p>\n<p>Um tango para S\u00e3o Paulo &#8211; Viaje al Sentimiento<br \/>\nDan\u00e7arinos das famosas milongas e shows de Buenos Aires mostram a ess\u00eancia do tango argentino em diferentes \u00e9pocas, desde o tradicional at\u00e9 o espiritualismo de Piazzola. No programa, can\u00e7\u00f5es de Carlos Gardel como El dia que me quieras, Volver, Por una cabeza (c\u00e9lebre no filme de Al Pacino) e La cumparsita; e dos boleros La Barca, Solamente uma Vez, Besame Mucho, No Se Tu e Somos, entre outros.<\/p>\n<p>&nbsp;<\/p>\n<p>Memorial da Am\u00e9rica Latina &#8211; Audit\u00f3rio Sim\u00f3n Bol\u00edvar<br \/>\nAv. Auro Soares de Moura Andrade, 664 &#8211; Barra Funda &#8211; S\u00e3o Paulo<br \/>\nTelefone (11) 3823-4600<br \/>\nQuarta-feira, 25, 20h<br \/>\nEntrada franca<br \/>\nRetirar ingresso com um dia de anteced\u00eancia, das 14h \u00e0s 19h<br \/>\nNo dia 25, a partir das 14h<br \/>\nClassifica\u00e7\u00e3o: livre<\/p>\n<p>&nbsp;<\/p>\n<p>TEATRO S\u00c9RGIO CARDOSO<\/p>\n<p>&nbsp;<\/p>\n<p>Jazz Sinf\u00f4nica<br \/>\nO concerto re\u00fane Fabiana Cozza, C\u00e9lia e Virg\u00ednia Rosa, num programa de compositores de v\u00e1rias gera\u00e7\u00f5es como Adoniran Barbosa, Trem das onze, Saudosa maloca e Tiro ao \u00c1lvaro; Toquinho, Regra tr\u00eas; Noel Rosa e Vadico, Pra que mentir e Feitio de ora\u00e7\u00e3o; entre outros. Reg\u00eancia de F\u00e1bio Prado.<\/p>\n<p>&nbsp;<\/p>\n<p>Teatro S\u00e9rgio Cardoso<br \/>\nRua Rui Barbosa, 153 &#8211; Bela Vista &#8211; S\u00e3o Paulo<br \/>\nTelefone (11) 3288-0136<br \/>\nQuarta-feira, 25, 21h<br \/>\nEntrada franca<br \/>\nIngressos distribu\u00eddos a partir das 19h<br \/>\nClassifica\u00e7\u00e3o: livre<\/p>\n<p>&nbsp;<\/p>\n<p>CASA DAS ROSAS<\/p>\n<p>&nbsp;<\/p>\n<p>Projeto Ver\u00e3o de Poesia<br \/>\nA 8\u00aa edi\u00e7\u00e3o do projeto comemora o anivers\u00e1rio da cidade com sarau tem\u00e1tico e recitais. A proposta \u00e9 levar o visitante a ouvir e a criar poesia, com declama\u00e7\u00e3o de autoria pr\u00f3pria ou de outros autores. Da programa\u00e7\u00e3o consta ainda a palestra A casa da avenida da cidade, com Carlos Fernando C. Nogueira, coordenador de preserva\u00e7\u00e3o e identidade visual da Casa das Rosas.<br \/>\nQuarta-feira, 25, 15h &#8211; palestra &#8220;A Casa da Avenida da Cidade&#8221;, com Carlos Fernando C. Nogueira<br \/>\n16h &#8211; Sarau &#8211; Paix\u00e3o por S\u00e3o Paulo, organizado por Reynaldo Damazio.<br \/>\n18h &#8211; Recital Signicidade, de Frederico Barbosa, a partir de poemas de seu livro, que lan\u00e7a um olhar cr\u00edtico e po\u00e9tico sobre as cidades. Ainda, show do grupo Sert\u00e3o Trio, formado pelos alunos do Laborat\u00f3rio de M\u00fasica de C\u00e2mara, do Departamento de M\u00fasica da USP, Bruno de Souza Sanches (viola brasileira), Giovanni Matarazzo (viol\u00e3o e viola brasileira) e Bruno Menegatti (rabeca e sanfona).<br \/>\n20h &#8211; Sarau Sampoemas, com o tema S\u00e3o Paulo e lan\u00e7amento do Mapa da Poesia 2011 (com Frederico Barbosa e Pez\u00e3o).<\/p>\n<p>&nbsp;<\/p>\n<p>Casa das Rosas &#8211; Espa\u00e7o Haroldo de Campos de Poesia e Literatura<br \/>\nAv. Paulista, 37 &#8211; Bela Vista &#8211; (Esta\u00e7\u00e3o Brigadeiro do Metr\u00f4) &#8211; S\u00e3o Paulo<br \/>\nTelefone (11) 3285-6986<br \/>\nEntrada franca. Classifica\u00e7\u00e3o: livre<\/p>\n<p>Shows<\/p>\n<p>&nbsp;<\/p>\n<p>PARQUE DA JUVENTUDE<br \/>\nAtividades de educa\u00e7\u00e3o ambiental do Projeto Planeta no Parque, como ioga, caminhada na trilha por dentro da \u00e1rea de Mata Atl\u00e2ntica, oficinas para crian\u00e7as e adolescentes, entre outras. \u00c0 noite, show com a apresenta\u00e7\u00e3o da banda de rock nacional Os Paralamas do Sucesso, al\u00e9m de cantar, relatam ao p\u00fablico a import\u00e2ncia da sustentabilidade e a quest\u00e3o do consumo da energia.<\/p>\n<p>&nbsp;<\/p>\n<p>Parque da Juventude<br \/>\nAv. Zaki Narchi, 1.309 &#8211; Santana &#8211; zona norte &#8211; S\u00e3o Paulo<br \/>\nQuarta-feira, 25, 18h<br \/>\nTelefone (11) 2251-2706<br \/>\nEntrada franca. Classifica\u00e7\u00e3o: livre<\/p>\n<p>PARQUE ECOL\u00d3GICO DO TIET\u00ca<br \/>\nSamba paulistano<br \/>\n11h &#8211; Apresenta\u00e7\u00f5es da Velha Guarda da Camisa Verde e Branco, Bateria da Mocidade Alegre, Velha Guarda da Nen\u00ea, Rua do Samba, Samba da Laje, Comunidade Maria Curse, Samba da Tenda, Samba de Rainha e Jair Rodrigues. Durante a tarde, a percuss\u00e3o d\u00e1 lugar aos instrumentos de sopro e \u00e0 guitarra.<br \/>\n16h &#8211; Banda Sinf\u00f4nica do Estado de S\u00e3o Paulo apresenta o Rock Brasileiro e, ao lado de Kid Vinil, conta a hist\u00f3ria do g\u00eanero no Pa\u00eds.<\/p>\n<p>&nbsp;<\/p>\n<p>Parque Ecol\u00f3gico do Tiet\u00ea<br \/>\nAv. Dr. Assis Ribeiro, 3.000 &#8211; Canga\u00edba &#8211; zona leste &#8211; S\u00e3o Paulo<br \/>\nTelefone (11) 2958-1477<br \/>\nSegunda-feira a domingo, das 8h \u00e0s 17h<br \/>\nEntrada franca. Classifica\u00e7\u00e3o: livre<\/p>\n<p>PARQUE VILLA LOBOS<br \/>\n11h &#8211; apresenta\u00e7\u00e3o dos cantores paulistanos Mariana Aydar, Ti\u00ea e Ana Ca\u00f1as e 5 a Seco<br \/>\n13h &#8211; O p\u00fablico assiste hip hop e o samba rock produzidos na capital com Os Opallas, Max B.O., Dexter, Negra Li e Paula Lima.<\/p>\n<p>&nbsp;<\/p>\n<p>Parque Villa Lobos<br \/>\nAv. Prof. Fonseca Rodrigues, 2.001 &#8211; Alto de Pinheiros &#8211; S\u00e3o Paulo<br \/>\nTelefone (11) 3023-0316<br \/>\nEntrada franca. Classifica\u00e7\u00e3o: livre<\/p>\n<p>&nbsp;<\/p>\n<p>HORTO FLORESTAL<br \/>\n12h &#8211; Flautarias (m\u00fasica Instrumental)<br \/>\n14h &#8211; Olhar Urbano &#8211; Cia Artes\u00f5es do Corpo (interven\u00e7\u00e3o)<br \/>\n15h &#8211; Reprise La M\u00ednima (circo)<br \/>\nEndere\u00e7o: Rua do Horto, 931. Bairro do Horto Florestal<\/p>\n<p>&nbsp;<\/p>\n<p>PARQUE ECOL\u00d3GICO DO GUARAPIRANGA<br \/>\n12h &#8211; Duo Saraiva-Murray (m\u00fasica Instrumental)<br \/>\n14h &#8211; Fazer um Livro (oficina)<br \/>\n15h &#8211; Arrast\u00e3o Musical &#8211; Batunt\u00e3 (teatro)<br \/>\nEndere\u00e7o: Estrada da Riviera, 3286, Bairro da Riviera Paulista<\/p>\n<p>&nbsp;<\/p>\n<p>ZOOL\u00d3GICO<br \/>\n11h &#8211; Se chove n\u00e3o molha &#8211; Circo Vox (circo)<br \/>\nEndere\u00e7o: Avenida Miguel St\u00e9fano, 4241, \u00c1gua Funda<\/p>\n<p>&nbsp;<\/p>\n<p>BIBLIOTECA DE S\u00c3O PAULO<br \/>\nBate-papo e m\u00fasica popular<br \/>\nCantos da Pauliceia: Registro da cidade pelas vias de seu samba<br \/>\nO p\u00fablico pode participar do bate-papo dos m\u00fasicos Clayton Sanches e Paulo Allan sobre a cidade de ontem, de hoje e de sempre, retratada nas letras de seus sambistas.<\/p>\n<p>&nbsp;<\/p>\n<p>Biblioteca de S\u00e3o Paulo<br \/>\nAv. Cruzeiro do Sul, 2.630 &#8211; Santana (ao lado da Esta\u00e7\u00e3o Carandiru do Metr\u00f4) -S\u00e3o Paulo<br \/>\nTelefone (11) 2089-0800<br \/>\nQuarta-feira, 25, 16h<br \/>\nEntrada franca<br \/>\nClassifica\u00e7\u00e3o: livre<\/p>\n<p>&nbsp;<\/p>\n<p>CASA GUILHERME DE ALMEIDA<br \/>\nDas 14h \u00e0s 17h, a Casa Guilherme de Almeida realiza a oficina &#8220;S\u00e3o Paulo e a Casa da Colina&#8221;, com a arte-educadora Alexandra Rocha, enfocando a paisagem urbana e o desenvolvimento da cidade a partir de textos de Guilherme de Almeida. Das 17h \u00e0s 18h, haver\u00e1 a palestra com a artista pl\u00e1stica e mestre em hist\u00f3ria In\u00eas Coutinho, sobre a Comiss\u00e3o dos Festejos do IV Centen\u00e1rio da Cidade, presidida por Guilherme de Almeida.<\/p>\n<p>&nbsp;<\/p>\n<p>Casa Guilherme de Almeida<br \/>\nRua Macap\u00e1, 187, Perdizes<br \/>\n14h (oficina) e 17h (palestra)<br \/>\nFone: (11) 3672-1391<br \/>\nEntrada franca<\/p>\n<p>&nbsp;<\/p>\n<p>Do Portal do Governo do Estado<\/p>\n","protected":false},"excerpt":{"rendered":"<p>Na celebra\u00e7\u00e3o dos seus 458 anos, a capital paulista oferece aos seus moradores e visitantes shows musicais, espet\u00e1culos de teatro, de dan\u00e7a e circenses, oficinas de arte e outras atra\u00e7\u00f5es gratuitas em diferentes espa\u00e7os culturais. Confira a programa\u00e7\u00e3o especial: MUSEU DA CASA BRASILEIRA Orquestra P\u00e3o de A\u00e7\u00facar Formada por jovens alunos do Programa de Ensino [&hellip;]<\/p>\n","protected":false},"author":3,"featured_media":27918,"comment_status":"open","ping_status":"closed","sticky":false,"template":"","format":"standard","meta":{"tdm_status":"","tdm_grid_status":"","footnotes":""},"categories":[22],"tags":[],"class_list":{"0":"post-37986","1":"post","2":"type-post","3":"status-publish","4":"format-standard","5":"has-post-thumbnail","7":"category-brasil"},"_links":{"self":[{"href":"https:\/\/migracao.redenoticia.com.br\/noticia\/wp-json\/wp\/v2\/posts\/37986","targetHints":{"allow":["GET"]}}],"collection":[{"href":"https:\/\/migracao.redenoticia.com.br\/noticia\/wp-json\/wp\/v2\/posts"}],"about":[{"href":"https:\/\/migracao.redenoticia.com.br\/noticia\/wp-json\/wp\/v2\/types\/post"}],"author":[{"embeddable":true,"href":"https:\/\/migracao.redenoticia.com.br\/noticia\/wp-json\/wp\/v2\/users\/3"}],"replies":[{"embeddable":true,"href":"https:\/\/migracao.redenoticia.com.br\/noticia\/wp-json\/wp\/v2\/comments?post=37986"}],"version-history":[{"count":0,"href":"https:\/\/migracao.redenoticia.com.br\/noticia\/wp-json\/wp\/v2\/posts\/37986\/revisions"}],"wp:featuredmedia":[{"embeddable":true,"href":"https:\/\/migracao.redenoticia.com.br\/noticia\/wp-json\/wp\/v2\/media\/27918"}],"wp:attachment":[{"href":"https:\/\/migracao.redenoticia.com.br\/noticia\/wp-json\/wp\/v2\/media?parent=37986"}],"wp:term":[{"taxonomy":"category","embeddable":true,"href":"https:\/\/migracao.redenoticia.com.br\/noticia\/wp-json\/wp\/v2\/categories?post=37986"},{"taxonomy":"post_tag","embeddable":true,"href":"https:\/\/migracao.redenoticia.com.br\/noticia\/wp-json\/wp\/v2\/tags?post=37986"}],"curies":[{"name":"wp","href":"https:\/\/api.w.org\/{rel}","templated":true}]}}