{"id":37992,"date":"2012-01-25T15:44:44","date_gmt":"2012-01-25T17:44:44","guid":{"rendered":"http:\/\/www.redenoticia.com.br\/noticia\/?p=37992"},"modified":"2012-01-25T15:44:44","modified_gmt":"2012-01-25T17:44:44","slug":"enem-sera-aprimorado-para-minimizar-erros","status":"publish","type":"post","link":"https:\/\/migracao.redenoticia.com.br\/noticia\/2012\/enem-sera-aprimorado-para-minimizar-erros\/37992","title":{"rendered":"Enem ser\u00e1 aprimorado para &#8220;minimizar erros&#8221;"},"content":{"rendered":"<p><img loading=\"lazy\" decoding=\"async\" class=\"alignleft size-full wp-image-36938\" title=\"enem gabarito resultado\" src=\"https:\/\/migracao.redenoticia.com.br\/noticia\/imagens\/enem-gabarito-resultado.jpg\" alt=\"\" width=\"300\" height=\"193\" srcset=\"https:\/\/migracao.redenoticia.com.br\/noticia\/imagens\/enem-gabarito-resultado.jpg 300w, https:\/\/migracao.redenoticia.com.br\/noticia\/imagens\/enem-gabarito-resultado-250x161.jpg 250w, https:\/\/migracao.redenoticia.com.br\/noticia\/imagens\/enem-gabarito-resultado-150x97.jpg 150w\" sizes=\"auto, (max-width: 300px) 100vw, 300px\" \/>Bras\u00edlia \u2013 O novo ministro da Educa\u00e7\u00e3o, Aloizio Mercadante, defendeu a import\u00e2ncia do Exame Nacional do Ensino M\u00e9dio (<em><strong>Enem<\/strong><\/em>) e disse que ir\u00e1 consultar os reitores das universidades p\u00fablicas e institutos federais para determinar quais pontos da prova precisam ser melhorados. Durante a cerim\u00f4nia de transmiss\u00e3o de cargo ele disse que o Enem \u00e9 um instrumento \u201crepublicano e democr\u00e1tico\u201d para garantir oportunidades de acesso dos estudantes ao ensino superior.<\/p>\n<p>\u201c\u00c9 preciso reconhecer que h\u00e1 um tensionamento em rela\u00e7\u00e3o ao Enem j\u00e1 que o exame se tornou classificat\u00f3rio. Temos que preservar e consolidar esse mecanismo que em perspectiva \u00e9 muito mais democr\u00e1tico do que a antiga prolifera\u00e7\u00e3o de vestibulares\u201d, disse.<\/p>\n<p>Mercadante n\u00e3o quis comentar a nova decis\u00e3o da Justi\u00e7a que n\u00e3o obriga mais o Minist\u00e9rio da Educa\u00e7\u00e3o (MEC) a oferecer o acesso de todos os participantes do Enem 2011 \u00e0 corre\u00e7\u00e3o das suas respectivas provas de reda\u00e7\u00e3o. Essa foi a principal justificativa apresentada pelo agora ex-ministro Fernando Haddad para cancelar a edi\u00e7\u00e3o extra do exame que seria aplicada em abril. Mercadante disse que precisa se reunir com a equipe do Inep e n\u00e3o quis responder se o MEC pode voltar atr\u00e1s na decis\u00e3o diante do novo posicionamento da Justi\u00e7a.<\/p>\n<p>\u201cO Enem \u00e9 um instrumento democr\u00e1tico. N\u00f3s n\u00e3o temos que voltar \u00e0quela ind\u00fastria de vestibulares que n\u00f3s t\u00ednhamos anteriormente porque se n\u00e3o tivermos Enem eu n\u00e3o classifico os alunos para o ProUni [Programa Universidade para Todos], n\u00e3o classifico para as vagas das universidades federais e nem para o Ci\u00eancias sem Fronteira. N\u00f3s queremos aprimorar esse instrumentos por isso eu vou ouvir todos os especialistas, os reitores, vou conversar com o Inep [Instituto Nacional de Estudos e Pesquisas Educacionais] para a gente construir um caminho bem pensado, bem s\u00f3lido e que minimize a possibilidade de erro\u201d.<\/p>\n<p>Mercadante tamb\u00e9m n\u00e3o quis anunciar se haver\u00e1 mudan\u00e7as de comando no Inep, autarquia do MEC que \u00e9 respons\u00e1vel pelo Enem.<\/p>\n<p>Amanda Cieglinski<br \/>\nRep\u00f3rter da Ag\u00eancia Brasil<\/p>\n<p>Edi\u00e7\u00e3o: Rivadavia Severo<\/p>\n","protected":false},"excerpt":{"rendered":"<p>Bras\u00edlia \u2013 O novo ministro da Educa\u00e7\u00e3o, Aloizio Mercadante, defendeu a import\u00e2ncia do Exame Nacional do Ensino M\u00e9dio (Enem) e disse que ir\u00e1 consultar os reitores das universidades p\u00fablicas e institutos federais para determinar quais pontos da prova precisam ser melhorados. Durante a cerim\u00f4nia de transmiss\u00e3o de cargo ele disse que o Enem \u00e9 um [&hellip;]<\/p>\n","protected":false},"author":3,"featured_media":36938,"comment_status":"open","ping_status":"closed","sticky":false,"template":"","format":"standard","meta":{"tdm_status":"","tdm_grid_status":"","footnotes":""},"categories":[22,370,295],"tags":[],"class_list":{"0":"post-37992","1":"post","2":"type-post","3":"status-publish","4":"format-standard","5":"has-post-thumbnail","7":"category-brasil","8":"category-inscricao","9":"category-vestibular"},"_links":{"self":[{"href":"https:\/\/migracao.redenoticia.com.br\/noticia\/wp-json\/wp\/v2\/posts\/37992","targetHints":{"allow":["GET"]}}],"collection":[{"href":"https:\/\/migracao.redenoticia.com.br\/noticia\/wp-json\/wp\/v2\/posts"}],"about":[{"href":"https:\/\/migracao.redenoticia.com.br\/noticia\/wp-json\/wp\/v2\/types\/post"}],"author":[{"embeddable":true,"href":"https:\/\/migracao.redenoticia.com.br\/noticia\/wp-json\/wp\/v2\/users\/3"}],"replies":[{"embeddable":true,"href":"https:\/\/migracao.redenoticia.com.br\/noticia\/wp-json\/wp\/v2\/comments?post=37992"}],"version-history":[{"count":0,"href":"https:\/\/migracao.redenoticia.com.br\/noticia\/wp-json\/wp\/v2\/posts\/37992\/revisions"}],"wp:featuredmedia":[{"embeddable":true,"href":"https:\/\/migracao.redenoticia.com.br\/noticia\/wp-json\/wp\/v2\/media\/36938"}],"wp:attachment":[{"href":"https:\/\/migracao.redenoticia.com.br\/noticia\/wp-json\/wp\/v2\/media?parent=37992"}],"wp:term":[{"taxonomy":"category","embeddable":true,"href":"https:\/\/migracao.redenoticia.com.br\/noticia\/wp-json\/wp\/v2\/categories?post=37992"},{"taxonomy":"post_tag","embeddable":true,"href":"https:\/\/migracao.redenoticia.com.br\/noticia\/wp-json\/wp\/v2\/tags?post=37992"}],"curies":[{"name":"wp","href":"https:\/\/api.w.org\/{rel}","templated":true}]}}