{"id":38015,"date":"2012-01-26T18:49:59","date_gmt":"2012-01-26T20:49:59","guid":{"rendered":"http:\/\/www.redenoticia.com.br\/noticia\/?p=38015"},"modified":"2012-01-26T18:53:54","modified_gmt":"2012-01-26T20:53:54","slug":"comunidade-redenoticia","status":"publish","type":"post","link":"https:\/\/migracao.redenoticia.com.br\/noticia\/2012\/comunidade-redenoticia\/38015","title":{"rendered":"Comunidade RedeNoticia"},"content":{"rendered":"<p><img loading=\"lazy\" decoding=\"async\" class=\"alignleft size-full wp-image-38016\" title=\"img comunidade redenoticia\" src=\"https:\/\/migracao.redenoticia.com.br\/noticia\/imagens\/img-comunidade-redenoticia.jpg\" alt=\"\" width=\"300\" height=\"193\" srcset=\"https:\/\/migracao.redenoticia.com.br\/noticia\/imagens\/img-comunidade-redenoticia.jpg 300w, https:\/\/migracao.redenoticia.com.br\/noticia\/imagens\/img-comunidade-redenoticia-250x161.jpg 250w, https:\/\/migracao.redenoticia.com.br\/noticia\/imagens\/img-comunidade-redenoticia-150x97.jpg 150w\" sizes=\"auto, (max-width: 300px) 100vw, 300px\" \/>Comunidade RedeNoticia &#8211; a rede social <em><strong>Comunidade RedeNoticia<\/strong><\/em> foi lan\u00e7ada para quem gosta de ler e comentar as not\u00edcias da televis\u00e3o e novelas. Os membros da <a href=\"http:\/\/comunidade.redenoticia.com.br\/\">comunidade RedeNoticia<\/a> podem participar das discuss\u00f5es, receber notifica\u00e7\u00f5es de eventos, encontrar e conectar-se com os colegas.<\/p>\n<p>Para participar basta se cadastrar. O ingresso independe de aprova\u00e7\u00e3o pr\u00e9via. Terminado o cadastro, que \u00e9 b\u00e1sico, o membro tem acesso a todos os recursos de uma rede social. As d\u00favidas s\u00e3o respondidas pelos administradores.<\/p>\n<p>Na Comunidade RedeNoticia o membro pode comentar, opinar e discutir os assuntos da sua novela ou programa de TV preferido, publicar v\u00eddeos do Youtube, fotos, links de not\u00edcias de interesse do grupo, criar o seu blog, conversar com os amigos em uma sala de bate papo e mandar mensagens privadas para estes amigos. Para ter acesso a tudo \u00e9 necess\u00e1rio apenas criar um perfil.<\/p>\n<p>O membro da comunidade RedeNot\u00edcia tamb\u00e9m pode criar gratuitamente o seu pr\u00f3prio blog personalizado, para publicar not\u00edcias, inserir links de outras p\u00e1gina da internet, fotos, v\u00eddeos&#8230; e mostrar para seus amigos e amigas as novidades sobre os artistas, novelas e programas preferidos.<\/p>\n<p>Visite a <a href=\"http:\/\/comunidade.redenoticia.com.br\/\" target=\"_blank\">comunidade RedeNot\u00edcia<\/a>, procure seus amigos, cadastre-se e participe desta rede.<\/p>\n","protected":false},"excerpt":{"rendered":"<p>Comunidade RedeNoticia &#8211; a rede social Comunidade RedeNoticia foi lan\u00e7ada para quem gosta de ler e comentar as not\u00edcias da televis\u00e3o e novelas. Os membros da comunidade RedeNoticia podem participar das discuss\u00f5es, receber notifica\u00e7\u00f5es de eventos, encontrar e conectar-se com os colegas. Para participar basta se cadastrar. O ingresso independe de aprova\u00e7\u00e3o pr\u00e9via. Terminado o [&hellip;]<\/p>\n","protected":false},"author":3,"featured_media":0,"comment_status":"open","ping_status":"closed","sticky":false,"template":"","format":"standard","meta":{"tdm_status":"","tdm_grid_status":"","footnotes":""},"categories":[22,379,343],"tags":[],"class_list":{"0":"post-38015","1":"post","2":"type-post","3":"status-publish","4":"format-standard","6":"category-brasil","7":"category-novelas","8":"category-televisao"},"_links":{"self":[{"href":"https:\/\/migracao.redenoticia.com.br\/noticia\/wp-json\/wp\/v2\/posts\/38015","targetHints":{"allow":["GET"]}}],"collection":[{"href":"https:\/\/migracao.redenoticia.com.br\/noticia\/wp-json\/wp\/v2\/posts"}],"about":[{"href":"https:\/\/migracao.redenoticia.com.br\/noticia\/wp-json\/wp\/v2\/types\/post"}],"author":[{"embeddable":true,"href":"https:\/\/migracao.redenoticia.com.br\/noticia\/wp-json\/wp\/v2\/users\/3"}],"replies":[{"embeddable":true,"href":"https:\/\/migracao.redenoticia.com.br\/noticia\/wp-json\/wp\/v2\/comments?post=38015"}],"version-history":[{"count":0,"href":"https:\/\/migracao.redenoticia.com.br\/noticia\/wp-json\/wp\/v2\/posts\/38015\/revisions"}],"wp:attachment":[{"href":"https:\/\/migracao.redenoticia.com.br\/noticia\/wp-json\/wp\/v2\/media?parent=38015"}],"wp:term":[{"taxonomy":"category","embeddable":true,"href":"https:\/\/migracao.redenoticia.com.br\/noticia\/wp-json\/wp\/v2\/categories?post=38015"},{"taxonomy":"post_tag","embeddable":true,"href":"https:\/\/migracao.redenoticia.com.br\/noticia\/wp-json\/wp\/v2\/tags?post=38015"}],"curies":[{"name":"wp","href":"https:\/\/api.w.org\/{rel}","templated":true}]}}