{"id":38089,"date":"2012-02-02T17:35:23","date_gmt":"2012-02-02T19:35:23","guid":{"rendered":"http:\/\/www.redenoticia.com.br\/noticia\/?p=38089"},"modified":"2012-02-02T17:35:23","modified_gmt":"2012-02-02T19:35:23","slug":"prouni-cobranca-de-encargos-educacionais","status":"publish","type":"post","link":"https:\/\/migracao.redenoticia.com.br\/noticia\/2012\/prouni-cobranca-de-encargos-educacionais\/38089","title":{"rendered":"ProUni &#8211; cobran\u00e7a de encargos educacionais"},"content":{"rendered":"<p><img loading=\"lazy\" decoding=\"async\" class=\"alignleft size-full wp-image-23011\" title=\"prouni resultado inscricao\" src=\"https:\/\/migracao.redenoticia.com.br\/noticia\/imagens\/prouni-inscricao.jpg\" alt=\"\" width=\"300\" height=\"193\" srcset=\"https:\/\/migracao.redenoticia.com.br\/noticia\/imagens\/prouni-inscricao.jpg 300w, https:\/\/migracao.redenoticia.com.br\/noticia\/imagens\/prouni-inscricao-250x160.jpg 250w, https:\/\/migracao.redenoticia.com.br\/noticia\/imagens\/prouni-inscricao-150x96.jpg 150w\" sizes=\"auto, (max-width: 300px) 100vw, 300px\" \/>Bras\u00edlia &#8211; Todas as universidades que aderiram ao Programa Universidade para Todos (<em><strong>Prouni<\/strong><\/em>) e ao Fundo de Financiamento Estudantil (Fies) ter\u00e3o que divulgar aos alunos, em comunicados fixados em locais de grande circula\u00e7\u00e3o de estudantes, os valores dos encargos mensais para cada curso e turno. A determina\u00e7\u00e3o est\u00e1 em portaria publicada na edi\u00e7\u00e3o de hoje (2) do Di\u00e1rio Oficial da Uni\u00e3o.<\/p>\n<p>As informa\u00e7\u00f5es dever\u00e3o constar tamb\u00e9m no site da institui\u00e7\u00e3o de ensino superior, que dever\u00e1 prestar contas de todos os descontos regulares e de car\u00e1ter coletivo oferecidos, inclusive os concedidos a t\u00edtulo de pontualidade ou antecipa\u00e7\u00e3o do pagamento das mensalidades.<\/p>\n<p>O comunicado ter\u00e1 de informar ainda o teor dessa portaria, o n\u00famero da Central de Atendimento do MEC (telefone 0800 616161), al\u00e9m dos meios eletr\u00f4nicos que podem ser consultados pelos alunos.<\/p>\n<p>De acordo com a portaria, ser\u00e1 considerado pagamento pontual aquele feito pelo estudante at\u00e9 o \u00faltimo dia do m\u00eas fixado pela institui\u00e7\u00e3o de ensino superior, inclusive para pagamento com descontos regulares e de car\u00e1ter coletivo. Todos os alunos dever\u00e3o ser igualmente regidos pelas normas e regulamentos internos da institui\u00e7\u00e3o de ensino, vedado o tratamento discriminat\u00f3rio entre alunos pagantes e benefici\u00e1rios do Prouni ou do Fies, inclusive quanto \u00e0 concess\u00e3o de bolsas de m\u00e9rito acad\u00eamico, est\u00e1gios e desconto pontualidade.<\/p>\n<p>Quem n\u00e3o cumprir a determina\u00e7\u00e3o estar\u00e1 sujeito \u00e0 instaura\u00e7\u00e3o de processo administrativo, que poder\u00e1 incluir a desvincula\u00e7\u00e3o do ProUni e a impossibilidade de ades\u00e3o ao Fies por at\u00e9 tr\u00eas processos seletivos consecutivos.<\/p>\n<p>Edi\u00e7\u00e3o: Juliana Andrade<\/p>\n","protected":false},"excerpt":{"rendered":"<p>Bras\u00edlia &#8211; Todas as universidades que aderiram ao Programa Universidade para Todos (Prouni) e ao Fundo de Financiamento Estudantil (Fies) ter\u00e3o que divulgar aos alunos, em comunicados fixados em locais de grande circula\u00e7\u00e3o de estudantes, os valores dos encargos mensais para cada curso e turno. A determina\u00e7\u00e3o est\u00e1 em portaria publicada na edi\u00e7\u00e3o de hoje [&hellip;]<\/p>\n","protected":false},"author":3,"featured_media":23011,"comment_status":"open","ping_status":"closed","sticky":false,"template":"","format":"standard","meta":{"tdm_status":"","tdm_grid_status":"","footnotes":""},"categories":[22,370,295],"tags":[],"class_list":{"0":"post-38089","1":"post","2":"type-post","3":"status-publish","4":"format-standard","5":"has-post-thumbnail","7":"category-brasil","8":"category-inscricao","9":"category-vestibular"},"_links":{"self":[{"href":"https:\/\/migracao.redenoticia.com.br\/noticia\/wp-json\/wp\/v2\/posts\/38089","targetHints":{"allow":["GET"]}}],"collection":[{"href":"https:\/\/migracao.redenoticia.com.br\/noticia\/wp-json\/wp\/v2\/posts"}],"about":[{"href":"https:\/\/migracao.redenoticia.com.br\/noticia\/wp-json\/wp\/v2\/types\/post"}],"author":[{"embeddable":true,"href":"https:\/\/migracao.redenoticia.com.br\/noticia\/wp-json\/wp\/v2\/users\/3"}],"replies":[{"embeddable":true,"href":"https:\/\/migracao.redenoticia.com.br\/noticia\/wp-json\/wp\/v2\/comments?post=38089"}],"version-history":[{"count":0,"href":"https:\/\/migracao.redenoticia.com.br\/noticia\/wp-json\/wp\/v2\/posts\/38089\/revisions"}],"wp:featuredmedia":[{"embeddable":true,"href":"https:\/\/migracao.redenoticia.com.br\/noticia\/wp-json\/wp\/v2\/media\/23011"}],"wp:attachment":[{"href":"https:\/\/migracao.redenoticia.com.br\/noticia\/wp-json\/wp\/v2\/media?parent=38089"}],"wp:term":[{"taxonomy":"category","embeddable":true,"href":"https:\/\/migracao.redenoticia.com.br\/noticia\/wp-json\/wp\/v2\/categories?post=38089"},{"taxonomy":"post_tag","embeddable":true,"href":"https:\/\/migracao.redenoticia.com.br\/noticia\/wp-json\/wp\/v2\/tags?post=38089"}],"curies":[{"name":"wp","href":"https:\/\/api.w.org\/{rel}","templated":true}]}}