{"id":3809,"date":"2009-06-25T19:10:15","date_gmt":"2009-06-25T23:10:15","guid":{"rendered":"http:\/\/www.redenoticia.com.br\/noticia\/?p=3809"},"modified":"2009-06-25T19:10:15","modified_gmt":"2009-06-25T23:10:15","slug":"empresario-contesta-campanha-o-saco-e-um-saco","status":"publish","type":"post","link":"https:\/\/migracao.redenoticia.com.br\/noticia\/2009\/empresario-contesta-campanha-o-saco-e-um-saco\/3809","title":{"rendered":"Empres\u00e1rio contesta campanha &#8220;O saco \u00e9 um saco&#8221;"},"content":{"rendered":"<p>Engano: o saco n\u00e3o \u00e9 um saco. O oportunismo \u00e9 que \u00e9 um saco! Na \u00faltima ter\u00e7a-feira, dia 23, assistimos a mais uma a\u00e7\u00e3o devastadora contra o nosso setor. O Minist\u00e9rio do Meio Ambiente (MMA) garantiu total apoio \u00e0 campanha &#8220;O saco \u00e9 um saco&#8221;. A campanha ser\u00e1 veiculada durante seis meses na televis\u00e3o, revistas e outros meios de comunica\u00e7\u00e3o com o objetivo de estimular donas de casa, jovens e moradores de grandes cidades a N\u00c3O utilizarem sacolas pl\u00e1sticas.<\/p>\n<p>O que a campanha esquece de ressaltar \u00e9 que antes de proibir \u00e9 preciso ensinar. O an\u00fancio come\u00e7a mostrando um consumidor jogando um saco pl\u00e1stico pela janela de um \u00f4nibus&#8230;. Ser\u00e1 que o problema \u00e9 a sacola ou a falta de educa\u00e7\u00e3o???<\/p>\n<p>Como digo e j\u00e1 n\u00e3o \u00e9 de agora, os sacos pl\u00e1sticos n\u00e3o t\u00eam pernas, n\u00e3o t\u00eam asas e n\u00e3o t\u00eam nadadeiras. Se eles est\u00e3o em lugar inadequado \u00e9 por um erro humano. Na verdade eles s\u00e3o at\u00f3xicos e, ao contr\u00e1rio do que a campanha prega, t\u00eam um balan\u00e7o positivo de sustentabilidade, uma vez que s\u00e3o amplamente utilizados como sacos de lixo. O que \u00e9 melhor: reutilizar uma sacolinha de supermercado para colocar lixo ou jogar o lixo e a pr\u00f3pria sacola a c\u00e9u aberto?<\/p>\n<p>O outro aspecto que n\u00f3s, empres\u00e1rios do setor, temos que ressaltar \u00e9 que hoje a sacola pl\u00e1stica possibilita o acesso de pessoas mais carentes aos alimentos. A popula\u00e7\u00e3o que vive longe dos centros urbanos, costuma usar as sacolas para transportar os alimentos at\u00e9 suas casas. Al\u00e9m disso, se tiverem que comprar os sacos de lixo &#8211; j\u00e1 que n\u00e3o contar\u00e3o mais com as sacolinhas do supermercado para tal finalidade &#8211; elas deixar\u00e3o de comprar feij\u00e3o, arroz, frango, biscoitos, etc? A resposta \u00e9 n\u00e3o! Elas jogar\u00e3o o seu lixo a c\u00e9u aberto ou, no m\u00e1ximo, usar\u00e3o sacos de papel, jornais diversos para embalar seus res\u00edduos dom\u00e9sticos, que tamb\u00e9m, por a\u00e7\u00e3o da umidade, se romper\u00e3o, espalhando lixo pelas ruas, rios e c\u00f3rregos, e contaminando at\u00e9 matas ciliares.<\/p>\n<p>Ou seja, retrocederemos muito em termos de preserva\u00e7\u00e3o ambiental. Por outro lado o varejo que est\u00e1 por tr\u00e1s da campanha tem suas marcas pr\u00f3prias de arroz, feij\u00e3o e outros produtos de consumo popular embaladas justamente em sacos pl\u00e1sticos. Que interessante os dois pesos e as duas medidas. E logo para prejudicar o consumidor que menos pode.<\/p>\n<p>Foi inaugurada com esta propaganda a fase do proselitismo ambiental oportunista. O saco pl\u00e1stico n\u00e3o \u00e9 um saco; o OPORTUNISMO \u00e9 um saco. E cabe a n\u00f3s, da ABIEF, mostrar isso para o governo e para a opini\u00e3o p\u00fablica.<\/p>\n","protected":false},"excerpt":{"rendered":"<p>Engano: o saco n\u00e3o \u00e9 um saco. O oportunismo \u00e9 que \u00e9 um saco! Na \u00faltima ter\u00e7a-feira, dia 23, assistimos a mais uma a\u00e7\u00e3o devastadora contra o nosso setor. O Minist\u00e9rio do Meio Ambiente (MMA) garantiu total apoio \u00e0 campanha &#8220;O saco \u00e9 um saco&#8221;. A campanha ser\u00e1 veiculada durante seis meses na televis\u00e3o, revistas [&hellip;]<\/p>\n","protected":false},"author":3,"featured_media":0,"comment_status":"open","ping_status":"open","sticky":false,"template":"","format":"standard","meta":{"tdm_status":"","tdm_grid_status":"","footnotes":""},"categories":[22,7],"tags":[],"class_list":{"0":"post-3809","1":"post","2":"type-post","3":"status-publish","4":"format-standard","6":"category-brasil","7":"category-economia"},"_links":{"self":[{"href":"https:\/\/migracao.redenoticia.com.br\/noticia\/wp-json\/wp\/v2\/posts\/3809","targetHints":{"allow":["GET"]}}],"collection":[{"href":"https:\/\/migracao.redenoticia.com.br\/noticia\/wp-json\/wp\/v2\/posts"}],"about":[{"href":"https:\/\/migracao.redenoticia.com.br\/noticia\/wp-json\/wp\/v2\/types\/post"}],"author":[{"embeddable":true,"href":"https:\/\/migracao.redenoticia.com.br\/noticia\/wp-json\/wp\/v2\/users\/3"}],"replies":[{"embeddable":true,"href":"https:\/\/migracao.redenoticia.com.br\/noticia\/wp-json\/wp\/v2\/comments?post=3809"}],"version-history":[{"count":0,"href":"https:\/\/migracao.redenoticia.com.br\/noticia\/wp-json\/wp\/v2\/posts\/3809\/revisions"}],"wp:attachment":[{"href":"https:\/\/migracao.redenoticia.com.br\/noticia\/wp-json\/wp\/v2\/media?parent=3809"}],"wp:term":[{"taxonomy":"category","embeddable":true,"href":"https:\/\/migracao.redenoticia.com.br\/noticia\/wp-json\/wp\/v2\/categories?post=3809"},{"taxonomy":"post_tag","embeddable":true,"href":"https:\/\/migracao.redenoticia.com.br\/noticia\/wp-json\/wp\/v2\/tags?post=3809"}],"curies":[{"name":"wp","href":"https:\/\/api.w.org\/{rel}","templated":true}]}}