{"id":38097,"date":"2012-02-03T14:43:37","date_gmt":"2012-02-03T16:43:37","guid":{"rendered":"http:\/\/www.redenoticia.com.br\/noticia\/?p=38097"},"modified":"2012-02-03T14:43:37","modified_gmt":"2012-02-03T16:43:37","slug":"hc-busca-voluntarios-para-pesquisa","status":"publish","type":"post","link":"https:\/\/migracao.redenoticia.com.br\/noticia\/2012\/hc-busca-voluntarios-para-pesquisa\/38097","title":{"rendered":"HC busca volunt\u00e1rios para pesquisa"},"content":{"rendered":"<p><img loading=\"lazy\" decoding=\"async\" class=\"alignleft size-full wp-image-37376\" title=\"saude doutor\" src=\"https:\/\/migracao.redenoticia.com.br\/noticia\/imagens\/saude-doutor.jpg\" alt=\"\" width=\"300\" height=\"193\" srcset=\"https:\/\/migracao.redenoticia.com.br\/noticia\/imagens\/saude-doutor.jpg 300w, https:\/\/migracao.redenoticia.com.br\/noticia\/imagens\/saude-doutor-250x161.jpg 250w, https:\/\/migracao.redenoticia.com.br\/noticia\/imagens\/saude-doutor-150x97.jpg 150w\" sizes=\"auto, (max-width: 300px) 100vw, 300px\" \/>Ag\u00eancia FAPESP \u2013 O Instituto de Psiquiatria (IPq), do Hospital das Cl\u00ednicas <em><strong>(HC<\/strong><\/em>) da Faculdade de Medicina da USP (FMUSP), disp\u00f5e de vagas para participa\u00e7\u00e3o de <em><strong>pacientes volunt\u00e1rios<\/strong><\/em> em diferentes grupos de pesquisa, nos quais tamb\u00e9m ser\u00e3o oferecidos tratamentos.<\/p>\n<p>Entre as pesquisas, est\u00e3o inclu\u00eddos os temas \u201cCi\u00fame patol\u00f3gico\u201d, \u201cMem\u00f3ria e envelhecimento\u201d, \u201cFobia de exame de resson\u00e2ncia magn\u00e9tica\u201d e \u201cTranstorno bipolar\u201d.<\/p>\n<p>Segundo o IPq, \u201cCi\u00fame patol\u00f3gico\u201d est\u00e1 aberto a homens de 18 a 60 anos, que mantenham um relacionamento heterossexual h\u00e1 mais de quatro meses e que apresentem ci\u00fame excessivo \u2013 especificamente aquele ci\u00fame direcionado ao parceiro amoroso e que esteja prejudicando o relacionamento do casal. N\u00e3o ser\u00e3o aceitos volunt\u00e1rios com sintomas psic\u00f3ticos e usu\u00e1rios de drogas. Inscri\u00e7\u00f5es pelo e-mail <a href=\"mailto: proamiti.secretaria@gmail.com\">proamiti.secretaria@gmail.com<\/a>.<\/p>\n<p>A pesquisa \u201cMem\u00f3ria e envelhecimento\u201d aceita volunt\u00e1rios de tr\u00eas faixas et\u00e1rias: de 18 a 25 anos, de 40 a 55 anos e de 65 a 75 anos. Devem ter ensino superior completo ou incompleto e o estudo visa entender o impacto da idade no funcionamento cerebral e na mem\u00f3ria.<\/p>\n<p>Os participantes passar\u00e3o por duas avalia\u00e7\u00f5es que incluem entrevista com o m\u00e9dico e exame de resson\u00e2ncia magn\u00e9tica. Para participar \u00e9 necess\u00e1rio: ser destro, n\u00e3o apresentar problemas neurol\u00f3gicos, transtornos mentais ou psiqui\u00e1tricos, n\u00e3o ter problemas com uso de \u00e1lcool ou outras drogas, n\u00e3o fumar, n\u00e3o ter claustrofobia e n\u00e3o ter objetos met\u00e1licos no corpo. Inscri\u00e7\u00f5es e informa\u00e7\u00f5es: <a href=\"mailto: pesquisacerebro@gmail.com\">pesquisacerebro@gmail.com<\/a>.<\/p>\n<p>\u201cFobia de exame de resson\u00e2ncia magn\u00e9tica\u201d est\u00e1 aberto a homens e mulheres de 18 a 60 anos que tenham dificuldade ou recusa em realizar exame de resson\u00e2ncia magn\u00e9tica (fobia de espa\u00e7os fechados), para participar de estudo no qual ser\u00e1 oferecido tratamento baseado em novo modelo de terapia comportamental. Inscri\u00e7\u00f5es e informa\u00e7\u00f5es: <a href=\"mailto: tratamentofobia@gmail.com\">tratamentofobia@gmail.com<\/a>.<\/p>\n<p>O estudo \u201cTranstorno bipolar\u201d aceita volunt\u00e1rios de ambos os sexos de 18 a 35 anos, com suspeita de transtorno afetivo bipolar (apresentando sintomas como depress\u00e3o, mania ou estado misto), sem tratamento psiqui\u00e1trico pr\u00e9vio e sem hist\u00f3ria de uso de drogas. Os interessados devem residir em S\u00e3o Paulo e as inscri\u00e7\u00f5es para triagem s\u00e3o feitas pelo e-mail href=&#8221;mailto:projetobipolar@gmail.com&#8221;&gt;projetobipolar@gmail.com.<\/p>\n<p>Mais informa\u00e7\u00f5es: <a href=\"http:\/\/www.ipqhc.org.br\/\" target=\"_blank\">www.ipqhc.org.br<\/a><\/p>\n","protected":false},"excerpt":{"rendered":"<p>Ag\u00eancia FAPESP \u2013 O Instituto de Psiquiatria (IPq), do Hospital das Cl\u00ednicas (HC) da Faculdade de Medicina da USP (FMUSP), disp\u00f5e de vagas para participa\u00e7\u00e3o de pacientes volunt\u00e1rios em diferentes grupos de pesquisa, nos quais tamb\u00e9m ser\u00e3o oferecidos tratamentos. Entre as pesquisas, est\u00e3o inclu\u00eddos os temas \u201cCi\u00fame patol\u00f3gico\u201d, \u201cMem\u00f3ria e envelhecimento\u201d, \u201cFobia de exame de [&hellip;]<\/p>\n","protected":false},"author":3,"featured_media":37376,"comment_status":"open","ping_status":"closed","sticky":false,"template":"","format":"standard","meta":{"tdm_status":"","tdm_grid_status":"","footnotes":""},"categories":[22,370,353,5],"tags":[],"class_list":{"0":"post-38097","1":"post","2":"type-post","3":"status-publish","4":"format-standard","5":"has-post-thumbnail","7":"category-brasil","8":"category-inscricao","9":"category-oportunidades","10":"category-saude-e-vida"},"_links":{"self":[{"href":"https:\/\/migracao.redenoticia.com.br\/noticia\/wp-json\/wp\/v2\/posts\/38097","targetHints":{"allow":["GET"]}}],"collection":[{"href":"https:\/\/migracao.redenoticia.com.br\/noticia\/wp-json\/wp\/v2\/posts"}],"about":[{"href":"https:\/\/migracao.redenoticia.com.br\/noticia\/wp-json\/wp\/v2\/types\/post"}],"author":[{"embeddable":true,"href":"https:\/\/migracao.redenoticia.com.br\/noticia\/wp-json\/wp\/v2\/users\/3"}],"replies":[{"embeddable":true,"href":"https:\/\/migracao.redenoticia.com.br\/noticia\/wp-json\/wp\/v2\/comments?post=38097"}],"version-history":[{"count":0,"href":"https:\/\/migracao.redenoticia.com.br\/noticia\/wp-json\/wp\/v2\/posts\/38097\/revisions"}],"wp:featuredmedia":[{"embeddable":true,"href":"https:\/\/migracao.redenoticia.com.br\/noticia\/wp-json\/wp\/v2\/media\/37376"}],"wp:attachment":[{"href":"https:\/\/migracao.redenoticia.com.br\/noticia\/wp-json\/wp\/v2\/media?parent=38097"}],"wp:term":[{"taxonomy":"category","embeddable":true,"href":"https:\/\/migracao.redenoticia.com.br\/noticia\/wp-json\/wp\/v2\/categories?post=38097"},{"taxonomy":"post_tag","embeddable":true,"href":"https:\/\/migracao.redenoticia.com.br\/noticia\/wp-json\/wp\/v2\/tags?post=38097"}],"curies":[{"name":"wp","href":"https:\/\/api.w.org\/{rel}","templated":true}]}}