{"id":38098,"date":"2012-02-03T14:48:00","date_gmt":"2012-02-03T16:48:00","guid":{"rendered":"http:\/\/www.redenoticia.com.br\/noticia\/?p=38098"},"modified":"2012-02-03T14:48:00","modified_gmt":"2012-02-03T16:48:00","slug":"intercambio-professores-da-rede-publica-estudam-no-exterior","status":"publish","type":"post","link":"https:\/\/migracao.redenoticia.com.br\/noticia\/2012\/intercambio-professores-da-rede-publica-estudam-no-exterior\/38098","title":{"rendered":"Interc\u00e2mbio: professores da rede p\u00fablica estudam no exterior"},"content":{"rendered":"<p><img loading=\"lazy\" decoding=\"async\" class=\"alignleft size-full wp-image-34749\" title=\"professor\" src=\"https:\/\/migracao.redenoticia.com.br\/noticia\/imagens\/professor1.jpg\" alt=\"\" width=\"300\" height=\"193\" srcset=\"https:\/\/migracao.redenoticia.com.br\/noticia\/imagens\/professor1.jpg 300w, https:\/\/migracao.redenoticia.com.br\/noticia\/imagens\/professor1-250x160.jpg 250w, https:\/\/migracao.redenoticia.com.br\/noticia\/imagens\/professor1-150x96.jpg 150w\" sizes=\"auto, (max-width: 300px) 100vw, 300px\" \/>Um grupo de 25 professores brasileiros de l\u00edngua inglesa est\u00e1 nos Estados Unidos para aprimorar seu conhecimento naquele idioma. Os docentes participam do programa <em><strong>Certifica\u00e7\u00e3o nos EUA para Professores de L\u00edngua Inglesa<\/strong><\/em>, destinado a docentes da rede p\u00fablica de ensino, de n\u00edvel intermedi\u00e1rio.<\/p>\n<p>Os intercambistas embarcaram no dia 20 de janeiro, para um curso de oito semanas na Universidade de Oregon. O programa, vinculado a Coordena\u00e7\u00e3o de Aperfei\u00e7oamento de Pessoal de N\u00edvel Superior (Capes) do Minist\u00e9rio da Educa\u00e7\u00e3o, busca valorizar os profissionais que atuam na rede p\u00fablica de educa\u00e7\u00e3o b\u00e1sica.<\/p>\n<p>Professora no campus de Salvador do Instituto Federal da Bahia, Fabr\u00edcia Andrade acredita que estudar no exterior pode levar a um crescimento profissional e pessoal. \u201cAprender atrav\u00e9s do conte\u00fado e com os exemplos que temos nas aulas, observar a estrutura universit\u00e1ria e o uso de recursos tecnol\u00f3gicos, bem como desenvolver as atividades cotidianas s\u00e3o atividades que, certamente, aprimoram nosso n\u00edvel de profici\u00eancia em l\u00edngua inglesa\u201d, declarou.<\/p>\n<p>Para Andr\u00e9 Machado de Souza, professor dos anos finais do ensino fundamental e do ensino m\u00e9dio, em Manaus, a oportunidade \u00e9 a realiza\u00e7\u00e3o do sonho de participar de uma imers\u00e3o total no estuda da l\u00edngua inglesa. \u201cMinhas maiores expectativas s\u00e3o saber mais sobre a cultura americana e a hist\u00f3ria contextualizada, aprender novas estrat\u00e9gias e metodologias de ensino do ingl\u00eas, melhorar minha flu\u00eancia, fazer novos amigos e conhecer lugares maravilhosos, antes vistos apenas pelos livros e internet\u201d, disse.<\/p>\n<p>Ao fim do curso, os participantes dever\u00e3o elaborar um projeto que a ser executado no retorno ao Brasil. \u201cPretendo desenvolver um projeto que torne as aulas de l\u00edngua inglesa mais atrativas e significativas para os alunos, al\u00e9m de valorizar aqueles que demonstram maior interesse pelo estudo do ingl\u00eas e que tenham algum tipo de acesso \u00e0 ferramenta da internet\u201d, explicou o docente.<\/p>\n<p>Durante o processo de sele\u00e7\u00e3o, os participantes foram avaliados por um comit\u00ea com membros da Capes, da Comiss\u00e3o Fulbright e da Embaixada Americana. Em junho, um segundo grupo de 25 professores far\u00e1 o curso nos Estados Unidos.<\/p>\n<p>Diego Rocha<\/p>\n","protected":false},"excerpt":{"rendered":"<p>Um grupo de 25 professores brasileiros de l\u00edngua inglesa est\u00e1 nos Estados Unidos para aprimorar seu conhecimento naquele idioma. Os docentes participam do programa Certifica\u00e7\u00e3o nos EUA para Professores de L\u00edngua Inglesa, destinado a docentes da rede p\u00fablica de ensino, de n\u00edvel intermedi\u00e1rio. Os intercambistas embarcaram no dia 20 de janeiro, para um curso de [&hellip;]<\/p>\n","protected":false},"author":3,"featured_media":34749,"comment_status":"open","ping_status":"closed","sticky":false,"template":"","format":"standard","meta":{"tdm_status":"","tdm_grid_status":"","footnotes":""},"categories":[22],"tags":[],"class_list":{"0":"post-38098","1":"post","2":"type-post","3":"status-publish","4":"format-standard","5":"has-post-thumbnail","7":"category-brasil"},"_links":{"self":[{"href":"https:\/\/migracao.redenoticia.com.br\/noticia\/wp-json\/wp\/v2\/posts\/38098","targetHints":{"allow":["GET"]}}],"collection":[{"href":"https:\/\/migracao.redenoticia.com.br\/noticia\/wp-json\/wp\/v2\/posts"}],"about":[{"href":"https:\/\/migracao.redenoticia.com.br\/noticia\/wp-json\/wp\/v2\/types\/post"}],"author":[{"embeddable":true,"href":"https:\/\/migracao.redenoticia.com.br\/noticia\/wp-json\/wp\/v2\/users\/3"}],"replies":[{"embeddable":true,"href":"https:\/\/migracao.redenoticia.com.br\/noticia\/wp-json\/wp\/v2\/comments?post=38098"}],"version-history":[{"count":0,"href":"https:\/\/migracao.redenoticia.com.br\/noticia\/wp-json\/wp\/v2\/posts\/38098\/revisions"}],"wp:featuredmedia":[{"embeddable":true,"href":"https:\/\/migracao.redenoticia.com.br\/noticia\/wp-json\/wp\/v2\/media\/34749"}],"wp:attachment":[{"href":"https:\/\/migracao.redenoticia.com.br\/noticia\/wp-json\/wp\/v2\/media?parent=38098"}],"wp:term":[{"taxonomy":"category","embeddable":true,"href":"https:\/\/migracao.redenoticia.com.br\/noticia\/wp-json\/wp\/v2\/categories?post=38098"},{"taxonomy":"post_tag","embeddable":true,"href":"https:\/\/migracao.redenoticia.com.br\/noticia\/wp-json\/wp\/v2\/tags?post=38098"}],"curies":[{"name":"wp","href":"https:\/\/api.w.org\/{rel}","templated":true}]}}