{"id":38135,"date":"2012-02-08T00:01:17","date_gmt":"2012-02-08T02:01:17","guid":{"rendered":"http:\/\/www.redenoticia.com.br\/noticia\/?p=38135"},"modified":"2012-02-08T00:02:34","modified_gmt":"2012-02-08T02:02:34","slug":"prouni-matricula-segunda-chamada-ate-o-dia-1502","status":"publish","type":"post","link":"https:\/\/migracao.redenoticia.com.br\/noticia\/2012\/prouni-matricula-segunda-chamada-ate-o-dia-1502\/38135","title":{"rendered":"ProUni &#8211; matr\u00edcula segunda chamada at\u00e9 o dia 15\/02"},"content":{"rendered":"<p><img loading=\"lazy\" decoding=\"async\" class=\"alignleft size-full wp-image-23011\" title=\"prouni resultado inscricao\" src=\"https:\/\/migracao.redenoticia.com.br\/noticia\/imagens\/prouni-inscricao.jpg\" alt=\"\" width=\"300\" height=\"193\" srcset=\"https:\/\/migracao.redenoticia.com.br\/noticia\/imagens\/prouni-inscricao.jpg 300w, https:\/\/migracao.redenoticia.com.br\/noticia\/imagens\/prouni-inscricao-250x160.jpg 250w, https:\/\/migracao.redenoticia.com.br\/noticia\/imagens\/prouni-inscricao-150x96.jpg 150w\" sizes=\"auto, (max-width: 300px) 100vw, 300px\" \/>\u00a0O resultado da <em><strong>segunda chamada<\/strong><\/em> do Programa Universidade para Todos (<em><strong>ProUni<\/strong><\/em>) est\u00e1 dispon\u00edvel para consulta pela internet. Os candidatos pr\u00e9-selecionados t\u00eam at\u00e9 o dia 15 pr\u00f3ximo para comparecer \u00e0s institui\u00e7\u00f5es de ensino em que foram pr\u00e9-selecionados para apresentar a documenta\u00e7\u00e3o e fazer a matr\u00edcula.<\/p>\n<p>Nesta edi\u00e7\u00e3o do programa, os candidatos pr\u00e9-selecionados para a segunda op\u00e7\u00e3o de curso na primeira chamada continuaram concorrendo \u00e0 vaga indicada como primeira op\u00e7\u00e3o, independentemente da matr\u00edcula. Caso sejam convocados, agora, para a primeira op\u00e7\u00e3o de curso e optem por nele se matricular, eventual matr\u00edcula anterior ser\u00e1 automaticamente cancelada.<\/p>\n<p>Espera \u2014 Ao fim do prazo, os candidatos n\u00e3o pr\u00e9-selecionados ou aqueles pr\u00e9-selecionados em cursos sem forma\u00e7\u00e3o de turma podem manifestar interesse em fazer parte da lista de espera. Essa lista ser\u00e1 usada pelas institui\u00e7\u00f5es particulares de educa\u00e7\u00e3o superior participantes do programa para a ocupa\u00e7\u00e3o das bolsas eventualmente ainda dispon\u00edveis.<\/p>\n<p>O per\u00edodo para manifesta\u00e7\u00e3o de interesse na lista vai do dia 22 ao dia 24 pr\u00f3ximos. Em seguida, ser\u00e3o feitas duas convoca\u00e7\u00f5es. A primeira, a partir de 27 de fevereiro, com prazo para comprova\u00e7\u00e3o de documentos e matr\u00edcula de 28 do mesmo m\u00eas at\u00e9 2 de mar\u00e7o. A segunda, em 9 de mar\u00e7o, com prazo de 12 a 15 de mar\u00e7o.<\/p>\n<p>O resultado da segunda chamada est\u00e1 na p\u00e1gina do ProUni na internet.<\/p>\n<p>Assessoria de Comunica\u00e7\u00e3o Social<\/p>\n","protected":false},"excerpt":{"rendered":"<p>\u00a0O resultado da segunda chamada do Programa Universidade para Todos (ProUni) est\u00e1 dispon\u00edvel para consulta pela internet. Os candidatos pr\u00e9-selecionados t\u00eam at\u00e9 o dia 15 pr\u00f3ximo para comparecer \u00e0s institui\u00e7\u00f5es de ensino em que foram pr\u00e9-selecionados para apresentar a documenta\u00e7\u00e3o e fazer a matr\u00edcula. Nesta edi\u00e7\u00e3o do programa, os candidatos pr\u00e9-selecionados para a segunda op\u00e7\u00e3o [&hellip;]<\/p>\n","protected":false},"author":3,"featured_media":23011,"comment_status":"open","ping_status":"closed","sticky":false,"template":"","format":"standard","meta":{"tdm_status":"","tdm_grid_status":"","footnotes":""},"categories":[22,370,295],"tags":[],"class_list":{"0":"post-38135","1":"post","2":"type-post","3":"status-publish","4":"format-standard","5":"has-post-thumbnail","7":"category-brasil","8":"category-inscricao","9":"category-vestibular"},"_links":{"self":[{"href":"https:\/\/migracao.redenoticia.com.br\/noticia\/wp-json\/wp\/v2\/posts\/38135","targetHints":{"allow":["GET"]}}],"collection":[{"href":"https:\/\/migracao.redenoticia.com.br\/noticia\/wp-json\/wp\/v2\/posts"}],"about":[{"href":"https:\/\/migracao.redenoticia.com.br\/noticia\/wp-json\/wp\/v2\/types\/post"}],"author":[{"embeddable":true,"href":"https:\/\/migracao.redenoticia.com.br\/noticia\/wp-json\/wp\/v2\/users\/3"}],"replies":[{"embeddable":true,"href":"https:\/\/migracao.redenoticia.com.br\/noticia\/wp-json\/wp\/v2\/comments?post=38135"}],"version-history":[{"count":0,"href":"https:\/\/migracao.redenoticia.com.br\/noticia\/wp-json\/wp\/v2\/posts\/38135\/revisions"}],"wp:featuredmedia":[{"embeddable":true,"href":"https:\/\/migracao.redenoticia.com.br\/noticia\/wp-json\/wp\/v2\/media\/23011"}],"wp:attachment":[{"href":"https:\/\/migracao.redenoticia.com.br\/noticia\/wp-json\/wp\/v2\/media?parent=38135"}],"wp:term":[{"taxonomy":"category","embeddable":true,"href":"https:\/\/migracao.redenoticia.com.br\/noticia\/wp-json\/wp\/v2\/categories?post=38135"},{"taxonomy":"post_tag","embeddable":true,"href":"https:\/\/migracao.redenoticia.com.br\/noticia\/wp-json\/wp\/v2\/tags?post=38135"}],"curies":[{"name":"wp","href":"https:\/\/api.w.org\/{rel}","templated":true}]}}