{"id":3815,"date":"2009-06-25T20:54:03","date_gmt":"2009-06-26T00:54:03","guid":{"rendered":"http:\/\/www.redenoticia.com.br\/noticia\/?p=3815"},"modified":"2009-06-25T20:54:03","modified_gmt":"2009-06-26T00:54:03","slug":"2%c2%aa-etapa-de-motocross-de-rondonia-sera-em-buritis","status":"publish","type":"post","link":"https:\/\/migracao.redenoticia.com.br\/noticia\/2009\/2%c2%aa-etapa-de-motocross-de-rondonia-sera-em-buritis\/3815","title":{"rendered":"2\u00aa etapa de motocross de Rond\u00f4nia ser\u00e1 em Buritis"},"content":{"rendered":"<p>Come\u00e7a nesse dia 04 de julho a 2\u00b0 etapa do motocross na cidade de Buritis. Os pilotos j\u00e1 come\u00e7aram o treinamento nessa semana\u00a0 na nova pista do jeric\u00f3dromo. As maquinas da prefeitura j\u00e1 est\u00e3o fazendo sua parte \u00a0ampliando a pista para cumprir com as normas da federa\u00e7\u00e3o e assim proporcionar um grande evento.<\/p>\n<p>A 1\u00b0 etapa ocorreu na cidade de Nova Brasil\u00e2ndia, a cidade de Buritis vai ser a primeira vez que recebe um evento dessa categoria. Haver\u00e1 a participa\u00e7\u00e3o de grandes pilotos do estado. \u00a0A organiza\u00e7\u00e3o respons\u00e1vel pela festa j\u00e1 esta pensando em uma poss\u00edvel bateria com a participa\u00e7\u00e3o de pilotos locais para a divulga\u00e7\u00e3o da cidade.<\/p>\n<p>Nayara de Lima<\/p>\n","protected":false},"excerpt":{"rendered":"<p>Come\u00e7a nesse dia 04 de julho a 2\u00b0 etapa do motocross na cidade de Buritis. Os pilotos j\u00e1 come\u00e7aram o treinamento nessa semana\u00a0 na nova pista do jeric\u00f3dromo. As maquinas da prefeitura j\u00e1 est\u00e3o fazendo sua parte \u00a0ampliando a pista para cumprir com as normas da federa\u00e7\u00e3o e assim proporcionar um grande evento. A 1\u00b0 [&hellip;]<\/p>\n","protected":false},"author":2,"featured_media":0,"comment_status":"open","ping_status":"open","sticky":false,"template":"","format":"standard","meta":{"tdm_status":"","tdm_grid_status":"","footnotes":""},"categories":[22],"tags":[],"class_list":{"0":"post-3815","1":"post","2":"type-post","3":"status-publish","4":"format-standard","6":"category-brasil"},"_links":{"self":[{"href":"https:\/\/migracao.redenoticia.com.br\/noticia\/wp-json\/wp\/v2\/posts\/3815","targetHints":{"allow":["GET"]}}],"collection":[{"href":"https:\/\/migracao.redenoticia.com.br\/noticia\/wp-json\/wp\/v2\/posts"}],"about":[{"href":"https:\/\/migracao.redenoticia.com.br\/noticia\/wp-json\/wp\/v2\/types\/post"}],"author":[{"embeddable":true,"href":"https:\/\/migracao.redenoticia.com.br\/noticia\/wp-json\/wp\/v2\/users\/2"}],"replies":[{"embeddable":true,"href":"https:\/\/migracao.redenoticia.com.br\/noticia\/wp-json\/wp\/v2\/comments?post=3815"}],"version-history":[{"count":0,"href":"https:\/\/migracao.redenoticia.com.br\/noticia\/wp-json\/wp\/v2\/posts\/3815\/revisions"}],"wp:attachment":[{"href":"https:\/\/migracao.redenoticia.com.br\/noticia\/wp-json\/wp\/v2\/media?parent=3815"}],"wp:term":[{"taxonomy":"category","embeddable":true,"href":"https:\/\/migracao.redenoticia.com.br\/noticia\/wp-json\/wp\/v2\/categories?post=3815"},{"taxonomy":"post_tag","embeddable":true,"href":"https:\/\/migracao.redenoticia.com.br\/noticia\/wp-json\/wp\/v2\/tags?post=3815"}],"curies":[{"name":"wp","href":"https:\/\/api.w.org\/{rel}","templated":true}]}}