{"id":38150,"date":"2012-02-08T15:20:52","date_gmt":"2012-02-08T17:20:52","guid":{"rendered":"http:\/\/www.redenoticia.com.br\/noticia\/?p=38150"},"modified":"2012-02-08T15:20:52","modified_gmt":"2012-02-08T17:20:52","slug":"unesp-lanca-programas-para-atrair-pesquisadores-estrangeiros","status":"publish","type":"post","link":"https:\/\/migracao.redenoticia.com.br\/noticia\/2012\/unesp-lanca-programas-para-atrair-pesquisadores-estrangeiros\/38150","title":{"rendered":"Unesp lan\u00e7a programas para atrair pesquisadores estrangeiros"},"content":{"rendered":"<p><img loading=\"lazy\" decoding=\"async\" class=\"alignleft size-full wp-image-36246\" title=\"professor a\" src=\"https:\/\/migracao.redenoticia.com.br\/noticia\/imagens\/professor-a.jpg\" alt=\"\" width=\"300\" height=\"193\" srcset=\"https:\/\/migracao.redenoticia.com.br\/noticia\/imagens\/professor-a.jpg 300w, https:\/\/migracao.redenoticia.com.br\/noticia\/imagens\/professor-a-250x161.jpg 250w, https:\/\/migracao.redenoticia.com.br\/noticia\/imagens\/professor-a-150x97.jpg 150w\" sizes=\"auto, (max-width: 300px) 100vw, 300px\" \/>Ag\u00eancia FAPESP \u2013 Com o objetivo de atrair <em><strong>pesquisadores estrangeiros<\/strong><\/em> para seus grupos de pesquisa, a Universidade Estadual Paulista (Unesp) lan\u00e7ou editais para regulamentar o Programa P\u00f3s-doc do exterior (Pdext) e o Programa para vinda de professor\/pesquisador visitante do exterior (Pvext).<\/p>\n<p>Segundo a Pr\u00f3-Reitoria de Pesquisa da Unesp, os editais n\u00e3o priorizaram \u00e1reas e as propostas ser\u00e3o analisadas com base no m\u00e9rito cient\u00edfico e no quanto a vinda dos pesquisadores contribuir\u00e1 para o grupo de pesquisa solicitante. A meta \u00e9 receber 45 cientistas em um ano.<\/p>\n<p>O Programa P\u00f3s-doc do exterior \u00e9 voltado a jovens pesquisadores, que poder\u00e3o permanecer no Brasil por at\u00e9 quatro meses. A bolsa mensal ser\u00e1 de R$ 4 mil, por at\u00e9 quatro meses, mais aux\u00edlio deslocamento limitado a R$ 4 mil.<\/p>\n<p>J\u00e1 o Programa para vinda de professor\/pesquisador visitante do exterior \u00e9 voltado a pesquisadores seniores com comprovada produtividade cient\u00edfica, que possam contribuir para a consolida\u00e7\u00e3o de linhas de pesquisa brasileira. A vinda de cada pesquisador s\u00eanior ter\u00e1 o custo de R$ 10 mil, valor que inclui a passagem no valor de R$ 4 mil e aux\u00edlio estadia limitado a R$ 6 mil por at\u00e9 30 dias.<\/p>\n<p>Cada faculdade ou instituto da Unesp dever\u00e1 apresentar propostas para os dois programas \u00e0 Pr\u00f3-Reitoria, que constituir\u00e1 um comit\u00ea ad hoc para analisar as solicita\u00e7\u00f5es.<\/p>\n<p>Mais informa\u00e7\u00f5es: <a href=\"http:\/\/unesp.br\/prope\/\/conteudo.php?conteudo=1748\" target=\"_blank\">http:\/\/unesp.br\/prope\/\/conteudo.php?conteudo=1748<\/a> e <a href=\"http:\/\/unesp.br\/prope\/\/conteudo.php?conteudo=1749\" target=\"_blank\">http:\/\/unesp.br\/prope\/\/conteudo.php?conteudo=1749<\/a>.<\/p>\n","protected":false},"excerpt":{"rendered":"<p>Ag\u00eancia FAPESP \u2013 Com o objetivo de atrair pesquisadores estrangeiros para seus grupos de pesquisa, a Universidade Estadual Paulista (Unesp) lan\u00e7ou editais para regulamentar o Programa P\u00f3s-doc do exterior (Pdext) e o Programa para vinda de professor\/pesquisador visitante do exterior (Pvext). Segundo a Pr\u00f3-Reitoria de Pesquisa da Unesp, os editais n\u00e3o priorizaram \u00e1reas e as [&hellip;]<\/p>\n","protected":false},"author":3,"featured_media":36246,"comment_status":"open","ping_status":"closed","sticky":false,"template":"","format":"standard","meta":{"tdm_status":"","tdm_grid_status":"","footnotes":""},"categories":[22],"tags":[],"class_list":{"0":"post-38150","1":"post","2":"type-post","3":"status-publish","4":"format-standard","5":"has-post-thumbnail","7":"category-brasil"},"_links":{"self":[{"href":"https:\/\/migracao.redenoticia.com.br\/noticia\/wp-json\/wp\/v2\/posts\/38150","targetHints":{"allow":["GET"]}}],"collection":[{"href":"https:\/\/migracao.redenoticia.com.br\/noticia\/wp-json\/wp\/v2\/posts"}],"about":[{"href":"https:\/\/migracao.redenoticia.com.br\/noticia\/wp-json\/wp\/v2\/types\/post"}],"author":[{"embeddable":true,"href":"https:\/\/migracao.redenoticia.com.br\/noticia\/wp-json\/wp\/v2\/users\/3"}],"replies":[{"embeddable":true,"href":"https:\/\/migracao.redenoticia.com.br\/noticia\/wp-json\/wp\/v2\/comments?post=38150"}],"version-history":[{"count":0,"href":"https:\/\/migracao.redenoticia.com.br\/noticia\/wp-json\/wp\/v2\/posts\/38150\/revisions"}],"wp:featuredmedia":[{"embeddable":true,"href":"https:\/\/migracao.redenoticia.com.br\/noticia\/wp-json\/wp\/v2\/media\/36246"}],"wp:attachment":[{"href":"https:\/\/migracao.redenoticia.com.br\/noticia\/wp-json\/wp\/v2\/media?parent=38150"}],"wp:term":[{"taxonomy":"category","embeddable":true,"href":"https:\/\/migracao.redenoticia.com.br\/noticia\/wp-json\/wp\/v2\/categories?post=38150"},{"taxonomy":"post_tag","embeddable":true,"href":"https:\/\/migracao.redenoticia.com.br\/noticia\/wp-json\/wp\/v2\/tags?post=38150"}],"curies":[{"name":"wp","href":"https:\/\/api.w.org\/{rel}","templated":true}]}}