{"id":38161,"date":"2012-02-09T17:20:54","date_gmt":"2012-02-09T19:20:54","guid":{"rendered":"http:\/\/www.redenoticia.com.br\/noticia\/?p=38161"},"modified":"2012-02-09T17:20:54","modified_gmt":"2012-02-09T19:20:54","slug":"ecole-normale-superieure-de-cachan-oferece-bolsas","status":"publish","type":"post","link":"https:\/\/migracao.redenoticia.com.br\/noticia\/2012\/ecole-normale-superieure-de-cachan-oferece-bolsas\/38161","title":{"rendered":"\u00c9cole Normale Sup\u00e9rieure de Cachan oferece bolsas"},"content":{"rendered":"<p><img loading=\"lazy\" decoding=\"async\" class=\"alignleft size-full wp-image-36248\" title=\"aluno c\" src=\"https:\/\/migracao.redenoticia.com.br\/noticia\/imagens\/aluno-c.jpg\" alt=\"\" width=\"300\" height=\"193\" srcset=\"https:\/\/migracao.redenoticia.com.br\/noticia\/imagens\/aluno-c.jpg 300w, https:\/\/migracao.redenoticia.com.br\/noticia\/imagens\/aluno-c-250x161.jpg 250w, https:\/\/migracao.redenoticia.com.br\/noticia\/imagens\/aluno-c-150x97.jpg 150w\" sizes=\"auto, (max-width: 300px) 100vw, 300px\" \/>Ag\u00eancia FAPESP \u2013 A \u00c9cole Normale Sup\u00e9rieure de Cachan (Fran\u00e7a) abriu inscri\u00e7\u00f5es para seu programa de <em><strong>bolsas internacionais<\/strong><\/em> nos n\u00edveis de mestrado e doutorado (em cotutela).<\/p>\n<p>As bolsas internacionais s\u00e3o dirigidas a estudantes de todo o mundo que tenham obtido seu \u00faltimo diploma fora da Fran\u00e7a. As inscri\u00e7\u00f5es poder\u00e3o ser feitas at\u00e9 o dia 15 de mar\u00e7o.<\/p>\n<p>As bolsas internacionais\u00a0, com dura\u00e7\u00e3o de 6 a 12 meses, no valor de mil euros mensais, ser\u00e3o concedidas em tr\u00eas grandes \u00e1reas: \u201cCi\u00eancias: matem\u00e1tica, inform\u00e1tica, f\u00edsica, qu\u00edmica, biologia, \u201cCi\u00eancias industriais: engenharias mec\u00e2nica, civil, el\u00e9trica e mecatr\u00f4nica\u201d e \u201cCi\u00eancias humanas e sociais: sociologia, hist\u00f3ria, economia, direito e gest\u00e3o, esporte, ci\u00eancias da educa\u00e7\u00e3o\u201d.<\/p>\n<p>As candidaturas bolsas internacionais\u00a0devem ser compat\u00edveis com as atividades cient\u00edficas dos laborat\u00f3rios da \u00c9cole Normale Sup\u00e9rieure de Cachan, que podem ser consultadas no <a href=\"http:\/\/www.ens-cachan.fr\/version-francaise\/recherche\/\" target=\"_blank\">site da institui\u00e7\u00e3o <\/a>.<\/p>\n<p>Mais informa\u00e7\u00f5es: <a href=\"http:\/\/www.ens-cachan.fr\/version-francaise\/international\/etudier-a-l-ens-cachan\/financements\/programme-de-bourses-internationales-2012-2013-137918.kjsp?RH=1183560943937\" target=\"_blank\">www.ens-cachan.fr\/version-francaise\/international\/etudier-a-l-ens-cachan\/financements\/programme-de-bourses-internationales-2012-2013-137918.kjsp?RH=1183560943937<\/a>.<\/p>\n","protected":false},"excerpt":{"rendered":"<p>Ag\u00eancia FAPESP \u2013 A \u00c9cole Normale Sup\u00e9rieure de Cachan (Fran\u00e7a) abriu inscri\u00e7\u00f5es para seu programa de bolsas internacionais nos n\u00edveis de mestrado e doutorado (em cotutela). As bolsas internacionais s\u00e3o dirigidas a estudantes de todo o mundo que tenham obtido seu \u00faltimo diploma fora da Fran\u00e7a. As inscri\u00e7\u00f5es poder\u00e3o ser feitas at\u00e9 o dia 15 [&hellip;]<\/p>\n","protected":false},"author":3,"featured_media":36248,"comment_status":"open","ping_status":"closed","sticky":false,"template":"","format":"standard","meta":{"tdm_status":"","tdm_grid_status":"","footnotes":""},"categories":[22,351,370],"tags":[],"class_list":{"0":"post-38161","1":"post","2":"type-post","3":"status-publish","4":"format-standard","5":"has-post-thumbnail","7":"category-brasil","8":"category-cursos","9":"category-inscricao"},"_links":{"self":[{"href":"https:\/\/migracao.redenoticia.com.br\/noticia\/wp-json\/wp\/v2\/posts\/38161","targetHints":{"allow":["GET"]}}],"collection":[{"href":"https:\/\/migracao.redenoticia.com.br\/noticia\/wp-json\/wp\/v2\/posts"}],"about":[{"href":"https:\/\/migracao.redenoticia.com.br\/noticia\/wp-json\/wp\/v2\/types\/post"}],"author":[{"embeddable":true,"href":"https:\/\/migracao.redenoticia.com.br\/noticia\/wp-json\/wp\/v2\/users\/3"}],"replies":[{"embeddable":true,"href":"https:\/\/migracao.redenoticia.com.br\/noticia\/wp-json\/wp\/v2\/comments?post=38161"}],"version-history":[{"count":0,"href":"https:\/\/migracao.redenoticia.com.br\/noticia\/wp-json\/wp\/v2\/posts\/38161\/revisions"}],"wp:featuredmedia":[{"embeddable":true,"href":"https:\/\/migracao.redenoticia.com.br\/noticia\/wp-json\/wp\/v2\/media\/36248"}],"wp:attachment":[{"href":"https:\/\/migracao.redenoticia.com.br\/noticia\/wp-json\/wp\/v2\/media?parent=38161"}],"wp:term":[{"taxonomy":"category","embeddable":true,"href":"https:\/\/migracao.redenoticia.com.br\/noticia\/wp-json\/wp\/v2\/categories?post=38161"},{"taxonomy":"post_tag","embeddable":true,"href":"https:\/\/migracao.redenoticia.com.br\/noticia\/wp-json\/wp\/v2\/tags?post=38161"}],"curies":[{"name":"wp","href":"https:\/\/api.w.org\/{rel}","templated":true}]}}