{"id":38162,"date":"2012-02-09T17:25:02","date_gmt":"2012-02-09T19:25:02","guid":{"rendered":"http:\/\/www.redenoticia.com.br\/noticia\/?p=38162"},"modified":"2012-02-09T17:25:02","modified_gmt":"2012-02-09T19:25:02","slug":"cientistas-fazem-ferro-ficar-transparente","status":"publish","type":"post","link":"https:\/\/migracao.redenoticia.com.br\/noticia\/2012\/cientistas-fazem-ferro-ficar-transparente\/38162","title":{"rendered":"Cientistas fazem ferro ficar transparente"},"content":{"rendered":"<p><img loading=\"lazy\" decoding=\"async\" class=\"alignleft size-full wp-image-36257\" title=\"tecnologia\" src=\"https:\/\/migracao.redenoticia.com.br\/noticia\/imagens\/tecnologia.jpg\" alt=\"\" width=\"300\" height=\"193\" srcset=\"https:\/\/migracao.redenoticia.com.br\/noticia\/imagens\/tecnologia.jpg 300w, https:\/\/migracao.redenoticia.com.br\/noticia\/imagens\/tecnologia-250x161.jpg 250w, https:\/\/migracao.redenoticia.com.br\/noticia\/imagens\/tecnologia-150x97.jpg 150w\" sizes=\"auto, (max-width: 300px) 100vw, 300px\" \/>Ag\u00eancia FAPESP \u2013 Cientistas conseguiram realizar um experimento pelo qual demonstraram que o <em><strong>n\u00facleo at\u00f4mico pode se tornar transparente<\/strong><\/em>. A pesquisa foi publicada na edi\u00e7\u00e3o desta quinta-feira (09\/02) da revista Nature.<\/p>\n<p>A novidade, do grupo liderado por Ralf R\u00f6hlsberger no Deutsches Elektronen-Synchrotron (DESY), em Hamburgo, na Alemanha, \u00e9 considerada importante para o desenvolvimento de computadores qu\u00e2nticos, que poder\u00e3o substituir os atuais com velocidades de processamento hoje imposs\u00edveis de serem atingidas.<\/p>\n<p>A t\u00e9cnica, que utiliza o efeito da transpar\u00eancia induzida eletromagneticamente, permite com que materiais opacos possam se tornar transparentes para a luz em certos comprimentos de onda como o raio X. A t\u00e9cnica permite o controle da transmiss\u00e3o e da velocidade da luz e envolve interfer\u00eancia qu\u00e2ntica.<\/p>\n<p>Pelo efeito da transpar\u00eancia induzida eletromagneticamente, com um laser intenso em uma determinada frequ\u00eancia \u00e9 poss\u00edvel fazer com que um material n\u00e3o transparente se torne transparente para a luz de outra frequ\u00eancia. Esse efeito \u00e9 promovido pela intera\u00e7\u00e3o complexa da luz com a eletrosfera, onde est\u00e3o os el\u00e9trons.<\/p>\n<p>No laborat\u00f3rio de luz s\u00edncrotron do DESY, o grupo demonstrou que esse efeito tamb\u00e9m existe em raio X quando os raios s\u00e3o direcionados para o n\u00facleo at\u00f4mico do is\u00f3topo de ferro 57 (pelo m\u00e9todo chamado de espectroscopia de M\u00f6ssbauer), que compreende 2% do ferro que ocorre naturalmente no planeta.<\/p>\n<p>\u201cO resultado de alcan\u00e7ar a transpar\u00eancia no n\u00facleo at\u00f4mico \u00e9, em suma, o efeito da transpar\u00eancia induzida eletromagneticamente sobre o n\u00facleo. Certamente que ainda h\u00e1 um longo caminho a percorrer at\u00e9 que o primeiro computador com luz qu\u00e2ntica se torne realidade. Entretanto, com esse efeito fomos capazes de realizar uma classe completamente nova de experimentos de \u00f3ptica qu\u00e2ntica de alta sensibilidade\u201d, disse R\u00f6hlsberger.<\/p>\n<p>Segundo o cientista, a nova fonte de laser de raios X XFEL, que est\u00e1 sendo constru\u00edda em Hamburgo, representa uma grande oportunidade de se conseguir controlar o raio X com o raio X \u2013 raios X s\u00e3o emiss\u00f5es eletromagn\u00e9ticas de natureza semelhante \u00e0 luz vis\u00edvel.<\/p>\n<p>O grupo alem\u00e3o tamb\u00e9m demonstrou outro paralelo do efeito da transpar\u00eancia induzida eletromagneticamente: luz presa em uma cavidade \u00f3ptica viaja a uma velocidade de apenas alguns metros por segundo. Normalmente a velocidade \u00e9 a da luz, de cerca de 300 mil quil\u00f4metros por segundo.<\/p>\n<p>O artigo Electromagnetically induced transparency with resonant nuclei in a cavity (doi:10.1038\/nature10741), de Ralf R\u00f6hlsberger e outros, pode ser lido em <a href=\"http:\/\/www.plosone.org\/\" target=\"_blank\">www.plosone.org<\/a>.<\/p>\n","protected":false},"excerpt":{"rendered":"<p>Ag\u00eancia FAPESP \u2013 Cientistas conseguiram realizar um experimento pelo qual demonstraram que o n\u00facleo at\u00f4mico pode se tornar transparente. A pesquisa foi publicada na edi\u00e7\u00e3o desta quinta-feira (09\/02) da revista Nature. A novidade, do grupo liderado por Ralf R\u00f6hlsberger no Deutsches Elektronen-Synchrotron (DESY), em Hamburgo, na Alemanha, \u00e9 considerada importante para o desenvolvimento de computadores [&hellip;]<\/p>\n","protected":false},"author":3,"featured_media":36257,"comment_status":"open","ping_status":"closed","sticky":false,"template":"","format":"standard","meta":{"tdm_status":"","tdm_grid_status":"","footnotes":""},"categories":[22,7],"tags":[],"class_list":{"0":"post-38162","1":"post","2":"type-post","3":"status-publish","4":"format-standard","5":"has-post-thumbnail","7":"category-brasil","8":"category-economia"},"_links":{"self":[{"href":"https:\/\/migracao.redenoticia.com.br\/noticia\/wp-json\/wp\/v2\/posts\/38162","targetHints":{"allow":["GET"]}}],"collection":[{"href":"https:\/\/migracao.redenoticia.com.br\/noticia\/wp-json\/wp\/v2\/posts"}],"about":[{"href":"https:\/\/migracao.redenoticia.com.br\/noticia\/wp-json\/wp\/v2\/types\/post"}],"author":[{"embeddable":true,"href":"https:\/\/migracao.redenoticia.com.br\/noticia\/wp-json\/wp\/v2\/users\/3"}],"replies":[{"embeddable":true,"href":"https:\/\/migracao.redenoticia.com.br\/noticia\/wp-json\/wp\/v2\/comments?post=38162"}],"version-history":[{"count":0,"href":"https:\/\/migracao.redenoticia.com.br\/noticia\/wp-json\/wp\/v2\/posts\/38162\/revisions"}],"wp:featuredmedia":[{"embeddable":true,"href":"https:\/\/migracao.redenoticia.com.br\/noticia\/wp-json\/wp\/v2\/media\/36257"}],"wp:attachment":[{"href":"https:\/\/migracao.redenoticia.com.br\/noticia\/wp-json\/wp\/v2\/media?parent=38162"}],"wp:term":[{"taxonomy":"category","embeddable":true,"href":"https:\/\/migracao.redenoticia.com.br\/noticia\/wp-json\/wp\/v2\/categories?post=38162"},{"taxonomy":"post_tag","embeddable":true,"href":"https:\/\/migracao.redenoticia.com.br\/noticia\/wp-json\/wp\/v2\/tags?post=38162"}],"curies":[{"name":"wp","href":"https:\/\/api.w.org\/{rel}","templated":true}]}}