{"id":38163,"date":"2012-02-09T17:29:54","date_gmt":"2012-02-09T19:29:54","guid":{"rendered":"http:\/\/www.redenoticia.com.br\/noticia\/?p=38163"},"modified":"2012-02-09T17:29:54","modified_gmt":"2012-02-09T19:29:54","slug":"educacao-de-sp-supera-metas-do-ideb","status":"publish","type":"post","link":"https:\/\/migracao.redenoticia.com.br\/noticia\/2012\/educacao-de-sp-supera-metas-do-ideb\/38163","title":{"rendered":"Educa\u00e7\u00e3o de SP supera metas do Ideb"},"content":{"rendered":"<p><img loading=\"lazy\" decoding=\"async\" class=\"alignleft size-full wp-image-34749\" title=\"professor\" src=\"https:\/\/migracao.redenoticia.com.br\/noticia\/imagens\/professor1.jpg\" alt=\"\" width=\"300\" height=\"193\" srcset=\"https:\/\/migracao.redenoticia.com.br\/noticia\/imagens\/professor1.jpg 300w, https:\/\/migracao.redenoticia.com.br\/noticia\/imagens\/professor1-250x160.jpg 250w, https:\/\/migracao.redenoticia.com.br\/noticia\/imagens\/professor1-150x96.jpg 150w\" sizes=\"auto, (max-width: 300px) 100vw, 300px\" \/>Em rela\u00e7\u00e3o aos dados divulgados na ter\u00e7a, 7, pelo movimento Todos pela Educa\u00e7\u00e3o, a Secretaria da Educa\u00e7\u00e3o do Estado de S\u00e3o Paulo entende que essa iniciativa \u00e9 um alerta importante para que a educa\u00e7\u00e3o p\u00fablica brasileira esteja sintonizada com os esfor\u00e7os voltados \u00e0 melhoria da qualidade do ensino. \u00c9 o que vem sendo feito pela rede estadual de S\u00e3o Paulo, cujos indicadores de desempenho superaram as metas do <em><strong>Ideb<\/strong><\/em> (\u00cdndice de Desenvolvimento da Educa\u00e7\u00e3o B\u00e1sica) estabelecidas pelo Minist\u00e9rio da Educa\u00e7\u00e3o para todos os n\u00edveis de ensino em 2007 e em 2009 (os dados de 2011 ainda n\u00e3o foram divulgados).<\/p>\n<p>No ciclo 1 do Ensino Fundamental (4\u00aa s\u00e9rie\/5\u00ba ano), o Ideb obtido em 2007 foi de 5.0, enquanto a meta era de 4.8. Em 2009, o \u00edndice foi de 5.5 para uma proje\u00e7\u00e3o de 5.1.<\/p>\n<p>No ciclo 2 do Ensino Fundamental (8\u00aa s\u00e9rie\/9\u00ba ano), o Ideb alcan\u00e7ado em 2007 foi de 4.3, um ponto acima da meta projetada. Em 2009, o \u00edndice Ideb foi 4.5, sendo que a meta era 4.4.<\/p>\n<p>Na 3\u00aa s\u00e9rie do Ensino M\u00e9dio, em 2007 e em 2009, o resultado foi 3.9 para metas, respectivamente, de 3.6 e 3.7.<\/p>\n<p>Em rela\u00e7\u00e3o ao dado sobre a popula\u00e7\u00e3o n\u00e3o atendida, o Estado de S\u00e3o Paulo tem alcan\u00e7ado elevados n\u00edveis de escolariza\u00e7\u00e3o em todos os segmentos de renda. Conforme dados da PNAD\/IBGE, de 1992 a 2008, no Ensino Fundamental, a taxa m\u00e9dia de escolariza\u00e7\u00e3o evoluiu de 91,1% para 97,4%, sendo que a varia\u00e7\u00e3o entre os 20% mais pobres foi de 85,2% para 96,6%.<\/p>\n<p>No mesmo per\u00edodo, para o Ensino M\u00e9dio, a taxa m\u00e9dia de escolariza\u00e7\u00e3o cresceu de 29,7% para 69,5%. Entre os 20% mais pobres da popula\u00e7\u00e3o paulista, o aumentou foi de 10% para 55,7%.<\/p>\n<p>O Estado apresenta indicadores de desempenho positivos tamb\u00e9m na propor\u00e7\u00e3o de jovens que conclu\u00edram a educa\u00e7\u00e3o b\u00e1sica de 2002 a 2008. Segundo dados da PNAD\/IBGE, a propor\u00e7\u00e3o de jovens de 16 anos que conclu\u00edram o Ensino Fundamental nesse per\u00edodo cresceu de 71,2% para 80%, sendo que a meta estabelecida pelo Todos pela Educa\u00e7\u00e3o era de 78,6%.<\/p>\n<p>Tamb\u00e9m de 2002 a 2008, a propor\u00e7\u00e3o de jovens de 19 anos que conclu\u00edram o Ensino M\u00e9dio aumentou de 51,1% para 64,8%, enquanto a meta fixada pela entidade era de 58,4%.<\/p>\n<p>Da Secretaria da Educa\u00e7\u00e3o<\/p>\n","protected":false},"excerpt":{"rendered":"<p>Em rela\u00e7\u00e3o aos dados divulgados na ter\u00e7a, 7, pelo movimento Todos pela Educa\u00e7\u00e3o, a Secretaria da Educa\u00e7\u00e3o do Estado de S\u00e3o Paulo entende que essa iniciativa \u00e9 um alerta importante para que a educa\u00e7\u00e3o p\u00fablica brasileira esteja sintonizada com os esfor\u00e7os voltados \u00e0 melhoria da qualidade do ensino. \u00c9 o que vem sendo feito pela [&hellip;]<\/p>\n","protected":false},"author":3,"featured_media":34749,"comment_status":"open","ping_status":"closed","sticky":false,"template":"","format":"standard","meta":{"tdm_status":"","tdm_grid_status":"","footnotes":""},"categories":[22],"tags":[],"class_list":{"0":"post-38163","1":"post","2":"type-post","3":"status-publish","4":"format-standard","5":"has-post-thumbnail","7":"category-brasil"},"_links":{"self":[{"href":"https:\/\/migracao.redenoticia.com.br\/noticia\/wp-json\/wp\/v2\/posts\/38163","targetHints":{"allow":["GET"]}}],"collection":[{"href":"https:\/\/migracao.redenoticia.com.br\/noticia\/wp-json\/wp\/v2\/posts"}],"about":[{"href":"https:\/\/migracao.redenoticia.com.br\/noticia\/wp-json\/wp\/v2\/types\/post"}],"author":[{"embeddable":true,"href":"https:\/\/migracao.redenoticia.com.br\/noticia\/wp-json\/wp\/v2\/users\/3"}],"replies":[{"embeddable":true,"href":"https:\/\/migracao.redenoticia.com.br\/noticia\/wp-json\/wp\/v2\/comments?post=38163"}],"version-history":[{"count":0,"href":"https:\/\/migracao.redenoticia.com.br\/noticia\/wp-json\/wp\/v2\/posts\/38163\/revisions"}],"wp:featuredmedia":[{"embeddable":true,"href":"https:\/\/migracao.redenoticia.com.br\/noticia\/wp-json\/wp\/v2\/media\/34749"}],"wp:attachment":[{"href":"https:\/\/migracao.redenoticia.com.br\/noticia\/wp-json\/wp\/v2\/media?parent=38163"}],"wp:term":[{"taxonomy":"category","embeddable":true,"href":"https:\/\/migracao.redenoticia.com.br\/noticia\/wp-json\/wp\/v2\/categories?post=38163"},{"taxonomy":"post_tag","embeddable":true,"href":"https:\/\/migracao.redenoticia.com.br\/noticia\/wp-json\/wp\/v2\/tags?post=38163"}],"curies":[{"name":"wp","href":"https:\/\/api.w.org\/{rel}","templated":true}]}}