{"id":38164,"date":"2012-02-09T17:34:55","date_gmt":"2012-02-09T19:34:55","guid":{"rendered":"http:\/\/www.redenoticia.com.br\/noticia\/?p=38164"},"modified":"2012-02-09T17:34:55","modified_gmt":"2012-02-09T19:34:55","slug":"concurso-de-roteiros-de-curta-metragem-premiara-com-viagem","status":"publish","type":"post","link":"https:\/\/migracao.redenoticia.com.br\/noticia\/2012\/concurso-de-roteiros-de-curta-metragem-premiara-com-viagem\/38164","title":{"rendered":"Concurso de roteiros de curta metragem premiar\u00e1 com viagem"},"content":{"rendered":"<p><img loading=\"lazy\" decoding=\"async\" class=\"alignleft size-full wp-image-36265\" title=\"aluno b\" src=\"https:\/\/migracao.redenoticia.com.br\/noticia\/imagens\/aluno-b.jpg\" alt=\"\" width=\"300\" height=\"193\" srcset=\"https:\/\/migracao.redenoticia.com.br\/noticia\/imagens\/aluno-b.jpg 300w, https:\/\/migracao.redenoticia.com.br\/noticia\/imagens\/aluno-b-250x161.jpg 250w, https:\/\/migracao.redenoticia.com.br\/noticia\/imagens\/aluno-b-150x97.jpg 150w\" sizes=\"auto, (max-width: 300px) 100vw, 300px\" \/>Estudantes do sexto ao nono ano do ensino fundamental p\u00fablico, que estudam em escolas que adotam o programa Mais Educa\u00e7\u00e3o, podem participar do <em><strong>concurso<\/strong><\/em> Escola, <em><strong>roteiro e cinema<\/strong><\/em>. As inscri\u00e7\u00f5es devem ser feitas at\u00e9 15 de abril. O pr\u00eamio para os vencedores ser\u00e1 uma viagem \u00e0 cidade de Salamanca, na Espanha, em setembro deste ano.<\/p>\n<p>O concurso Escola, roteiro e cinema \u00e9 promovido pelo MEC, em parceria com a Organiza\u00e7\u00e3o dos Estados Ibero-americanos para a Educa\u00e7\u00e3o, Ci\u00eancia e Cultura (OEI). Os objetivos do concurso s\u00e3o estimular os jovens a escrever, a expressar id\u00e9ias e sentimentos e aproxim\u00e1-los do cinema e da televis\u00e3o.<\/p>\n<p>O tema do concurso \u00e9 O lugar onde vivo. Antes de escrever o trabalho, o estudante deve escolher algo t\u00edpico sobre os costumes da regi\u00e3o onde reside, como lendas, tradi\u00e7\u00f5es, testemunhos, mem\u00f3rias. Pode concorrer um aluno, ou um grupo de at\u00e9 quatro colegas. A inscri\u00e7\u00e3o consta de roteiro para um filme de curta-metragem de at\u00e9 tr\u00eas minutos, sinopse e dados de identifica\u00e7\u00e3o do autor ou autores, al\u00e9m de carta do diretor da escola e pr\u00e9-autoriza\u00e7\u00e3o dos pais ou respons\u00e1veis pelo estudante.<\/p>\n<p>De acordo com o regulamento do concurso, o autor deve eleger um g\u00eanero liter\u00e1rio, tal como humor, terror, suspense, romance. Na apresenta\u00e7\u00e3o do trabalho, deve descrever as cenas e di\u00e1logos e prestar aten\u00e7\u00e3o nos crit\u00e9rios que ser\u00e3o considerados na avalia\u00e7\u00e3o: corre\u00e7\u00e3o lingu\u00edstica, clareza de express\u00e3o, coer\u00eancia entre as cenas, criatividade, originalidade e representatividade geogr\u00e1fica.<\/p>\n<p>Cronograma \u2013 O regulamento do concurso compreende inscri\u00e7\u00e3o at\u00e9 15 de abril; em maio, uma comiss\u00e3o vai escolher entre os inscritos at\u00e9 25 trabalhos que ser\u00e3o enviados para a comiss\u00e3o julgadora (formada por especialistas indicados pelo MEC e OEI).<\/p>\n<p>Cabe \u00e0 comiss\u00e3o julgadora selecionar at\u00e9 cinco roteiros que ser\u00e3o produzidos pela TV Escola, do MEC, em julho. Em setembro, os autores viajam a Salamanca para a exibi\u00e7\u00e3o dos filmes durante evento do Programa para o Fortalecimento das L\u00ednguas da \u00cdbero-Am\u00e9rica na Educa\u00e7\u00e3o, promovido pela OEI. A viagem dos estudantes ser\u00e1 custeada pela Funda\u00e7\u00e3o SM.<\/p>\n<p>Inscri\u00e7\u00e3o \u2013 Conforme o <a href=\"http:\/\/www.oei.org.br\/concursocinema\/regulamento.php\" target=\"_blank\">regulamento<\/a>, os estudantes podem enviar os roteiros de duas formas: por\u00a0<script type=\"text\/javascript\"><\/script>correio eletr\u00f4nico\u00a0ou por carta registrada, com aviso de recebimento, para OEI Bras\u00edlia \u2013 SHS quadra 6, conjunto A, sala 919 \u2013 Business Center Tower \u2013 Complexo Brasil 21 \u2013 Bras\u00edlia \u2013 DF, CEP 70316-109.<\/p>\n<p>Ionice Lorenzoni<\/p>\n","protected":false},"excerpt":{"rendered":"<p>Estudantes do sexto ao nono ano do ensino fundamental p\u00fablico, que estudam em escolas que adotam o programa Mais Educa\u00e7\u00e3o, podem participar do concurso Escola, roteiro e cinema. As inscri\u00e7\u00f5es devem ser feitas at\u00e9 15 de abril. O pr\u00eamio para os vencedores ser\u00e1 uma viagem \u00e0 cidade de Salamanca, na Espanha, em setembro deste ano. [&hellip;]<\/p>\n","protected":false},"author":3,"featured_media":36265,"comment_status":"open","ping_status":"closed","sticky":false,"template":"","format":"standard","meta":{"tdm_status":"","tdm_grid_status":"","footnotes":""},"categories":[22],"tags":[],"class_list":{"0":"post-38164","1":"post","2":"type-post","3":"status-publish","4":"format-standard","5":"has-post-thumbnail","7":"category-brasil"},"_links":{"self":[{"href":"https:\/\/migracao.redenoticia.com.br\/noticia\/wp-json\/wp\/v2\/posts\/38164","targetHints":{"allow":["GET"]}}],"collection":[{"href":"https:\/\/migracao.redenoticia.com.br\/noticia\/wp-json\/wp\/v2\/posts"}],"about":[{"href":"https:\/\/migracao.redenoticia.com.br\/noticia\/wp-json\/wp\/v2\/types\/post"}],"author":[{"embeddable":true,"href":"https:\/\/migracao.redenoticia.com.br\/noticia\/wp-json\/wp\/v2\/users\/3"}],"replies":[{"embeddable":true,"href":"https:\/\/migracao.redenoticia.com.br\/noticia\/wp-json\/wp\/v2\/comments?post=38164"}],"version-history":[{"count":0,"href":"https:\/\/migracao.redenoticia.com.br\/noticia\/wp-json\/wp\/v2\/posts\/38164\/revisions"}],"wp:featuredmedia":[{"embeddable":true,"href":"https:\/\/migracao.redenoticia.com.br\/noticia\/wp-json\/wp\/v2\/media\/36265"}],"wp:attachment":[{"href":"https:\/\/migracao.redenoticia.com.br\/noticia\/wp-json\/wp\/v2\/media?parent=38164"}],"wp:term":[{"taxonomy":"category","embeddable":true,"href":"https:\/\/migracao.redenoticia.com.br\/noticia\/wp-json\/wp\/v2\/categories?post=38164"},{"taxonomy":"post_tag","embeddable":true,"href":"https:\/\/migracao.redenoticia.com.br\/noticia\/wp-json\/wp\/v2\/tags?post=38164"}],"curies":[{"name":"wp","href":"https:\/\/api.w.org\/{rel}","templated":true}]}}