{"id":38175,"date":"2012-02-10T17:12:21","date_gmt":"2012-02-10T19:12:21","guid":{"rendered":"http:\/\/www.redenoticia.com.br\/noticia\/?p=38175"},"modified":"2012-02-10T17:12:21","modified_gmt":"2012-02-10T19:12:21","slug":"unesp-e-parceira-da-wikipedia-no-brasil","status":"publish","type":"post","link":"https:\/\/migracao.redenoticia.com.br\/noticia\/2012\/unesp-e-parceira-da-wikipedia-no-brasil\/38175","title":{"rendered":"Unesp \u00e9 parceira da Wikip\u00e9dia no Brasil"},"content":{"rendered":"<p><img loading=\"lazy\" decoding=\"async\" class=\"alignleft size-full wp-image-37419\" title=\"computador tecnologia\" src=\"https:\/\/migracao.redenoticia.com.br\/noticia\/imagens\/computador-tecnologia.jpg\" alt=\"\" width=\"300\" height=\"193\" srcset=\"https:\/\/migracao.redenoticia.com.br\/noticia\/imagens\/computador-tecnologia.jpg 300w, https:\/\/migracao.redenoticia.com.br\/noticia\/imagens\/computador-tecnologia-250x161.jpg 250w, https:\/\/migracao.redenoticia.com.br\/noticia\/imagens\/computador-tecnologia-150x97.jpg 150w\" sizes=\"auto, (max-width: 300px) 100vw, 300px\" \/>Ag\u00eancia FAPESP \u2013 Alunos de gradua\u00e7\u00e3o em biblioteconomia e arquivologia da Universidade Estadual Paulista (<em><strong>Unesp<\/strong><\/em>), campus de Mar\u00edlia, escreveram e reescreveram em 2011 a defini\u00e7\u00e3o de 11 verbetes em portugu\u00eas da <em><strong>Wikip\u00e9dia<\/strong><\/em> \u2013 enciclop\u00e9dia digital multil\u00edngue que pode ser consultada livremente e alterada pelos pr\u00f3prios usu\u00e1rios.<\/p>\n<p>Os termos reformulados pelos estudantes foram indicados em conjunto com a Funda\u00e7\u00e3o Wikimedia e est\u00e3o ligados \u00e0 disciplina Hist\u00f3ria da Cultura, obrigat\u00f3ria para os dois cursos.<\/p>\n<p>O trabalho dos estudantes \u00e9 parte de um projeto intitulado Wikimedia Education Program. Por meio dele, institui\u00e7\u00f5es de ensino superior ajudam o site a melhorar seu conte\u00fado, vinculando a tarefa ao curr\u00edculo da gradua\u00e7\u00e3o.<\/p>\n<p>Por meio do trabalho realizado pelos estudantes, a Unesp se tornou a primeira institui\u00e7\u00e3o brasileira a cooperar com a Wikip\u00e9dia, seguida pela Universidade Federal do Estado do Rio de Janeiro (Unirio), que participou com dois projetos em 2011. A Universidade de S\u00e3o Paulo (USP) deve aderir ao programa em 2012.<\/p>\n<p>Mais de 50 universidades nos Estados Unidos participam do projeto. Entre elas a Universidade da Calif\u00f3rnia em Berkeley, a Universidade de Col\u00fambia e a Universidade Yale.<\/p>\n<p>No Canad\u00e1, oito institui\u00e7\u00f5es mant\u00eam diferentes programas. A \u00cdndia se destaca com tr\u00eas universidades participantes e cerca de 30 embaixadores (l\u00edderes de um projeto espec\u00edfico que cuidam para que o trabalho seja executado no ritmo e padr\u00e3o de qualidade necess\u00e1rios).<\/p>\n<p>A atividade na Unesp de Mar\u00edlia \u00e9 coordenada pela professora Maria Jos\u00e9 Vicentini Jorente, que pesquisa a Wikip\u00e9dia e outras ferramentas de difus\u00e3o de informa\u00e7\u00f5es da web, como blogs e redes sociais.<\/p>\n<p>A fun\u00e7\u00e3o de embaixador foi assumida por Jaider Andrade Ferreira, rec\u00e9m-graduado em biblioteconomia e que, atualmente, realiza mestrado em Ci\u00eancias da Informa\u00e7\u00e3o na Faculdade de Filosofia e Ci\u00eancias da Unesp com Bolsa da FAPESP.<\/p>\n<p>\u201cO embaixador tem que ser algu\u00e9m que re\u00fane muitas qualidades, o que \u00e9 extremamente dif\u00edcil. Ele deve entender linguagens t\u00e9cnicas da internet, como HTML, precisa saber coordenar uma equipe grande, que, no nosso caso, teve 60 pessoas, e saber lidar com o aspecto humano do trabalho, mediando conflitos entre os colegas\u201d, explicou Jorente.<\/p>\n<p>Ferreira aproveitou a experi\u00eancia como \u201cembaixador\u201d para desenvolver um estudo sobre o assunto em um projeto de <a href=\"http:\/\/www.bv.fapesp.br\/pt\/bolsas\/54840\/wikipedia-inteligencia-coletiva-conceito-web\/\" target=\"_blank\">inicia\u00e7\u00e3o cient\u00edfica<\/a>, tamb\u00e9m realizado com Bolsa da FAPESP. A pesquisa resultou em seu trabalho de conclus\u00e3o de curso e no projeto inscrito por ele para ingressar no mestrado na Unesp.<\/p>\n<p>Um resumo do trabalho realizado pelos estudantes da Unesp de Mar\u00edlia com a descri\u00e7\u00e3o das inser\u00e7\u00f5es da Wikip\u00e9dia reformuladas por eles pode ser acessado em <a href=\"http:\/\/pt.wikipedia.org\/wiki\/Wikip%C3%A9dia:Embaixadores\/Disciplinas\/Primeiro_semestre_de_2011\/Hist%C3%B3ria_da_Cultura_%28Maria_Jos%C3%A9_Vicentini_Jorente%29\" target=\"_blank\">pt.wikipedia.org\/<\/a><\/p>\n<p>Mais informa\u00e7\u00f5es: <a href=\"http:\/\/www.unesp.br\/noticia.php?artigo=8012\" target=\"_blank\">www.unesp.br\/noticia.php?artigo=8012<\/a><\/p>\n","protected":false},"excerpt":{"rendered":"<p>Ag\u00eancia FAPESP \u2013 Alunos de gradua\u00e7\u00e3o em biblioteconomia e arquivologia da Universidade Estadual Paulista (Unesp), campus de Mar\u00edlia, escreveram e reescreveram em 2011 a defini\u00e7\u00e3o de 11 verbetes em portugu\u00eas da Wikip\u00e9dia \u2013 enciclop\u00e9dia digital multil\u00edngue que pode ser consultada livremente e alterada pelos pr\u00f3prios usu\u00e1rios. Os termos reformulados pelos estudantes foram indicados em conjunto [&hellip;]<\/p>\n","protected":false},"author":3,"featured_media":37419,"comment_status":"open","ping_status":"closed","sticky":false,"template":"","format":"standard","meta":{"tdm_status":"","tdm_grid_status":"","footnotes":""},"categories":[22],"tags":[],"class_list":{"0":"post-38175","1":"post","2":"type-post","3":"status-publish","4":"format-standard","5":"has-post-thumbnail","7":"category-brasil"},"_links":{"self":[{"href":"https:\/\/migracao.redenoticia.com.br\/noticia\/wp-json\/wp\/v2\/posts\/38175","targetHints":{"allow":["GET"]}}],"collection":[{"href":"https:\/\/migracao.redenoticia.com.br\/noticia\/wp-json\/wp\/v2\/posts"}],"about":[{"href":"https:\/\/migracao.redenoticia.com.br\/noticia\/wp-json\/wp\/v2\/types\/post"}],"author":[{"embeddable":true,"href":"https:\/\/migracao.redenoticia.com.br\/noticia\/wp-json\/wp\/v2\/users\/3"}],"replies":[{"embeddable":true,"href":"https:\/\/migracao.redenoticia.com.br\/noticia\/wp-json\/wp\/v2\/comments?post=38175"}],"version-history":[{"count":0,"href":"https:\/\/migracao.redenoticia.com.br\/noticia\/wp-json\/wp\/v2\/posts\/38175\/revisions"}],"wp:featuredmedia":[{"embeddable":true,"href":"https:\/\/migracao.redenoticia.com.br\/noticia\/wp-json\/wp\/v2\/media\/37419"}],"wp:attachment":[{"href":"https:\/\/migracao.redenoticia.com.br\/noticia\/wp-json\/wp\/v2\/media?parent=38175"}],"wp:term":[{"taxonomy":"category","embeddable":true,"href":"https:\/\/migracao.redenoticia.com.br\/noticia\/wp-json\/wp\/v2\/categories?post=38175"},{"taxonomy":"post_tag","embeddable":true,"href":"https:\/\/migracao.redenoticia.com.br\/noticia\/wp-json\/wp\/v2\/tags?post=38175"}],"curies":[{"name":"wp","href":"https:\/\/api.w.org\/{rel}","templated":true}]}}