{"id":38177,"date":"2012-02-10T15:18:10","date_gmt":"2012-02-10T17:18:10","guid":{"rendered":"http:\/\/www.redenoticia.com.br\/noticia\/?p=38177"},"modified":"2012-02-10T17:21:18","modified_gmt":"2012-02-10T19:21:18","slug":"agenda-cultural-sp-desta-semana-10-a-1702","status":"publish","type":"post","link":"https:\/\/migracao.redenoticia.com.br\/noticia\/2012\/agenda-cultural-sp-desta-semana-10-a-1702\/38177","title":{"rendered":"Agenda cultural SP desta semana (10 a 17\/02)"},"content":{"rendered":"<p><img loading=\"lazy\" decoding=\"async\" class=\"alignleft size-full wp-image-27918\" title=\"virada cultural sp\" src=\"https:\/\/migracao.redenoticia.com.br\/noticia\/imagens\/virada-cultural-sp-2010.jpg\" alt=\"\" width=\"300\" height=\"193\" srcset=\"https:\/\/migracao.redenoticia.com.br\/noticia\/imagens\/virada-cultural-sp-2010.jpg 300w, https:\/\/migracao.redenoticia.com.br\/noticia\/imagens\/virada-cultural-sp-2010-250x160.jpg 250w, https:\/\/migracao.redenoticia.com.br\/noticia\/imagens\/virada-cultural-sp-2010-150x96.jpg 150w\" sizes=\"auto, (max-width: 300px) 100vw, 300px\" \/>Semanalmente, o Portal do Governo do Estado e a Ag\u00eancia Di\u00e1rio Oficial preparam uma mat\u00e9ria especial com diversas op\u00e7\u00f5es para a semana. Entre outros destaques que voc\u00ea pode conferir, vale a visita ao Memorial da Am\u00e9rica Latina, que est\u00e1 temporariamente abrigando os pain\u00e9is <em><strong>Guerra e Paz<\/strong><\/em>, de C\u00e2ndido Portinari. \u00c9 a primeira vez que as obras s\u00e3o expostas para o p\u00fablico brasileiro.<\/p>\n<p>Em cada dia da pr\u00f3xima semana, uma s\u00e9rie de eventos comemora um dos movimentos revolucion\u00e1rios mais marcantes do mundo art\u00edstico e liter\u00e1rio: a Semana de Arte Moderna de 22. Pintura e escultura, poesia, literatura e m\u00fasica est\u00e3o entre os temas apresentados. Veja abaixo a programa\u00e7\u00e3o completa.<\/p>\n<p>Semana de Arte Moderna de 22<\/p>\n<p>Alguns eventos comemoram o anivers\u00e1rio de um dos movimentos revolucion\u00e1rios mais marcantes do mundo art\u00edstico e liter\u00e1rio. A Semana de Arte Moderna ocor\u00ad\u00ad\u00ad\u00adreu no Teatro Municipal de S\u00e3o Paulo nos dias 13, 15 e 17 de fevereiro de 1922. E cada dia da semana foi dedicado a um tema respectivamente: pintura e escultura, poesia, literatura e m\u00fasica. Participaram nomes consagrados do modernismo brasileiro, como M\u00e1rio de Andrade, Oswald de Andrade, V\u00edctor Brecheret, Pl\u00ednio Salgado, Anita Malfatti, Menotti Del Pichia, Guilherme de Almeida, S\u00e9rgio Milliet, Heitor Villa-Lobos, Tarsila do Amaral, T\u00e1cito de Almeida, Di Cavalcanti entre outros.<\/p>\n<p>Semana de Arte Moderna: 90 anos depois<br \/>\nPara comemorar os 90 anos de um dos movimentos culturais mais importantes de nossa hist\u00f3ria, Semana de 22, no pr\u00f3ximo dia 13, a Casa das Rosas apresenta sarau com m\u00fasica, poesia e arte, al\u00e9m de convidados especiais, em homenagem aos nomes consagrados do modernismo brasileiro como Mario de Andrade, Oswald de Andrade, Guilherme de Almeida e demais poetas. Apresenta\u00e7\u00e3o de Fernanda de Almeida Prado.<\/p>\n<p>Casa das Rosas &#8211; Espa\u00e7o Haroldo de Campos de Poesia e Literatura<br \/>\nAv. Paulista, 37 &#8211; Bela Vista &#8211; S\u00e3o Paulo<br \/>\nTelefone (11) 3285-6986<br \/>\nQuinta-feira, 16, 20h<br \/>\nEntrada franca. Classifica\u00e7\u00e3o: livre<\/p>\n<p>Encontro Peripat\u00e9tico<br \/>\nO museu Casa Guilherme de Almeida realiza passeio ao acervo de arte moderna com visita\u00e7\u00e3o tem\u00e1tica pelo interior da resid\u00eancia do poeta. No percurso, ser\u00e3o abordados aspectos relevantes desse momento da trajet\u00f3ria das vanguardas no Brasil. Haver\u00e1, tamb\u00e9m, palestra e recital.<\/p>\n<p>Casa Guilherme de Almeida<br \/>\nRua Macap\u00e1, 187 &#8211; Pacaembu &#8211; S\u00e3o Paulo<br \/>\nTelefone (11) 3673-1883<br \/>\nAmanh\u00e3, das 10h \u00e0s 15h; ter\u00e7a, 14, a sexta-feira, 18, \u00e0s 14h30 e \u00e0s 16h; palestra Guilherme de Almeida e os an\u00fancios da Klaxon: ter\u00e7a-feira, 14, \u00e0s 19h; recital M\u00fasica e Poesia Modernista: quarta-feira, 15, \u00e0s 19h<br \/>\nEntrada franca<br \/>\nClassifica\u00e7\u00e3o: livre<\/p>\n<p>Oswald de Andrade: o culpado de tudo<br \/>\nMostra em homenagem ao escritor paulistano conta vida e a obra de um dos idealizadores da Semana de Arte Moderna, de 1922, que tamb\u00e9m foi militante comunista e mudou o rumo da cultura nacional. A trajet\u00f3ria de Oswald \u00e9 contada em tr\u00eas dimens\u00f5es de leitura: po\u00e9tica, hist\u00f3rico-biogr\u00e1fica e filos\u00f3fica, por meio de pain\u00e9is explicativos, v\u00eddeos e frases de sua autoria, escritas nos banheiros do museu. Um dos destaques \u00e9 o painel de Laura Vinci, com v\u00e1rias notas de cruzeiro manchadas, representando a crise econ\u00f4mica de 1929, quando o escritor perdeu sua fortuna. Curadoria de Jos\u00e9 Miguel Wisnik. Projeto expogr\u00e1fico de Pedro Mendes da Rocha.<\/p>\n<p>Museu da L\u00edngua Portuguesa<br \/>\nPra\u00e7a da Luz, s\/n\u00ba &#8211; Luz &#8211; S\u00e3o Pulo<br \/>\nTelefone (11) 3326-0775<br \/>\nTer\u00e7a-feira a domingo e feriado, das 10h \u00e0s 18h<br \/>\nIngressos: R$ 6 e R$ 3 (meia-entrada)<br \/>\nEntrada franca aos s\u00e1bados<br \/>\nClassifica\u00e7\u00e3o: livre<br \/>\nAt\u00e9 26 de fevereiro<\/p>\n<p>Macuna\u00edma e os 90 Anos da Semana de Arte Moderna<br \/>\nDocumentos, pe\u00e7as hist\u00f3ricas e artesanatos representam os personagens do livro Macuna\u00edma (her\u00f3i sem nenhum car\u00e1ter, \u00edndio que representa o povo brasileiro), de M\u00e1rio de Andrade (1893 &#8211; 1945), um dos fundadores do modernismo e principal organizador da Semana de 1922. O acervo faz parte do Centro Cultural Professor Waldemar Saffioti, na cidade de Araraquara, interior paulista, casa em que o escritor morou quando escreveu a obra. A exposi\u00e7\u00e3o se divide em tr\u00eas segmentos: ind\u00edgena, com o nascimento de Macuna\u00edma e artefatos caracter\u00edsticos; religioso, dividido entre o catolicismo e o candombl\u00e9; e regionalista, pe\u00e7as que representam as festas t\u00edpicas, como o Boi-Bumb\u00e1, as cren\u00e7as e ditos populares. Curadoria do professor da Faculdade de Ci\u00eancias e Letras, Luiz Antonio Amaral, e da bolsista Maria Luiza C\u00e2mara de Camargo.<\/p>\n<p>Universidade Estadual Paulista Julio de Mesquita Filho &#8211; Unesp<br \/>\nRua Quirino de Andrade, 215 &#8211; Vale do Anhangaba\u00fa &#8211; centro &#8211; S\u00e3o Paulo<br \/>\nTelefone (11) 5627-0233<br \/>\nSegunda a sexta-feira, das 8h \u00e0s 17h<br \/>\nEntrada franca<br \/>\nClassifica\u00e7\u00e3o: livre<br \/>\nAt\u00e9 o dia 17<\/p>\n<p>Paulo Prado, a Oligarquia Cafeeira na Semana de Arte Moderna<br \/>\nMostra com pain\u00e9is abordam a rela\u00e7\u00e3o do caf\u00e9 com os artistas do modernismo. A exposi\u00e7\u00e3o trata da figura de Paulo Prado (1869-1943), personalidade importante da oligarquia cafeeira paulistana e patrocinador de Semana de Arte Moderna.<\/p>\n<p>Museu do Caf\u00e9<br \/>\nRua XV de Novembro, 95 &#8211; centro &#8211; Santos<br \/>\nTelefone (13) 3213-1750<br \/>\nSegunda a sextas-feira, das 9h \u00e0s 11h e das 14h \u00e0s 17h. S\u00e1bado, domingo e feriado, das 12h \u00e0s 17h<br \/>\nEntrada franca<br \/>\nClassifica\u00e7\u00e3o: livre<br \/>\nAt\u00e9 o dia 25<\/p>\n<p>M\u00e1rio de Andrade, o Modernista de S\u00e3o Paulo<br \/>\nPinturas, objetos, imagens e textos com o tema voltado ao evento.<\/p>\n<p>Museu Afro Brasil<br \/>\nAv. Pedro \u00c1lvares Cabral, s\/n\u00ba &#8211; Parque Ibirapuera &#8211; Port\u00e3o 10 &#8211; S\u00e3o Paulo<br \/>\nTelefone (11) 3320-8940<br \/>\nTer\u00e7a-feira a domingo, das 10h \u00e0s 17h<br \/>\nEntrada franca. Classifica\u00e7\u00e3o: livre<br \/>\nAt\u00e9 abril<\/p>\n<p>GUERRA E PAZ<br \/>\nSeja bem-vinda!<\/p>\n<p>O que parecia quase imposs\u00edvel tornou-se uma feliz realidade para os brasileiros. Pela primeira vez \u00e9 exposta no Pa\u00eds uma das mais importantes e monumentais obras do artista pl\u00e1stico, natural de Brodowski, C\u00e2ndido Portinari (1903-1962) &#8211; Guerra e paz. Os dois murais foram produzidos entre 1952 e 1956, no Teatro Municipal do Rio de Janeiro, encomendados pelo governo brasileiro como doa\u00e7\u00e3o \u00e0 sede da Organiza\u00e7\u00e3o das Na\u00e7\u00f5es Unidas (ONU), em Nova York, sendo vistos, por quest\u00e3o de seguran\u00e7a, somente por pessoas que tenham acesso ao local.<\/p>\n<p>Enquanto as instala\u00e7\u00f5es da ONU passam por reformas at\u00e9 2013, as obras foram trazidas para o Brasil, por iniciativa do Projeto Portinari, mais precisamente na cidade carioca, em 2010, onde passaram por restaura\u00e7\u00e3o. A inaugura\u00e7\u00e3o dos gigantescos pain\u00e9is em S\u00e3o Paulo ocorreu na Sala dos Atos, no Memorial da Am\u00e9rica Latina, na \u00faltima segunda-feira, 6, em homenagem ao cinquenten\u00e1rio da morte do pintor. Com cores intensas pintadas sobre placas de madeira com 2,20 m de altura por 5 m de comprimento cada, os quadros est\u00e3o expostos lado a lado, num di\u00e1logo de rep\u00fadio \u00e0 viol\u00eancia, e a esperan\u00e7a em busca da paz. A mostra inclui audiovisuais e document\u00e1rios sobre a vida e a obra do pintor. Depois de S\u00e3o Paulo, os pain\u00e9is percorrer\u00e3o a R\u00fassia, China, \u00cdndia e \u00c1frica do Sul, al\u00e9m da cidade de Oslo, na Noruega (por ocasi\u00e3o da entrega do Pr\u00eamio Nobel da Paz, em dezembro de 2012), antes de retornarem aos Estados Unidos.<\/p>\n<p>Memorial da Am\u00e9rica Latina &#8211; Audit\u00f3rio Sim\u00f3n Bol\u00edvar<br \/>\nAv. Auro Soares de Moura Andrade, 664 &#8211; Barra Funda &#8211; S\u00e3o Paulo<br \/>\nTelefone (11) 3823-4600<br \/>\nTer\u00e7a-feira a domingo, das 9h \u00e0s 18h. Entrada franca<br \/>\nClassifica\u00e7\u00e3o: livre. At\u00e9 21 de abril<\/p>\n<p>Anivers\u00e1rio cultural tem pe\u00e7a teatral<\/p>\n<p>S\u00e3o 25 anos de atividades culturais e educacionais que atraem adultos e crian\u00e7as. A Oficina Cultural Oswald de Andrade foi a primeira implantada em um projeto que soma 22 oficinas espalhadas por todo o Estado. Para festejar o anivers\u00e1rio, o projeto Oswald Convida exibe a pe\u00e7a O Idiota (foto), uma novela teatral, baseada na obra do escritor russo Fi\u00f3dor Mikhailovich Dostoievski. A montagem \u00e9 apresentada em tr\u00eas r\u00e9citas de aproximadamente sete horas de dura\u00e7\u00e3o cada uma, incluindo-se dois intervalos. A dire\u00e7\u00e3o \u00e9 de Cibele Forjaz e a adapta\u00e7\u00e3o do romance \u00e9 de Aury Porto com a colabora\u00e7\u00e3o de Vadim Nikitin e Luah Guimar\u00e3ez. O espet\u00e1culo conta a hist\u00f3ria de Michkin, um pr\u00edncipe russo que, durante uma viagem \u00e0 Su\u00ed\u00e7a, conhece Ragojan, personagem que acaba de ganhar uma generosa heran\u00e7a do pai. Com ela, o rapaz pretende conquistar Nat\u00e1ssia, afilhada e amante de um milion\u00e1rio. Enquanto Ragojan \u00e9 apaixonado por Nat\u00e1ssia, ela \u00e9 fascinada por Michkin, que por sua vez corresponde \u00e0 mo\u00e7a. \u00c9 a partir deste tri\u00e2ngulo amoroso que se forma a trama. Para compor o elenco, a Mundana Companhia juntou atores do Teatro Oficina, Teatro da Vertigem, Cia. Livre e Companhia da Mentira. Formam o grupo mundano Aury Porto, Fredy Allan, Luah Guimar\u00e3ez, L\u00facia Romano e outros. Vale a pena conferir.<\/p>\n<p>Oficina Cultural Oswald de Andrade<br \/>\nRua Tr\u00eas Rios, 363 &#8211; Bom Retiro &#8211; S\u00e3o Paulo<br \/>\nTelefone (11) 3361-4976<br \/>\nS\u00e1bado, domingo e segunda-feira, 18h<br \/>\nEntrada franca. Os convites ser\u00e3o distribu\u00eddos \u00e0s sextas-feiras que antecedem os espet\u00e1culos da semana, a partir das 18h30. Classifica\u00e7\u00e3o: 14 anos<br \/>\nAt\u00e9 19 de mar\u00e7o<\/p>\n<p>Mostra Distopia &#8211; futuro incerto<br \/>\nFuga no s\u00e9culo 23. Dire\u00e7\u00e3o de Michael Anderson (EUA, 1976). No s\u00e9culo 23, uma sociedade \u00e9 governada por um computador central que cuida de todos os aspectos da vida das pessoas, inclusive a reprodu\u00e7\u00e3o. Mas a popula\u00e7\u00e3o n\u00e3o pode passar dos trinta anos (foto). Com Michael York, Jenny Agutter, Peter Ustinov, Farrah Fawcett.<br \/>\nSegunda-feira, 13, 16h<br \/>\nClassifica\u00e7\u00e3o: 12 anos<\/p>\n<p>Battlestar Gallactica &#8211; 33. Dire\u00e7\u00e3o de Michael Rymer (EUA, 2004). A popula\u00e7\u00e3o da nave Gallactica est\u00e1 sem dormir, em estado de alerta h\u00e1 mais de 130 horas, e \u00e9 obrigada a efetuar Saltos FTL de 33 em 33 minutos para escapar de Cylons, depois de uma fuga. Com Edward James Olmos, Mary Mcdonnell, James Callis.<br \/>\nSegunda-feira, 13, 19h<br \/>\nClassifica\u00e7\u00e3o: 12 anos<\/p>\n<p>O exterminador do futuro 2. Dire\u00e7\u00e3o de James Cameron (EUA, 1991). Menino \u00e9 destinado a ser l\u00edder, mas vive infeliz com seus pais adotivos. Um androide vem do futuro para proteg\u00ea-lo, mas outro mais avan\u00e7ado e que pode assumir a forma que desejar tamb\u00e9m surge do futuro com a inten\u00e7\u00e3o de matar a crian\u00e7a. Com Arnold Schwarzenegger, Linda Hamilton, Edward Furlong, Robert Patrick.<br \/>\nTer\u00e7a-feira, 14, 16h<br \/>\nClassifica\u00e7\u00e3o: 14 anos<\/p>\n<p>Planeta dos macacos. Dire\u00e7\u00e3o de Franklin J. Schaffner (EUA, 1997). Grupo de astronautas viaja em estado de hiberna\u00e7\u00e3o por s\u00e9culos. Ao acordarem, se encontram em um planeta dominado por macacos geneticamente modificados, no qual os humanos s\u00e3o tratados como escravos. Com Charlton Heston, Roddy McDowall, Linda Harrison, Kim Hunter, Maurice Evans.<br \/>\nTer\u00e7a-feira, 14, 19h<br \/>\nClassifica\u00e7\u00e3o: 12 anos<\/p>\n<p>O grande caos. Dire\u00e7\u00e3o de Alexander Kluge (Alemanha, 1971). No primeiro s\u00e9culo do terceiro mil\u00eanio come\u00e7a uma guerra na Via L\u00e1ctea entre governos, gigantes da ind\u00fastria e piratas do espa\u00e7o sideral. Por todos os lados, formam-se sociedades monopolistas. Com Vinzenz, Maria Sterr, Hannelore Hoger, Hark Bohm.<br \/>\nQuarta-feira, 15, 16h<br \/>\nClassifica\u00e7\u00e3o: 12 anos<\/p>\n<p>Cidade das sombras. Dire\u00e7\u00e3o de Alex Proyas (EUA, 1998). Uma cidade em que sempre \u00e9 noite. John Murdoch perde a mem\u00f3ria e \u00e9 o principal suspeito de assassinatos brutais. Passa a ser perseguido por um inspetor, mas conta com a ajuda de um m\u00e9dico para compreender o que se passa. Com Rufus Sewell, Kiefer Sutherland, Jennifer Connelly, Richard O&#8217;Brien.<br \/>\nQuarta, 15, 19 horas; sexta-feira, 17, 16h<br \/>\nClassifica\u00e7\u00e3o 14 anos<\/p>\n<p>O mundo por um fio. Dire\u00e7\u00e3o de Rainer Werner Fassbinder (Alemanha, 1973). Fred Stiller \u00e9 um engenheiro inform\u00e1tico que vive em um mundo artificial e desvenda uma conspira\u00e7\u00e3o global, pondo em d\u00fa vida sua pr\u00f3pria realidade. Com Klaus L\u00f6witsch, Barbara Valentin, Mascha Rabben, Karl Heinz Vosgerau.<br \/>\nQuinta-feira, 16, 19h<br \/>\nClassifica\u00e7\u00e3o: 12 anos<\/p>\n<p>Gattaca &#8211; Experi\u00eancia gen\u00e9tica. Dire\u00e7\u00e3o de Andrew Niccol (EUA, 1997). No futuro, os seres humanos ser\u00e3o criados geneticamente em laborat\u00f3rios, e as pessoas concebidas naturalmente ser\u00e3o consideradas inv\u00e1lidas. O inv\u00e1lido Vincent Freeman esconde sua identidade e consegue lugar de destaque em uma corpora\u00e7\u00e3o, mas um crime misterioso pode expor seus segredos. Com Ethan Hawke, Uma Thurman, Gore Vidal.<br \/>\nSexta-feira, 17, 19h<br \/>\nClassifica\u00e7\u00e3o: 14 anos<\/p>\n<p>Cinusp Paulo Em\u00edlio<br \/>\nRua do Anfiteatro, 181 &#8211; Colmeia &#8211; Favo 4 &#8211; Cidade Universit\u00e1ria &#8211; S\u00e3o Paulo<br \/>\nTelefone (11) 3091-3364<br \/>\nEntrada franca<\/p>\n<p>Mostra O Cinema antigo<br \/>\nAs aventuras de Robin Hood. Dire\u00e7\u00e3o de Michael Curtiz (EUA, 1938). No s\u00e9culo 12, o Rei da Inglaterra, Ricardo Cora\u00e7\u00e3o de Le\u00e3o, \u00e9 sequestrado ao retornar das cruzadas. Com isso, o pr\u00edncipe John tenta tomar seu trono, favorecendo os normandos invasores em detrimento dos sax\u00f5es. Contra essa situa\u00e7\u00e3o, o nobre Robin de Locksley, defensor dos fracos e oprimidos, entra em conflito com as autoridades e v\u00ea-se obrigado a agir como um fora da lei. Passa a roubar dos ricos para dar aos pobres, tornando-se uma lenda. Com Ian Hunter, Claude Rains, Errol Flynn, Olivia de Havilland e Basil Rathbone.<\/p>\n<p>Centro de Divulga\u00e7\u00e3o Cient\u00edfica e Cultural da USP &#8211; CDCC<br \/>\nRua Nove de Julho, 1.227 &#8211; centro &#8211; S\u00e3o Carlos<br \/>\nTelefone (16) 3373-9772<br \/>\nAmanh\u00e3, 20h<br \/>\nEntrada franca. Classifica\u00e7\u00e3o: 12 anos<\/p>\n<p>A plenos pulm\u00f5es<br \/>\nSarau aberto a todos os interessados por poesias e que pretendem declam\u00e1-las em p\u00fablico. Apresenta\u00e7\u00e3o de Marco Pez\u00e3o.<br \/>\nAmanh\u00e3, 19h. Inscri\u00e7\u00f5es come\u00e7am uma hora antes do sarau<\/p>\n<p>Feira de troca de livros infantis e adultos<br \/>\nLivros, gibis e brinquedos em bom estado podem ser trocados por outros. N\u00e3o vale livro did\u00e1tico.<br \/>\nDomingo, 12, 13h<\/p>\n<p>Casa das Rosas &#8211; Espa\u00e7o Haroldo de Campos de Poesia e Literatura<br \/>\nAv. Paulista, 37 &#8211; Bela Vista &#8211; S\u00e3o Paulo<br \/>\nTelefone (11) 3285-6986. Entrada franca. Classifica\u00e7\u00e3o: livre<\/p>\n<p>Encontros para reflex\u00e3o<br \/>\nA trajet\u00f3ria do aprendiz em sua rela\u00e7\u00e3o com o mestre: objetivos, diretrizes, procedimentos. Com Cuca Bolaffi, Vin\u00edcius Torres Machado, Thiago Antunes e Pedro Mantovanni.<br \/>\nTer\u00e7a-feira, 14, \u00e0s 20h30<br \/>\nClassifica\u00e7\u00e3o: 14 anos<\/p>\n<p>Clara em neve<br \/>\nMulher com a doen\u00e7a de Alzheimer recebe amigos para uma festa de anivers\u00e1rio. Deste encontro decorre a a\u00e7\u00e3o da pe\u00e7a. Orienta\u00e7\u00e3o de Luiz Fernando Marques (Lubi). Atriz criadora: Mari Nogueira. Dire\u00e7\u00e3o e dramaturgia de Daniel Viana.<br \/>\nQuarta e quinta-feira, 21h<br \/>\nClassifica\u00e7\u00e3o: 14 anos<br \/>\nAt\u00e9 1\u00ba de mar\u00e7o<\/p>\n<p>Teatro da Universidade de S\u00e3o Paulo &#8211; Tusp<br \/>\nRua Maria Ant\u00f4nia, 294 &#8211; Consola\u00e7\u00e3o &#8211; S\u00e3o Paulo<br \/>\nTelefone (11) 3123-5233<br \/>\nEntrada franca<\/p>\n<p>Visita noturna ao museu<br \/>\nNeste m\u00eas, o Museu da Casa Brasileira abre suas portas a cada 15 dias, sempre \u00e0s quartas-feiras, para visita\u00e7\u00e3o noturna de suas instala\u00e7\u00f5es. S\u00e3o realizados percursos guiados pelo acervo da institui\u00e7\u00e3o que exp\u00f5e exemplares do mobili\u00e1rio dos s\u00e9culos 17 ao 21. O p\u00fablico tamb\u00e9m poder\u00e1 conferir a mostra tempor\u00e1ria Amea\u00e7ados &#8211; lugares em risco no s\u00e9culo 21, do fot\u00f3grafo \u00c9rico Hiller, com 45 imagens in\u00e9ditas que registram ambientes do planeta amea\u00e7ados pela a\u00e7\u00e3o do homem. O museu atende tamb\u00e9m grupos agendados de escolas, ONGs e empresas.<\/p>\n<p>Museu da Casa Brasileira<br \/>\nAv. Brigadeiro Faria Lima, 2.705 &#8211; Jardim Paulistano &#8211; S\u00e3o Paulo<br \/>\nTelefone (11) 3032-3727<br \/>\nQuarta-feira, 15 e 29, a partir das 18h (dia 22 n\u00e3o haver\u00e1 visita\u00e7\u00e3o por conta da quarta-feira de cinzas)<br \/>\nAgende-se: (11) 3032-2499 &#8211; agendamento@mcb.org.br<br \/>\nEntrada franca<br \/>\nClassifica\u00e7\u00e3o: livre<\/p>\n<p>Quinteto Caf\u00e9 Tango<br \/>\nO grupo formado por Pedro Assad (piano), Eduardo Guimar\u00e3es (sanfona), Gustavo Mazon (contrabaixo), Diego Beir\u00e3o (guitarra el\u00e9trica) e Alfredo Rezende (violino) apresenta show promovido pelo programa Cultura Livre SP. Com a proposta de executar obras do renomado m\u00fasico e compositor argentino Astor Piazzolla, o quinteto toca Primavera porte\u00f1a &#8211; Tango novo (1970); Milonga del Angel &#8211; Milonga (1984); Oto\u00f1o porte\u00f1o &#8211; Tango novo (1969); Michelangelo 70 &#8211; Tango novo (1969); Invierno porte\u00f1o &#8211; Tango novo (1970), entre outras.<\/p>\n<p>Parque Villa Lobos<br \/>\nAv. Prof. Fonseca Rodrigues, 2.001 &#8211; Alto de Pinheiros &#8211; S\u00e3o Paulo<br \/>\nTelefone (11) 3023-0316<br \/>\nAmanh\u00e3, 12h<br \/>\nEntrada franca<br \/>\nClassifica\u00e7\u00e3o: livre<\/p>\n<p>Carnaval da Garoa<br \/>\nO grupo do Gr\u00eamio Recreativo de Resist\u00eancia Cultural Kolombolo Di\u00e1 Piratininga apresenta o tradicional carnaval brasileiro de rua da Vila Madalena, com obras do samba paulista passando por marchinhas, samba de quadra e de enredos, na valoriza\u00e7\u00e3o de seus compositores. No programa, obras autorais dos integrantes da Ala de Compositores do Kolombolo e de grandes sambistas da Pauliceia, como Zeca da Casa Verde, Geraldo Filme, Paulo Vanzolini, Adoniran Barbosa, nas can\u00e7\u00f5es Hino do Kolombolo, Vila Esperan\u00e7a, Sil\u00eancio no Bexiga, Volta por cima, entre outras.<\/p>\n<p>Museu da Casa Brasileira<br \/>\nAv. Brigadeiro Faria Lima, 2.705 &#8211; Jardim Paulistano &#8211; S\u00e3o Paulo<br \/>\nTelefone (11) 3032-3727<br \/>\nDomingo, 12, 11h<br \/>\nEntrada franca<br \/>\nClassifica\u00e7\u00e3o: livre<\/p>\n<p>Semana Darwin<br \/>\nDiversas atividades relacionadas \u00e0 Teoria da Evolu\u00e7\u00e3o fazem parte da programa\u00e7\u00e3o, amanh\u00e3 e domingo, em celebra\u00e7\u00e3o ao anivers\u00e1rio do cientista naturalista brit\u00e2nico Charles Robert Darwin (1809-1882), 12 de fevereiro. Ser\u00e3o exibidos cerca de 20 filmes e document\u00e1rios durante a Mostra VerCi\u00eancia evolu\u00e7\u00e3o e biodiversidade, \u00e0s 10h e 11h. A exposi\u00e7\u00e3o tempor\u00e1ria Darwin: Evolu\u00e7\u00e3o para todos \u00e9 composta de pain\u00e9is, animais conservados e exemplos de esp\u00e9cies coletadas por ele em sua passagem pelo Brasil como besouros, r\u00e9pteis e peixes. Em cartaz at\u00e9 4 de mar\u00e7o. \u00c0s 16h, o teatro de bonecos exibe a pe\u00e7a Darwin e a bicharada, com o Grupo CienciA\u00e7\u00e3o. O cientista aparece ao p\u00fablico para contar sobre sua inf\u00e2ncia, adolesc\u00eancia e viagens ao redor do mundo. Tamb\u00e9m neste final de semana, das 10h \u00e0s 16h, nas oficinas de Origamis de Darwin, Proibido n\u00e3o tocar, Pinte o bicho! e Tentilh\u00f5es de Darwin, a crian\u00e7ada cria dinossauros, borboletas e outros seres vivos; toca e manuseia r\u00e9plicas de f\u00f3sseis; pinta desenhos de animais e trabalha com diversos tipos de semente para entender a muta\u00e7\u00e3o do bico dos p\u00e1ssaros ao longo do tempo. Para os estudantes de ensino m\u00e9dio e universit\u00e1rios ser\u00e3o promovidos talk shows com debate sobre os temas Darwin e o impacto da Teoria da Evolu\u00e7\u00e3o com Mario de Pinna, professor do Museu de Zoologia da USP, e Darwin, evolu\u00e7\u00e3o e comportamento, \u00e0s 14h. O evento do Catavento Cultural tem parceria com o Museu de Zoologia da Universidade de S\u00e3o Paulo e com a V\u00eddeo Ci\u00eancia.<\/p>\n<p>Catavento Cultural e Educacional<br \/>\nPal\u00e1cio das Ind\u00fastrias &#8211; Parque Dom Pedro II, centro &#8211; S\u00e3o Paulo<br \/>\nTelefone (11) 3315-0051<br \/>\nIngressos: R$ 6 e R$ 3 (meia-entrada)<br \/>\nClassifica\u00e7\u00e3o: 6 anos<\/p>\n<p>Grupo Tiquequ\u00ea<br \/>\nO quarteto formado pelas primas Isabel e Diana Tatit e pelos instrumentistas \u00c2ngelo Mundy e Wem apresenta uma mistura de linguagens que une m\u00fasica, dan\u00e7a e narra\u00e7\u00e3o de hist\u00f3rias encenadas. O grupo reinterpreta cl\u00e1ssicos das can\u00e7\u00f5es do passado, como as cantigas de roda, e novas composi\u00e7\u00f5es pr\u00f3prias e de artistas contempor\u00e2neos. No espet\u00e1culo, s\u00e3o utilizados diversos recursos musicais como a percuss\u00e3o corporal e objetos do cotidiano (latinhas, pl\u00e1sticos, caixinhas).<\/p>\n<p>Biblioteca de S\u00e3o Paulo &#8211; Parque da Juventude<br \/>\nAv. Cruzeiro do Sul, 2.630 &#8211; Santana &#8211; S\u00e3o Paulo<br \/>\nTelefone (11) 2089-0800<br \/>\nAmanh\u00e3, 16h<br \/>\nEntrada franca<br \/>\nRetirada das senhas uma hora antes da apresenta\u00e7\u00e3o<br \/>\nClassifica\u00e7\u00e3o: livre<\/p>\n<p>Da Ag\u00eancia Imprensa Oficial e do Portal do Governo do Estado<\/p>\n","protected":false},"excerpt":{"rendered":"<p>Semanalmente, o Portal do Governo do Estado e a Ag\u00eancia Di\u00e1rio Oficial preparam uma mat\u00e9ria especial com diversas op\u00e7\u00f5es para a semana. Entre outros destaques que voc\u00ea pode conferir, vale a visita ao Memorial da Am\u00e9rica Latina, que est\u00e1 temporariamente abrigando os pain\u00e9is Guerra e Paz, de C\u00e2ndido Portinari. \u00c9 a primeira vez que as [&hellip;]<\/p>\n","protected":false},"author":3,"featured_media":27918,"comment_status":"open","ping_status":"closed","sticky":false,"template":"","format":"standard","meta":{"tdm_status":"","tdm_grid_status":"","footnotes":""},"categories":[22],"tags":[],"class_list":{"0":"post-38177","1":"post","2":"type-post","3":"status-publish","4":"format-standard","5":"has-post-thumbnail","7":"category-brasil"},"_links":{"self":[{"href":"https:\/\/migracao.redenoticia.com.br\/noticia\/wp-json\/wp\/v2\/posts\/38177","targetHints":{"allow":["GET"]}}],"collection":[{"href":"https:\/\/migracao.redenoticia.com.br\/noticia\/wp-json\/wp\/v2\/posts"}],"about":[{"href":"https:\/\/migracao.redenoticia.com.br\/noticia\/wp-json\/wp\/v2\/types\/post"}],"author":[{"embeddable":true,"href":"https:\/\/migracao.redenoticia.com.br\/noticia\/wp-json\/wp\/v2\/users\/3"}],"replies":[{"embeddable":true,"href":"https:\/\/migracao.redenoticia.com.br\/noticia\/wp-json\/wp\/v2\/comments?post=38177"}],"version-history":[{"count":0,"href":"https:\/\/migracao.redenoticia.com.br\/noticia\/wp-json\/wp\/v2\/posts\/38177\/revisions"}],"wp:featuredmedia":[{"embeddable":true,"href":"https:\/\/migracao.redenoticia.com.br\/noticia\/wp-json\/wp\/v2\/media\/27918"}],"wp:attachment":[{"href":"https:\/\/migracao.redenoticia.com.br\/noticia\/wp-json\/wp\/v2\/media?parent=38177"}],"wp:term":[{"taxonomy":"category","embeddable":true,"href":"https:\/\/migracao.redenoticia.com.br\/noticia\/wp-json\/wp\/v2\/categories?post=38177"},{"taxonomy":"post_tag","embeddable":true,"href":"https:\/\/migracao.redenoticia.com.br\/noticia\/wp-json\/wp\/v2\/tags?post=38177"}],"curies":[{"name":"wp","href":"https:\/\/api.w.org\/{rel}","templated":true}]}}