{"id":3818,"date":"2009-06-25T21:38:13","date_gmt":"2009-06-26T01:38:13","guid":{"rendered":"http:\/\/www.redenoticia.com.br\/noticia\/?p=3818"},"modified":"2009-06-25T21:38:13","modified_gmt":"2009-06-26T01:38:13","slug":"lula-veta-artigo-que-permitia-transferencia-de-terras-na-amazonia-para-pessoas-juridicas","status":"publish","type":"post","link":"https:\/\/migracao.redenoticia.com.br\/noticia\/2009\/lula-veta-artigo-que-permitia-transferencia-de-terras-na-amazonia-para-pessoas-juridicas\/3818","title":{"rendered":"Lula veta artigo que permitia transfer\u00eancia de terras na Amaz\u00f4nia para pessoas jur\u00eddicas"},"content":{"rendered":"<p>O presidente Luiz In\u00e1cio Lula da Silva vetou hoje (25) a transfer\u00eancia de terras da Uni\u00e3o na Amaz\u00f4nia para empresas e pessoas que exploram indiretamente a \u00e1rea ou que tenham im\u00f3vel rural em outra regi\u00e3o do pa\u00eds.<\/p>\n<p>A transfer\u00eancia estava prevista no Artigo 7\u00ba do projeto que converteu em lei a Medida Provis\u00f3ria 458, que trata da regulariza\u00e7\u00e3o de \u00e1reas p\u00fablicas na Regi\u00e3o Amaz\u00f4nica. A san\u00e7\u00e3o presidencial ser\u00e1 publicada amanh\u00e3 (26) no<em> Di\u00e1rio Oficial da Uni\u00e3o<\/em>.<\/p>\n<p>O veto foi recomendado pelos minist\u00e9rios da Justi\u00e7a, Fazenda, do Planejamento, Desenvolvimento Agr\u00e1rio e Meio Ambiente, sob o argumento de que n\u00e3o atende ao objetivo da MP, que \u00e9 de legalizar a situa\u00e7\u00e3o de pequenos e m\u00e9dios agricultores que dependem financeiramente da explora\u00e7\u00e3o da \u00e1rea.<\/p>\n<p>O artigo vetado n\u00e3o fazia parte do texto original da MP, editada pelo Executivo. Foi inclu\u00eddo pelos parlamentares durante a tramita\u00e7\u00e3o da medida no Congresso Nacional.<\/p>\n<p>\u201cN\u00e3o obstante a motiva\u00e7\u00e3o que embasou esta amplia\u00e7\u00e3o, n\u00e3o \u00e9 poss\u00edvel prever seus impactos para o desenvolvimento do processo de regulariza\u00e7\u00e3o fundi\u00e1ria, uma vez que n\u00e3o h\u00e1 dados que permitam aferir a quantidade e os limites das \u00e1reas ocupadas que se enquadram nessa situa\u00e7\u00e3o\u201d, diz a mensagem de san\u00e7\u00e3o com as raz\u00f5es do veto.<\/p>\n<p>O presidente vetou ainda parte do Artigo 8\u00ba, que perdeu o sentido em fun\u00e7\u00e3o do veto ao Artigo 7\u00ba.<\/p>\n<p>De acordo com a nova lei, ter\u00e1 direito a receber a terra quem comprovar que estava na \u00e1rea antes de 1\u00ba de dezembro de 2004. As \u00e1reas com at\u00e9 100 hectares ser\u00e3o doadas; as de m\u00e9dio porte, com at\u00e9 400 hectares, ser\u00e3o vendidas por valor simb\u00f3lico; e as de no m\u00e1ximo 1,5 mil hectares ser\u00e3o vendidas de acordo com o pre\u00e7o de mercado.<\/p>\n","protected":false},"excerpt":{"rendered":"<p>O presidente Luiz In\u00e1cio Lula da Silva vetou hoje (25) a transfer\u00eancia de terras da Uni\u00e3o na Amaz\u00f4nia para empresas e pessoas que exploram indiretamente a \u00e1rea ou que tenham im\u00f3vel rural em outra regi\u00e3o do pa\u00eds. A transfer\u00eancia estava prevista no Artigo 7\u00ba do projeto que converteu em lei a Medida Provis\u00f3ria 458, que [&hellip;]<\/p>\n","protected":false},"author":2,"featured_media":0,"comment_status":"open","ping_status":"open","sticky":false,"template":"","format":"standard","meta":{"tdm_status":"","tdm_grid_status":"","footnotes":""},"categories":[22],"tags":[],"class_list":{"0":"post-3818","1":"post","2":"type-post","3":"status-publish","4":"format-standard","6":"category-brasil"},"_links":{"self":[{"href":"https:\/\/migracao.redenoticia.com.br\/noticia\/wp-json\/wp\/v2\/posts\/3818","targetHints":{"allow":["GET"]}}],"collection":[{"href":"https:\/\/migracao.redenoticia.com.br\/noticia\/wp-json\/wp\/v2\/posts"}],"about":[{"href":"https:\/\/migracao.redenoticia.com.br\/noticia\/wp-json\/wp\/v2\/types\/post"}],"author":[{"embeddable":true,"href":"https:\/\/migracao.redenoticia.com.br\/noticia\/wp-json\/wp\/v2\/users\/2"}],"replies":[{"embeddable":true,"href":"https:\/\/migracao.redenoticia.com.br\/noticia\/wp-json\/wp\/v2\/comments?post=3818"}],"version-history":[{"count":0,"href":"https:\/\/migracao.redenoticia.com.br\/noticia\/wp-json\/wp\/v2\/posts\/3818\/revisions"}],"wp:attachment":[{"href":"https:\/\/migracao.redenoticia.com.br\/noticia\/wp-json\/wp\/v2\/media?parent=3818"}],"wp:term":[{"taxonomy":"category","embeddable":true,"href":"https:\/\/migracao.redenoticia.com.br\/noticia\/wp-json\/wp\/v2\/categories?post=3818"},{"taxonomy":"post_tag","embeddable":true,"href":"https:\/\/migracao.redenoticia.com.br\/noticia\/wp-json\/wp\/v2\/tags?post=3818"}],"curies":[{"name":"wp","href":"https:\/\/api.w.org\/{rel}","templated":true}]}}