{"id":38189,"date":"2012-02-12T21:17:07","date_gmt":"2012-02-12T23:17:07","guid":{"rendered":"http:\/\/www.redenoticia.com.br\/noticia\/?p=38189"},"modified":"2012-02-13T13:14:45","modified_gmt":"2012-02-13T15:14:45","slug":"meteorologia-previsao-do-tempo-para-esta-segunda-feira-1302","status":"publish","type":"post","link":"https:\/\/migracao.redenoticia.com.br\/noticia\/2012\/meteorologia-previsao-do-tempo-para-esta-segunda-feira-1302\/38189","title":{"rendered":"Meteorologia \u2013 previs\u00e3o do tempo para esta segunda-feira (13\/02)"},"content":{"rendered":"<p><img loading=\"lazy\" decoding=\"async\" class=\"alignleft size-full wp-image-28409\" title=\"previsao do tempo e temperatura\" src=\"https:\/\/migracao.redenoticia.com.br\/noticia\/imagens\/previsao-do-tempo-e-temperatura.jpg\" alt=\"\" width=\"300\" height=\"193\" srcset=\"https:\/\/migracao.redenoticia.com.br\/noticia\/imagens\/previsao-do-tempo-e-temperatura.jpg 300w, https:\/\/migracao.redenoticia.com.br\/noticia\/imagens\/previsao-do-tempo-e-temperatura-250x160.jpg 250w, https:\/\/migracao.redenoticia.com.br\/noticia\/imagens\/previsao-do-tempo-e-temperatura-150x96.jpg 150w\" sizes=\"auto, (max-width: 300px) 100vw, 300px\" \/>Previs\u00e3o do tempo\u00a0\u2013 a\u00a0<strong><em>meteorologia<\/em><\/strong>\u00a0divulgou a <strong><em>previs\u00e3o do tempo<\/em><\/strong> e\u00a0<strong><em>temperatura<\/em><\/strong>\u00a0para esta segunda-feira (13\/02) e informa que a Zona de Converg\u00eancia do Atl\u00e2ntico Sul (ZCAS) ainda atuar\u00e1 pelo pa\u00eds e deixa o tempo nublado com pancadas de chuva que podem ser localmente fortes no Norte, grande parte do Centro-Oeste e do Sudeste do pa\u00eds. Segundo a previs\u00e3o do tempo as pancadas de chuva ocorrer\u00e3o a partir da tarde no noroeste e leste de MS, oeste de SP, norte e centro-leste do PR e de SC. Dados da previs\u00e3o do tempo indicam que no MA, PI, CE, RN, PB, oeste e norte de PE e centro-oeste da BA, a influ\u00eancia de \u00e1rea de baixa press\u00e3o em n\u00edvel alto da atmosfera provoca varia\u00e7\u00e3o de nuvens e pancadas de chuva em alguns pontos. A previs\u00e3o do tempo destaca que as chances para pancadas de chuva s\u00e3o menores, mas n\u00e3o est\u00e3o descartadas de forma mais r\u00e1pida e isolada no sul e litoral sul da BA, nordeste de MG e norte do ES. Nas demais \u00e1reas do pa\u00eds o sol aparece entre poucas nuvens. As temperaturas estar\u00e3o em eleva\u00e7\u00e3o no Sul.<\/p>\n<p>Vale do Para\u00edba \u2013 previs\u00e3o do tempo nesta segunda-feira (13\/02) o dia ainda ficar\u00e1 com muitas nuvens na regi\u00e3o, podendo ocorrer per\u00edodos com aberturas de sol. Ainda ocorrer\u00e3o pancadas de chuva que de forma localizada ser\u00e3o fortes. A temperatura n\u00e3o ter\u00e1 mudan\u00e7a significativa.<\/p>\n<p>Regi\u00e3o Centro-Oeste \u2013 previs\u00e3o do tempo em\u00a013\/02\/2012:\u00a0No sul e oeste de MS: sol e poucas nuvens. Nas outras \u00e1reas de MS: sol, calor e pancadas de chuva \u00e0 tarde. Nas demais \u00e1reas da regi\u00e3o: nublado com pancadas de chuva. Temperatura est\u00e1vel. Temperatura m\u00e1xima: 37C no oeste de MS. Temperatura m\u00ednima: 14C no sul de MS.<\/p>\n<p>Regi\u00e3o Nordeste \u2013 previs\u00e3o do tempo em\u00a013\/02\/2012:\u00a0No MA e oeste do PI: nublado com pancadas de chuva. No sul de PE, AL, SE, norte e nordeste da BA: dia de sol com per\u00edodos com aumento de nuvens. No centro e sul da BA: possibilidade de pancada de chuva. Nas demais \u00e1reas da regi\u00e3o: varia\u00e7\u00e3o de nuvens e pancadas de chuva. Temperatura est\u00e1vel. Temperatura m\u00e1xima: 34C no norte do MA. Temperatura m\u00ednima: 18C no sul de BA.<\/p>\n<p>Regi\u00e3o Norte \u2013 previs\u00e3o do tempo em\u00a013\/02\/2012:\u00a0No AC, oeste e norte do AM e oeste de RR: varia\u00e7\u00e3o de nuvens e pancadas de chuva. Nas demais \u00e1reas da regi\u00e3o: nublado com pancadas de chuva. Pancadas fortes de chuva em algumas localidades. Temperatura est\u00e1vel na Regi\u00e3o. Temperatura m\u00e1xima: 35C no norte do AM. Temperatura m\u00ednima: 17C no noroeste de RR.<\/p>\n<p>Regi\u00e3o Sudeste \u2013 previs\u00e3o do tempo em\u00a013\/02\/2012:\u00a0No nordeste de MG e noroeste do ES: chance de pancada r\u00e1pida de chuva. No sul e regi\u00e3o serrana do RJ, incluindo a capital: pancadas de chuva \u00e0 tarde, de forma isolada. Nas demais \u00e1reas do ES, norte do RJ e extremo leste de MG: sol e poucas nuvens. No oeste de SP: varia\u00e7\u00e3o de nuvens e pancadas de chuva \u00e0 tarde. Nas demais \u00e1reas da regi\u00e3o: nublado com pancadas de chuva. Poder\u00e1 ocorrer chuva forte. Temperatura est\u00e1vel, com m\u00e1ximas mais amenas em SP. Temperatura m\u00e1xima: 33C no oeste de SP. Temperatura m\u00ednima: 18C no sul de SP.<\/p>\n<p>Regi\u00e3o Sul \u2013 previs\u00e3o do tempo em\u00a013\/02\/2012:\u00a0No centro-oeste, sul e leste do RS: predom\u00ednio de sol. No nordeste do RS, oeste de SC e oeste do PR: sol e per\u00edodos com aumento de nuvens. No nordeste e litoral do PR e litoral nordeste de SC: nublado com pancadas de chuva. Aten\u00e7\u00e3o para os acumulados que poder\u00e3o ser significativos. Nas demais \u00e1reas da regi\u00e3o: varia\u00e7\u00e3o de nuvens e pancadas de chuva \u00e0 tarde. Temperatura elevada principalmente no oeste da Regi\u00e3o. Temperatura m\u00e1xima: 35C no noroeste do PR e oeste do RS. Temperatura m\u00ednima: 10C nas \u00e1reas de Serra.<\/p>\n<p>Previs\u00e3o do tempo e temperatura CPTEC<\/p>\n","protected":false},"excerpt":{"rendered":"<p>Previs\u00e3o do tempo\u00a0\u2013 a\u00a0meteorologia\u00a0divulgou a previs\u00e3o do tempo e\u00a0temperatura\u00a0para esta segunda-feira (13\/02) e informa que a Zona de Converg\u00eancia do Atl\u00e2ntico Sul (ZCAS) ainda atuar\u00e1 pelo pa\u00eds e deixa o tempo nublado com pancadas de chuva que podem ser localmente fortes no Norte, grande parte do Centro-Oeste e do Sudeste do pa\u00eds. Segundo a previs\u00e3o [&hellip;]<\/p>\n","protected":false},"author":3,"featured_media":28409,"comment_status":"open","ping_status":"closed","sticky":false,"template":"","format":"standard","meta":{"tdm_status":"","tdm_grid_status":"","footnotes":""},"categories":[22,327,376],"tags":[],"class_list":{"0":"post-38189","1":"post","2":"type-post","3":"status-publish","4":"format-standard","5":"has-post-thumbnail","7":"category-brasil","8":"category-clima","9":"category-clima-brasil"},"_links":{"self":[{"href":"https:\/\/migracao.redenoticia.com.br\/noticia\/wp-json\/wp\/v2\/posts\/38189","targetHints":{"allow":["GET"]}}],"collection":[{"href":"https:\/\/migracao.redenoticia.com.br\/noticia\/wp-json\/wp\/v2\/posts"}],"about":[{"href":"https:\/\/migracao.redenoticia.com.br\/noticia\/wp-json\/wp\/v2\/types\/post"}],"author":[{"embeddable":true,"href":"https:\/\/migracao.redenoticia.com.br\/noticia\/wp-json\/wp\/v2\/users\/3"}],"replies":[{"embeddable":true,"href":"https:\/\/migracao.redenoticia.com.br\/noticia\/wp-json\/wp\/v2\/comments?post=38189"}],"version-history":[{"count":0,"href":"https:\/\/migracao.redenoticia.com.br\/noticia\/wp-json\/wp\/v2\/posts\/38189\/revisions"}],"wp:featuredmedia":[{"embeddable":true,"href":"https:\/\/migracao.redenoticia.com.br\/noticia\/wp-json\/wp\/v2\/media\/28409"}],"wp:attachment":[{"href":"https:\/\/migracao.redenoticia.com.br\/noticia\/wp-json\/wp\/v2\/media?parent=38189"}],"wp:term":[{"taxonomy":"category","embeddable":true,"href":"https:\/\/migracao.redenoticia.com.br\/noticia\/wp-json\/wp\/v2\/categories?post=38189"},{"taxonomy":"post_tag","embeddable":true,"href":"https:\/\/migracao.redenoticia.com.br\/noticia\/wp-json\/wp\/v2\/tags?post=38189"}],"curies":[{"name":"wp","href":"https:\/\/api.w.org\/{rel}","templated":true}]}}