{"id":38198,"date":"2012-02-13T10:24:54","date_gmt":"2012-02-13T12:24:54","guid":{"rendered":"http:\/\/www.redenoticia.com.br\/noticia\/?p=38198"},"modified":"2012-02-13T13:27:57","modified_gmt":"2012-02-13T15:27:57","slug":"carnaval-comeca-ensolarado-e-quente-na-capital-paulista","status":"publish","type":"post","link":"https:\/\/migracao.redenoticia.com.br\/noticia\/2012\/carnaval-comeca-ensolarado-e-quente-na-capital-paulista\/38198","title":{"rendered":"Carnaval come\u00e7a ensolarado e quente na capital paulista"},"content":{"rendered":"<p><img loading=\"lazy\" decoding=\"async\" class=\"alignleft size-full wp-image-28409\" title=\"previsao do tempo e temperatura\" src=\"https:\/\/migracao.redenoticia.com.br\/noticia\/imagens\/previsao-do-tempo-e-temperatura.jpg\" alt=\"\" width=\"300\" height=\"193\" srcset=\"https:\/\/migracao.redenoticia.com.br\/noticia\/imagens\/previsao-do-tempo-e-temperatura.jpg 300w, https:\/\/migracao.redenoticia.com.br\/noticia\/imagens\/previsao-do-tempo-e-temperatura-250x160.jpg 250w, https:\/\/migracao.redenoticia.com.br\/noticia\/imagens\/previsao-do-tempo-e-temperatura-150x96.jpg 150w\" sizes=\"auto, (max-width: 300px) 100vw, 300px\" \/>A <em><strong>frente fria<\/strong><\/em> que trouxe muita chuva para <em><strong>S\u00e3o Paulo<\/strong><\/em> no fim de semana tamb\u00e9m derrubou a temperatura. Na sexta-feira passada, quando a frente fria ainda estava se aproximando da capital paulista, os term\u00f4metros ainda marcaram de 30\u00baC a 32\u00baC pela cidade. No s\u00e1bado, a temperatura atingiu os 28\u00baC, mas s\u00f3 na zona norte. No domingo, os term\u00f4metros n\u00e3o passaram dos 25\u00baC.<\/p>\n<p>Mas o calor\u00e3o vai voltar nos pr\u00f3ximos dias. A frente fria j\u00e1 se afastou e a partir desta ter\u00e7a-feira, um ar quente e mais seco come\u00e7a a influenciar a Grande S\u00e3o Paulo, e toda a Regi\u00e3o Sudeste de forma geral. At\u00e9 o fim da semana, esta massa de quente vai ficar cada vez mais forte fazendo a temperatura subir rapidamente. Assim, a semana pr\u00e9-Carnaval que come\u00e7ou chuvosa e com temperatura amena, vai terminar com muito sol, calor e pouca chuva.<\/p>\n<p>Pr\u00e9via do Carnaval<\/p>\n<p>A an\u00e1lise das simula\u00e7\u00f5es atmosf\u00e9ricas para o per\u00edodo do Carnaval indica que as frentes frias o ar polar ficam longe de S\u00e3o Paulo. O o ar quente vai predominar sobre a cidade. A previs\u00e3o inicial para o Carnaval \u00e9 de que S\u00e3o Paulo tenha bastante sol e calor, mas n\u00e3o se pode descartar a chance de algumas pancadas de chuva em parte da tarde e da noite.<\/p>\n","protected":false},"excerpt":{"rendered":"<p>A frente fria que trouxe muita chuva para S\u00e3o Paulo no fim de semana tamb\u00e9m derrubou a temperatura. Na sexta-feira passada, quando a frente fria ainda estava se aproximando da capital paulista, os term\u00f4metros ainda marcaram de 30\u00baC a 32\u00baC pela cidade. No s\u00e1bado, a temperatura atingiu os 28\u00baC, mas s\u00f3 na zona norte. No [&hellip;]<\/p>\n","protected":false},"author":3,"featured_media":28409,"comment_status":"open","ping_status":"closed","sticky":false,"template":"","format":"standard","meta":{"tdm_status":"","tdm_grid_status":"","footnotes":""},"categories":[22],"tags":[],"class_list":{"0":"post-38198","1":"post","2":"type-post","3":"status-publish","4":"format-standard","5":"has-post-thumbnail","7":"category-brasil"},"_links":{"self":[{"href":"https:\/\/migracao.redenoticia.com.br\/noticia\/wp-json\/wp\/v2\/posts\/38198","targetHints":{"allow":["GET"]}}],"collection":[{"href":"https:\/\/migracao.redenoticia.com.br\/noticia\/wp-json\/wp\/v2\/posts"}],"about":[{"href":"https:\/\/migracao.redenoticia.com.br\/noticia\/wp-json\/wp\/v2\/types\/post"}],"author":[{"embeddable":true,"href":"https:\/\/migracao.redenoticia.com.br\/noticia\/wp-json\/wp\/v2\/users\/3"}],"replies":[{"embeddable":true,"href":"https:\/\/migracao.redenoticia.com.br\/noticia\/wp-json\/wp\/v2\/comments?post=38198"}],"version-history":[{"count":0,"href":"https:\/\/migracao.redenoticia.com.br\/noticia\/wp-json\/wp\/v2\/posts\/38198\/revisions"}],"wp:featuredmedia":[{"embeddable":true,"href":"https:\/\/migracao.redenoticia.com.br\/noticia\/wp-json\/wp\/v2\/media\/28409"}],"wp:attachment":[{"href":"https:\/\/migracao.redenoticia.com.br\/noticia\/wp-json\/wp\/v2\/media?parent=38198"}],"wp:term":[{"taxonomy":"category","embeddable":true,"href":"https:\/\/migracao.redenoticia.com.br\/noticia\/wp-json\/wp\/v2\/categories?post=38198"},{"taxonomy":"post_tag","embeddable":true,"href":"https:\/\/migracao.redenoticia.com.br\/noticia\/wp-json\/wp\/v2\/tags?post=38198"}],"curies":[{"name":"wp","href":"https:\/\/api.w.org\/{rel}","templated":true}]}}