{"id":38207,"date":"2012-02-14T10:39:21","date_gmt":"2012-02-14T12:39:21","guid":{"rendered":"http:\/\/www.redenoticia.com.br\/noticia\/?p=38207"},"modified":"2012-02-14T15:44:56","modified_gmt":"2012-02-14T17:44:56","slug":"parceria-oferece-apoio-tecnico-para-avaliacao-do-ensino-medio","status":"publish","type":"post","link":"https:\/\/migracao.redenoticia.com.br\/noticia\/2012\/parceria-oferece-apoio-tecnico-para-avaliacao-do-ensino-medio\/38207","title":{"rendered":"Parceria oferece apoio t\u00e9cnico para avalia\u00e7\u00e3o do ensino m\u00e9dio"},"content":{"rendered":"<p><img loading=\"lazy\" decoding=\"async\" class=\"alignleft size-full wp-image-36262\" title=\"aluno a\" src=\"https:\/\/migracao.redenoticia.com.br\/noticia\/imagens\/aluno-a.jpg\" alt=\"\" width=\"300\" height=\"193\" srcset=\"https:\/\/migracao.redenoticia.com.br\/noticia\/imagens\/aluno-a.jpg 300w, https:\/\/migracao.redenoticia.com.br\/noticia\/imagens\/aluno-a-250x161.jpg 250w, https:\/\/migracao.redenoticia.com.br\/noticia\/imagens\/aluno-a-150x97.jpg 150w\" sizes=\"auto, (max-width: 300px) 100vw, 300px\" \/>As unidades de Federa\u00e7\u00e3o que aderiram ao<em><strong> programa Ensino M\u00e9dio Inovador<\/strong><\/em>, do governo federal, agora tamb\u00e9m podem participar do Projeto Jovem do Futuro, que \u00e9 uma iniciativa do Instituto Unibanco. Os estados participantes v\u00e3o receber apoio t\u00e9cnico para qualificar a gest\u00e3o do ensino m\u00e9dio. Um termo de coopera\u00e7\u00e3o t\u00e9cnica, assinado nesta ter\u00e7a-feira, 14, entre o Minist\u00e9rio da Educa\u00e7\u00e3o e o Instituto Unibanco, abre essa possibilidade aos 26 estados e o Distrito Federal.<\/p>\n<p>De acordo com o ministro da Educa\u00e7\u00e3o, Aloizio Mercadante, o \u00edndice de evas\u00e3o no ensino m\u00e9dio \u00e9 muito grande e os governos da Uni\u00e3o e dos estados precisam ampliar as parcerias em busca de solu\u00e7\u00f5es para o problema. Desde 2009, quando foi institu\u00eddo o Ensino M\u00e9dio Inovador, o MEC repassa recursos para que as secretarias estaduais de educa\u00e7\u00e3o reestruturem os curr\u00edculos e aumentem progressivamente o n\u00famero de horas de aula anuais.<\/p>\n<p>Para Mercadante, al\u00e9m de buscar mecanismos que estimulem a perman\u00eancia dos jovens na escola, \u00e9 preciso modificar a estrutura do curr\u00edculo, para que ela seja mais criativa, acolhedora e motivadora. \u201cA escola tem que se modernizar, buscar entender um pouco a juventude, essa inquieta\u00e7\u00e3o, essa vontade de participar\u201d, explicou. Ent\u00e3o, diz o ministro, o Ensino M\u00e9dio Inovador e o Projeto Jovem do Futuro \u201cs\u00e3o para n\u00f3s um caminho bastante importante para avaliar essas metodologias.\u201d<\/p>\n<p>Forma\u00e7\u00e3o \u2013 Segundo a superintendente executiva do Instituto Unibanco, Wanda Engel, o foco do projeto \u00e9 a capacita\u00e7\u00e3o de quadros t\u00e9cnicos dos sistemas de ensino e das escolas. Nos sistemas de ensino, o projeto vai capacitar supervisores, acompanhar as atividades e fazer avalia\u00e7\u00f5es anuais; as escolas inseridas no Jovem do Futuro receber\u00e3o curso de gest\u00e3o e forma\u00e7\u00e3o em recursos financeiros.<\/p>\n<p>Segundo Wanda Engel, j\u00e1 aderiram ao projeto, para 2012, as secretarias de educa\u00e7\u00e3o do Par\u00e1, Cear\u00e1, Mato Grosso do Sul, Goi\u00e1s, S\u00e3o Paulo e Piau\u00ed. O objetivo \u00e9 contar com a ades\u00e3o das 27 unidades da Federa\u00e7\u00e3o e aumentar progressivamente o n\u00famero de escolas. A superintendente executiva diz que a meta deste ano \u00e9 trabalhar com 789 escolas p\u00fablicas de ensino m\u00e9dio; em 2013, com 2.185, e em 2014, com 4.125. Ela estima que o instituto vai investir, nos pr\u00f3ximo cinco anos, R$ 233 milh\u00f5es em assist\u00eancia t\u00e9cnica aos estados.<\/p>\n<p>Ensino M\u00e9dio Inovador \u2013 Dados da coordena\u00e7\u00e3o geral do ensino m\u00e9dio da Secretaria de Educa\u00e7\u00e3o B\u00e1sica do MEC mostram que 24 estados e o Distrito Federal aderiram ao Ensino M\u00e9dio Inovador. Apenas Minas Gerais e Alagoas est\u00e3o fora. Sandra Garcia, que coordena o ensino m\u00e9dio na Secretaria de Educa\u00e7\u00e3o B\u00e1sica, informa que a meta do MEC em 2012 \u00e9 ter 2 mil escolas no programa, o que representa cerca de 10% das escolas p\u00fablicas desta etapa do ensino.<\/p>\n<p>Para receber recursos do Programa Dinheiro Direito na Escola (PDDE), os estabelecimentos precisam cumprir itens como o aumento do n\u00famero de horas de aula por ano. Segundo Sandra Garcia, o curr\u00edculo do ensino m\u00e9dio tem 800 horas anuais de aula; no ensino m\u00e9dio inovador, o m\u00ednimo s\u00e3o 1 mil horas por ano.<\/p>\n<p>Ionice Lorenzoni<\/p>\n","protected":false},"excerpt":{"rendered":"<p>As unidades de Federa\u00e7\u00e3o que aderiram ao programa Ensino M\u00e9dio Inovador, do governo federal, agora tamb\u00e9m podem participar do Projeto Jovem do Futuro, que \u00e9 uma iniciativa do Instituto Unibanco. Os estados participantes v\u00e3o receber apoio t\u00e9cnico para qualificar a gest\u00e3o do ensino m\u00e9dio. Um termo de coopera\u00e7\u00e3o t\u00e9cnica, assinado nesta ter\u00e7a-feira, 14, entre o [&hellip;]<\/p>\n","protected":false},"author":3,"featured_media":36262,"comment_status":"open","ping_status":"closed","sticky":false,"template":"","format":"standard","meta":{"tdm_status":"","tdm_grid_status":"","footnotes":""},"categories":[22],"tags":[],"class_list":{"0":"post-38207","1":"post","2":"type-post","3":"status-publish","4":"format-standard","5":"has-post-thumbnail","7":"category-brasil"},"_links":{"self":[{"href":"https:\/\/migracao.redenoticia.com.br\/noticia\/wp-json\/wp\/v2\/posts\/38207","targetHints":{"allow":["GET"]}}],"collection":[{"href":"https:\/\/migracao.redenoticia.com.br\/noticia\/wp-json\/wp\/v2\/posts"}],"about":[{"href":"https:\/\/migracao.redenoticia.com.br\/noticia\/wp-json\/wp\/v2\/types\/post"}],"author":[{"embeddable":true,"href":"https:\/\/migracao.redenoticia.com.br\/noticia\/wp-json\/wp\/v2\/users\/3"}],"replies":[{"embeddable":true,"href":"https:\/\/migracao.redenoticia.com.br\/noticia\/wp-json\/wp\/v2\/comments?post=38207"}],"version-history":[{"count":0,"href":"https:\/\/migracao.redenoticia.com.br\/noticia\/wp-json\/wp\/v2\/posts\/38207\/revisions"}],"wp:featuredmedia":[{"embeddable":true,"href":"https:\/\/migracao.redenoticia.com.br\/noticia\/wp-json\/wp\/v2\/media\/36262"}],"wp:attachment":[{"href":"https:\/\/migracao.redenoticia.com.br\/noticia\/wp-json\/wp\/v2\/media?parent=38207"}],"wp:term":[{"taxonomy":"category","embeddable":true,"href":"https:\/\/migracao.redenoticia.com.br\/noticia\/wp-json\/wp\/v2\/categories?post=38207"},{"taxonomy":"post_tag","embeddable":true,"href":"https:\/\/migracao.redenoticia.com.br\/noticia\/wp-json\/wp\/v2\/tags?post=38207"}],"curies":[{"name":"wp","href":"https:\/\/api.w.org\/{rel}","templated":true}]}}