{"id":3821,"date":"2009-06-25T22:03:58","date_gmt":"2009-06-26T02:03:58","guid":{"rendered":"http:\/\/www.redenoticia.com.br\/noticia\/?p=3821"},"modified":"2009-06-25T22:03:58","modified_gmt":"2009-06-26T02:03:58","slug":"porto-velho-comemora-recorde-de-atendimento-de-pacientes-com-diabetes","status":"publish","type":"post","link":"https:\/\/migracao.redenoticia.com.br\/noticia\/2009\/porto-velho-comemora-recorde-de-atendimento-de-pacientes-com-diabetes\/3821","title":{"rendered":"Porto Velho comemora recorde de atendimento de pacientes com diabetes"},"content":{"rendered":"<p><span style=\"color: #ff0000; font-size: medium;\"><strong><em><span style=\"color: #000000;\">S\u00e3o mais de 4.900 diab\u00e9ticos atendidos nas Unidades de Sa\u00fade Municipais.<\/span><\/em><\/strong><\/span><\/p>\n<p>Entre os v\u00e1rios programas de preven\u00e7\u00e3o a doen\u00e7as, realizados pela secretaria municipal de Sa\u00fade (Semusa), est\u00e1 o de Hiperdia (Hipertens\u00e3o Arterial e Diabetes), que \u00e9 realizado atrav\u00e9s da Divis\u00e3o de Programas Especiais. O programa compreende desde o cadastramento, tratamento e acompanhamento do Diabetes, uma doen\u00e7a que atinge boa parte da popula\u00e7\u00e3o.<\/p>\n<p>No pr\u00f3ximo dia 26 de junho, dia em que se comemora o dia Nacional do Diabetes, a Semusa tem mais um motivo para comemorar: o atendimento completo aos pacientes que precisam deste tratamento, desde o exame de glicose\u00a0 (glicosimetria) \u00e0 distribui\u00e7\u00e3o dos medicamentos, inclusive o\u00a0 acompanhamento peri\u00f3dico destes pacientes em todas as 20\u00a0 unidades de sa\u00fade da zona urbana e nas 35 unidades da zona rural. Depois de cadastrado, o paciente passa a ter um acompanhamento peri\u00f3dico, atrav\u00e9s de exames laboratoriais, aferi\u00e7\u00e3o de press\u00e3o, atrop\u00f4metro, fita m\u00e9trica e medica\u00e7\u00e3o espec\u00edfica que tamb\u00e9m \u00e9 distribu\u00edda gratuitamente nas unidades municipais de sa\u00fade, como Glibenclamida, Cloridato de Metformina, Glicazida e insulina NPH e regular. Cerca de 4.903 pacientes Diab\u00e9ticos est\u00e3o cadastrados na Semusa. \u201cO procedimento \u00e9 simples, o paciente depois de diagnosticada a doen\u00e7a, faz o cadastramento por indica\u00e7\u00e3o do m\u00e9dico e retira as doses prescritas, sem maiores burocracias em qualquer uma das unidades de sa\u00fade\u201d, garante a diretora da Divis\u00e3o de Programas Especiais da Semusa, Maria do Carmo Lacerda.<\/p>\n<p>O Dia Nacional do Diabetes \u00e9 comemorado em parceria do Minist\u00e9rio da Sa\u00fade\u00a0 com a\u00a0<a href=\"http:\/\/www.who.int\/en\/\" target=\"_blank\">Organiza\u00e7\u00e3o Mundial da Sa\u00fade<\/a> (OMS), por causa do aumento do interesse em torno do diabetes no mundo. O Dia Mundial \u00e9 celebrado no dia 14 de novembro devido ao nascimento do cientista canadense Frederick Bantin um dos respons\u00e1veis pela descoberta da insulina, em outubro de 1921.<\/p>\n<p>Com alerta do Dia Mundial do Diabetes, o Minist\u00e9rio da Sa\u00fade est\u00e1 preparando uma pesquisa para investigar a preval\u00eancia de diabetes entre adolescentes. Previsto para come\u00e7ar em 2009, o estudo tem como objetivo constatar quais s\u00e3o os fatores de risco para o desencadeamento do diabetes nessa faixa et\u00e1ria e refor\u00e7ar mecanismos de preven\u00e7\u00e3o e de atendimento.<\/p>\n<p><strong><em>Tipos de Diabetes<\/em><\/strong><\/p>\n<p>O Diabetes Tipo 1 (DM1) \u00e9 uma doen\u00e7a caracterizada pela destrui\u00e7\u00e3o das c\u00e9lulas produtoras de insulina. Quando isso acontece, \u00e9 preciso tomar insulina para viver e se manter saud\u00e1vel. As pessoas precisam de inje\u00e7\u00f5es di\u00e1rias de insulina para regularizar o metabolismo do a\u00e7\u00facar. As altas taxas de glicose acumulada no sangue, com o passar do tempo, podem afetar os olhos, rins, nervos ou cora\u00e7\u00e3o. O diabetes do tipo 2 possui um fator heredit\u00e1rio maior do que no tipo 1. Al\u00e9m disso, h\u00e1 uma grande rela\u00e7\u00e3o com a obesidade e o sedentarismo. Estima-se que 60% a 90% dos portadores da doen\u00e7a sejam obesos. A incid\u00eancia \u00e9 maior ap\u00f3s os 40 anos. Uma de suas peculiaridades \u00e9 a cont\u00ednua produ\u00e7\u00e3o de insulina pelo p\u00e2ncreas. Existe ainda o diabetes gestacional que \u00e9 a altera\u00e7\u00e3o das taxas de a\u00e7\u00facar no sangue que aparece ou \u00e9 detectada pela primeira vez na gravidez. Pode persistir ou desaparecer depois do parto. Entre os principais sintomas do Diabetes est\u00e3o as infec\u00e7\u00f5es freq\u00fcentes, altera\u00e7\u00e3o visual (vis\u00e3o emba\u00e7ada), dificuldade na cicatriza\u00e7\u00e3o de feridas,formigamento nos p\u00e9s e furunculose.<\/p>\n","protected":false},"excerpt":{"rendered":"<p>S\u00e3o mais de 4.900 diab\u00e9ticos atendidos nas Unidades de Sa\u00fade Municipais. Entre os v\u00e1rios programas de preven\u00e7\u00e3o a doen\u00e7as, realizados pela secretaria municipal de Sa\u00fade (Semusa), est\u00e1 o de Hiperdia (Hipertens\u00e3o Arterial e Diabetes), que \u00e9 realizado atrav\u00e9s da Divis\u00e3o de Programas Especiais. O programa compreende desde o cadastramento, tratamento e acompanhamento do Diabetes, uma [&hellip;]<\/p>\n","protected":false},"author":2,"featured_media":0,"comment_status":"open","ping_status":"open","sticky":false,"template":"","format":"standard","meta":{"tdm_status":"","tdm_grid_status":"","footnotes":""},"categories":[5],"tags":[],"class_list":{"0":"post-3821","1":"post","2":"type-post","3":"status-publish","4":"format-standard","6":"category-saude-e-vida"},"_links":{"self":[{"href":"https:\/\/migracao.redenoticia.com.br\/noticia\/wp-json\/wp\/v2\/posts\/3821","targetHints":{"allow":["GET"]}}],"collection":[{"href":"https:\/\/migracao.redenoticia.com.br\/noticia\/wp-json\/wp\/v2\/posts"}],"about":[{"href":"https:\/\/migracao.redenoticia.com.br\/noticia\/wp-json\/wp\/v2\/types\/post"}],"author":[{"embeddable":true,"href":"https:\/\/migracao.redenoticia.com.br\/noticia\/wp-json\/wp\/v2\/users\/2"}],"replies":[{"embeddable":true,"href":"https:\/\/migracao.redenoticia.com.br\/noticia\/wp-json\/wp\/v2\/comments?post=3821"}],"version-history":[{"count":0,"href":"https:\/\/migracao.redenoticia.com.br\/noticia\/wp-json\/wp\/v2\/posts\/3821\/revisions"}],"wp:attachment":[{"href":"https:\/\/migracao.redenoticia.com.br\/noticia\/wp-json\/wp\/v2\/media?parent=3821"}],"wp:term":[{"taxonomy":"category","embeddable":true,"href":"https:\/\/migracao.redenoticia.com.br\/noticia\/wp-json\/wp\/v2\/categories?post=3821"},{"taxonomy":"post_tag","embeddable":true,"href":"https:\/\/migracao.redenoticia.com.br\/noticia\/wp-json\/wp\/v2\/tags?post=3821"}],"curies":[{"name":"wp","href":"https:\/\/api.w.org\/{rel}","templated":true}]}}