{"id":38230,"date":"2012-02-16T15:16:27","date_gmt":"2012-02-16T17:16:27","guid":{"rendered":"http:\/\/www.redenoticia.com.br\/noticia\/?p=38230"},"modified":"2012-02-16T15:16:27","modified_gmt":"2012-02-16T17:16:27","slug":"confira-o-funcionamento-dos-servicos-estaduais-sp-no-carnaval","status":"publish","type":"post","link":"https:\/\/migracao.redenoticia.com.br\/noticia\/2012\/confira-o-funcionamento-dos-servicos-estaduais-sp-no-carnaval\/38230","title":{"rendered":"Confira o funcionamento dos servi\u00e7os estaduais SP no Carnaval"},"content":{"rendered":"<p><img loading=\"lazy\" decoding=\"async\" class=\"alignleft size-full wp-image-38085\" title=\"carnaval\" src=\"https:\/\/migracao.redenoticia.com.br\/noticia\/imagens\/carnaval.jpg\" alt=\"\" width=\"300\" height=\"193\" srcset=\"https:\/\/migracao.redenoticia.com.br\/noticia\/imagens\/carnaval.jpg 300w, https:\/\/migracao.redenoticia.com.br\/noticia\/imagens\/carnaval-250x161.jpg 250w, https:\/\/migracao.redenoticia.com.br\/noticia\/imagens\/carnaval-150x97.jpg 150w\" sizes=\"auto, (max-width: 300px) 100vw, 300px\" \/>Durante o feriado de<em><strong> Carnaval<\/strong><\/em>, de 18 a 22 de fevereiro, os servi\u00e7os estaduais p\u00fablicos apresentam funcionamento diferenciado. Saiba mais na lista abaixo.<\/p>\n<p>Detran.SP<\/p>\n<p>Nenhuma unidade do Detran.SP far\u00e1 atendimento ao p\u00fablico nos dias 20 e 21 de fevereiro &#8211; segunda e ter\u00e7a-feira de Carnaval, respectivamente.<\/p>\n<p>O hor\u00e1rio diferenciado inclui as cinco unidades piloto (duas na capital &#8211; Aricanduva e Interlagos, al\u00e9m de S\u00e3o Bernardo do Campo, Aparecida e Americana), o posto Arm\u00eania (tamb\u00e9m na capital), as Circunscri\u00e7\u00f5es Regionais de Tr\u00e2nsito (Ciretrans) e todas as unidades do Detran.SP que funcionam nos postos Poupatempo de todo o Estado.<\/p>\n<p>No s\u00e1bado de Carnaval, dia 18 de fevereiro, as duas unidades piloto da capital e a de S\u00e3o Bernardo do Campo abrir\u00e3o normalmente, das 8h \u00e0s 14h. O posto Arm\u00eania, tamb\u00e9m na capital, abrir\u00e1 no mesmo hor\u00e1rio para atendimento exclusivo de cidad\u00e3os com agendamento pr\u00e9vio feito por meio do www.e-cnhsp.sp.gov.br.<\/p>\n<p>O expediente nas unidades do Detran.SP (incluindo as que ficam nos postos Poupatempo) e nas Ciretrans ser\u00e1 retomado na Quarta-feira de Cinzas, 22 de fevereiro, a partir das 12h.<\/p>\n<p>No per\u00edodo de Carnaval, o Disque Detran.SP tamb\u00e9m ter\u00e1 hor\u00e1rio de funcionamento diferenciado. No s\u00e1bado (18), a central telef\u00f4nica atender\u00e1 normalmente, das 6h30 \u00e0s 15h. Na segunda-feira (20), funciona das 7h \u00e0s 13h. Na ter\u00e7a-feira de Carnaval, n\u00e3o haver\u00e1 expediente. O atendimento volta ao normal na Quarta-feira de Cinzas, das 7h \u00e0s 20h.<\/p>\n<p>Atendimento nas unidades do Detran.SP e nas Ciretrans<\/p>\n<p>Unidades piloto de Interlagos, Aricanduva (capital) e S\u00e3o Bernardo do Campo<\/p>\n<p>&#8211; Abrem normalmente no s\u00e1bado (18), das 8h \u00e0s 14h<br \/>\n&#8211; Fecham na segunda (20) e na ter\u00e7a-feira (21)<br \/>\n&#8211; Abrem na Quarta-feira de Cinzas (22), a partir do meio dia<\/p>\n<p>Unidade Arm\u00eania (capital)<\/p>\n<p>&#8211; Abre normalmente no s\u00e1bado (18), das 8h \u00e0s14h, para atendimento exclusivo de cidad\u00e3os com agendamento pr\u00e9vio pelo site do e-CNHsp<br \/>\n&#8211; Fecha na segunda (20) e na ter\u00e7a-feira (21)<br \/>\n&#8211; Abre na Quarta-feira de Cinzas (22), a partir do meio dia<\/p>\n<p>Ciretrans do Interior, Litoral e Regi\u00e3o Metropolitana<\/p>\n<p>&#8211; Fecham na segunda (20) e na ter\u00e7a-feira (21)<br \/>\n&#8211; Abrem na Quarta-feira de Cinzas (22), a partir do meio dia<\/p>\n<p>Funcionamento do Disque Detran.SP<\/p>\n<p>&#8211; S\u00e1bado (18): das 6h30 \u00e0s 15h<br \/>\n&#8211; Segunda-feira (20): das 7h \u00e0s 13h<br \/>\n&#8211; Ter\u00e7a-feira de Carnaval: n\u00e3o h\u00e1 expediente<br \/>\n&#8211; Quarta-feira de Cinzas: das 7h \u00e0s 20h<\/p>\n<p>Poupatempo<\/p>\n<p>Durante a semana de Carnaval, todos os 30 Postos do Programa Poupatempo ter\u00e3o o seguinte esquema de funcionamento:<\/p>\n<p>20\/02 &#8211; segunda-feira &#8211; fechados<br \/>\n21\/02 &#8211; ter\u00e7a-feira &#8211; fechados<br \/>\n22\/02 &#8211; quarta-feira &#8211; abrem \u00e0s 12h<\/p>\n<p>Disque Poupatempo (0800 772 36 33)<\/p>\n<p>Na segunda-feira, dia 20, o Disque Poupatempo atender\u00e1 das 7 \u00e0s 13 horas, e na ter\u00e7a-feira de Carnaval, dia 21, n\u00e3o funcionar\u00e1. J\u00e1 na quarta, 22, o teleatendimento funcionar\u00e1 normalmente, das 7 \u00e0s 20 horas.<\/p>\n<p>A partir de quinta-feira, 23 de fevereiro, todos os Postos voltam a atender em seus hor\u00e1rios habituais, que podem ser consultados em www.poupatempo.sp.gov.br ou pelo Disque Poupatempo &#8211; 0800 772 36 33.<\/p>\n<p>Procon<\/p>\n<p>Postos de atendimento pessoal (dentro do Poupatempo S\u00e9, Santo Amaro e Itaquera)<\/p>\n<p>Dia 18 de fevereiro (s\u00e1bado): atendimento normal, das 7h00 \u00e0s 13h00<br \/>\nDia 20 de fevereiro (segunda-feira): n\u00e3o haver\u00e1 atendimento<br \/>\nDia 21 de fevereiro (ter\u00e7a-feira): n\u00e3o haver\u00e1 atendimento<br \/>\nDia 22 de fevereiro (quarta-feira): atendimento das 13h00 \u00e0s 19h00<\/p>\n<p>Audi\u00eancias e administrativo<\/p>\n<p>Dia 18 de fevereiro (s\u00e1bado): n\u00e3o h\u00e1 atendimento<br \/>\nDia 20 de fevereiro (segunda-feira): n\u00e3o haver\u00e1 atendimento<br \/>\nDia 21 de fevereiro (ter\u00e7a-feira): n\u00e3o haver\u00e1 atendimento<br \/>\nDia 22 de fevereiro (quarta-feira): atendimento das 12h00 \u00e0s 17h00<\/p>\n<p>Atendimento telef\u00f4nico (151)<\/p>\n<p>Dia 18 de fevereiro (s\u00e1bado): n\u00e3o h\u00e1 atendimento<br \/>\nDia 20 de fevereiro (segunda-feira): n\u00e3o haver\u00e1 atendimento<br \/>\nDia 21 de fevereiro (ter\u00e7a-feira): n\u00e3o haver\u00e1 atendimento<br \/>\nDia 22 de fevereiro (quarta-feira): atendimento das 12h00 \u00e0s 19h00<\/p>\n<p>Atendimento eletr\u00f4nico e fax (011 3824-0717)<\/p>\n<p>Dia 18 de fevereiro (s\u00e1bado): n\u00e3o h\u00e1 atendimento<br \/>\nDia 20 de fevereiro (segunda-feira): n\u00e3o haver\u00e1 atendimento<br \/>\nDia 21 de fevereiro (ter\u00e7a-feira): n\u00e3o haver\u00e1 atendimento<br \/>\nDia 22 de fevereiro (quarta-feira): atendimento das 12h00 \u00e0s 16h00<\/p>\n<p>Postos de Atendimento ao Trabalhador<\/p>\n<p>N\u00e3o haver\u00e1 plant\u00e3o. Volta a funcionar na quarta, 22, \u00e0s 12h.<\/p>\n<p>Hospitais e Unidade de sa\u00fade<\/p>\n<p>At\u00e9 12h de quarta-feira em esquema de plant\u00e3o.<\/p>\n<p>Prontos-socorros e interna\u00e7\u00e3o funcionam normalmente e exames e consultas ambulatoriais, n\u00e3o.<\/p>\n<p>Sabesp<\/p>\n<p>Atendimento telef\u00f4nico e pela internet<\/p>\n<p>Central de Atendimento 195 (Liga\u00e7\u00e3o Gratuita): funciona 24 horas, atendendo aos casos emergenciais na Grande S\u00e3o Paulo.<\/p>\n<p>Central de Atendimento interior e litoral do Estado: o telefone 0800 055 0195 atende 24 horas por dia para emerg\u00eancias nos munic\u00edpios operados pela Sabesp fora da Regi\u00e3o Metropolitana de S\u00e3o Paulo.<\/p>\n<p>Disque Sabesp\/ Regi\u00e3o Metropolitana &#8211; 08000 11 99 11: na segunda-feira (20\/02) o servi\u00e7o funcionar\u00e1 das 8h \u00e0s 17h. Na ter\u00e7a-feira de Carnaval n\u00e3o haver\u00e1 expediente. O atendimento retoma na quarta-feira, dia 22, das 10h \u00e0s 16h.<\/p>\n<p>Disque Poupatempo &#8211; 0800 772 36 33: no s\u00e1bado (18\/02) e na segunda-feira (20\/02) o atendimento funcionar\u00e1 das 7h \u00e0s 13h, enquanto na ter\u00e7a-feira (21\/02) n\u00e3o haver\u00e1 expediente. Na quarta-feira (22\/02) o servi\u00e7o funciona normalmente das 7h \u00e0s 20h.<\/p>\n<p>Sabesp Solu\u00e7\u00f5es Ambientais &#8211; 0800 771 24 82: funcionar\u00e1 normalmente na segunda (20\/02), ter\u00e7a (21\/02) e quarta-feira (22\/02) das 8h \u00e0s 18h.<\/p>\n<p>Atendimento Online: n\u00e3o haver\u00e1 atendimento na segunda (20\/02) e ter\u00e7a-feira (21\/02). J\u00e1 na quarta-feira, dia 22, o servi\u00e7o funcionar\u00e1 das 8h \u00e0s 21h.<\/p>\n<p>Ouvidoria Sabesp &#8211; 0800 055 05 65: n\u00e3o haver\u00e1 expediente no s\u00e1bado (18\/02), domingo (19\/02), segunda (20\/02) e ter\u00e7a-feira (21\/02), retomando o atendimento na quarta-feira (22\/02) \u00e0s 8h.<\/p>\n<p>Postos e ag\u00eancias de atendimento<\/p>\n<p>REGI\u00c3O METROPOLITANA DE S\u00c3O PAULO<\/p>\n<p>Ag\u00eancias Comerciais: n\u00e3o haver\u00e1 expediente na segunda-feira (20\/02) e na ter\u00e7a-feira (21\/02), retomando o atendimento na quarta-feira (22\/02) das 12h \u00e0s 15h.<\/p>\n<p>Postos Poupatempo: no s\u00e1bado (18) os postos funcionar\u00e3o normalmente das 7h \u00e0s 13h. Nos dias 20 e 21\/02, os postos estar\u00e3o fechados, reabrindo na quarta-feira (22\/02) \u00e0s 12h.<\/p>\n<p>LITORAL NORTE<br \/>\nAs ag\u00eancias da Sabesp nas cidades do Litoral Norte n\u00e3o funcionam na segunda (20\/02) e na ter\u00e7a-feira (21\/02). O atendimento ser\u00e1 retomado na quarta-feira, dia 22, \u00e0s 13h.<\/p>\n<p>BAIXADA SANTISTA<br \/>\nNo s\u00e1bado (18\/2), permanecem fechadas as ag\u00eancias de Cubat\u00e3o, S\u00e3o Vicente e Distrito de Vicente de Carvalho. As demais unidades funcionam normalmente das 10h \u00e0s 16h e no Poupatempo de Santos das 9h \u00e0s 14h. Na segunda-feira (20\/2), as ag\u00eancias funcionam normalmente das 10h \u00e0s 16h, exceto o Poupatempo de Santos, que estar\u00e1 fechado.<\/p>\n<p>Todas as ag\u00eancias de atendimento dos nove munic\u00edpios estar\u00e3o fechadas na ter\u00e7a-feira (21\/02). J\u00e1 na quarta-feira de cinzas, o atendimento acontece das 13h \u00e0s 16h. E no Poupatempo de Santos, das 12h \u00e0s 18h.<\/p>\n<p>VALE DO PARA\u00cdBA<br \/>\nOs postos de atendimento abrem normalmente no s\u00e1bado (18\/02). J\u00e1 nas ag\u00eancias do Poupatempo n\u00e3o haver\u00e1 expediente, com exce\u00e7\u00e3o da unidade de S\u00e3o Jos\u00e9 dos Campos, que funciona das 9h \u00e0s 15h. Na segunda (20\/02) e ter\u00e7a-feira (21\/02) n\u00e3o haver\u00e1 atendimento. Na quarta-feira, dia 22, as ag\u00eancias abrem a partir das 12h.<\/p>\n<p>VALE DO RIBEIRA<br \/>\nAs ag\u00eancias de atendimento de Iguape, Ilha Comprida e Canan\u00e9ia abrem no s\u00e1bado de Carnaval, dia 18\/02. Em Iguape, o expediente ser\u00e1 das 9h \u00e0s 16h. Em Ilha Comprida e Canan\u00e9ia, das 9h \u00e0s 12h e das 13h30 \u00e0s 16h. No domingo (19\/02), segunda (20\/02) e ter\u00e7a-feira (21\/02) as ag\u00eancias permanecem fechadas, reabrindo na quarta-feira, dia 22, a partir das 12h.<\/p>\n<p>As demais ag\u00eancias de atendimento do Vale do Ribeira ficam fechadas nos quatro dias de Carnaval.<\/p>\n<p>CAPIVARI\/ JUNDIA\u00cd<br \/>\nOs postos de atendimento estar\u00e3o fechados na segunda (20\/02) e ter\u00e7a-feira (21\/02), retomando o atendimento na quarta-feira de cinzas \u00e0s 9h.<\/p>\n<p>Funda\u00e7\u00e3o Pr\u00f3-Sangue<\/p>\n<p>Neste feriado, a Pr\u00f3-Sangue funcionar\u00e1 normalmente, com exce\u00e7\u00e3o no domingo dia 19, quando os postos estar\u00e3o fechados. De qualquer modo, o doador deve estar atento \u00e0 grade de atendimento da Funda\u00e7\u00e3o, pois as unidades v\u00e3o operar em hor\u00e1rios diferenciados. (Abaixo, confira grade de atendimento dos postos).<\/p>\n<p>Funcionamento dos postos<\/p>\n<p>18 de fevereiro, s\u00e1bado<br \/>\nPosto Cl\u00ednicas: das 8 \u00e0s 18 horas<br \/>\nPosto Barueri: fechado<br \/>\nPosto Dante Pazzanese: das 8 \u00e0s 16 horas<br \/>\nPosto Mandaqui: fechado<br \/>\nPosto Osasco: das 8 \u00e0s 16 horas<\/p>\n<p>19 de fevereiro, domingo<br \/>\nPosto Cl\u00ednicas: fechado<br \/>\nPosto Barueri: fechado<br \/>\nPosto Dante Pazzanese: fechado<br \/>\nPosto Mandaqui: fechado<br \/>\nPosto Osasco: fechado<\/p>\n<p>20 de fevereiro, segunda<br \/>\nPosto Cl\u00ednicas: das 8 \u00e0s 18 horas<br \/>\nPosto Barueri: fechado<br \/>\nPosto Dante Pazzanese: das 8 \u00e0s 17 horas<br \/>\nPosto Mandaqui: das 12 \u00e0s 18 horas<br \/>\nPosto Osasco: das 8 \u00e0s 17 horas<\/p>\n<p>21 de fevereiro, ter\u00e7a<br \/>\nPosto Cl\u00ednicas: das 8 \u00e0s 18 horas<br \/>\nPosto Barueri: fechado<br \/>\nPosto Dante Pazzanese: fechado<br \/>\nPosto Mandaqui: fechado<br \/>\nPosto Osasco: fechado<\/p>\n<p>22 de fevereiro, quarta<br \/>\nPosto Cl\u00ednicas: das 8 \u00e0s 19 horas<br \/>\nPosto Barueri: das 8 \u00e0s 16 horas<br \/>\nPosto Dante Pazzanese: das 12 \u00e0s 17 horas<br \/>\nPosto Mandaqui: das 12 \u00e0s 18 horas<br \/>\nPosto Osasco: das 12 \u00e0s 17 horas<\/p>\n<p>Do Portal do Governo de S\u00e3o Paulo<\/p>\n","protected":false},"excerpt":{"rendered":"<p>Durante o feriado de Carnaval, de 18 a 22 de fevereiro, os servi\u00e7os estaduais p\u00fablicos apresentam funcionamento diferenciado. Saiba mais na lista abaixo. Detran.SP Nenhuma unidade do Detran.SP far\u00e1 atendimento ao p\u00fablico nos dias 20 e 21 de fevereiro &#8211; segunda e ter\u00e7a-feira de Carnaval, respectivamente. O hor\u00e1rio diferenciado inclui as cinco unidades piloto (duas [&hellip;]<\/p>\n","protected":false},"author":3,"featured_media":38085,"comment_status":"open","ping_status":"closed","sticky":false,"template":"","format":"standard","meta":{"tdm_status":"","tdm_grid_status":"","footnotes":""},"categories":[22],"tags":[],"class_list":{"0":"post-38230","1":"post","2":"type-post","3":"status-publish","4":"format-standard","5":"has-post-thumbnail","7":"category-brasil"},"_links":{"self":[{"href":"https:\/\/migracao.redenoticia.com.br\/noticia\/wp-json\/wp\/v2\/posts\/38230","targetHints":{"allow":["GET"]}}],"collection":[{"href":"https:\/\/migracao.redenoticia.com.br\/noticia\/wp-json\/wp\/v2\/posts"}],"about":[{"href":"https:\/\/migracao.redenoticia.com.br\/noticia\/wp-json\/wp\/v2\/types\/post"}],"author":[{"embeddable":true,"href":"https:\/\/migracao.redenoticia.com.br\/noticia\/wp-json\/wp\/v2\/users\/3"}],"replies":[{"embeddable":true,"href":"https:\/\/migracao.redenoticia.com.br\/noticia\/wp-json\/wp\/v2\/comments?post=38230"}],"version-history":[{"count":0,"href":"https:\/\/migracao.redenoticia.com.br\/noticia\/wp-json\/wp\/v2\/posts\/38230\/revisions"}],"wp:featuredmedia":[{"embeddable":true,"href":"https:\/\/migracao.redenoticia.com.br\/noticia\/wp-json\/wp\/v2\/media\/38085"}],"wp:attachment":[{"href":"https:\/\/migracao.redenoticia.com.br\/noticia\/wp-json\/wp\/v2\/media?parent=38230"}],"wp:term":[{"taxonomy":"category","embeddable":true,"href":"https:\/\/migracao.redenoticia.com.br\/noticia\/wp-json\/wp\/v2\/categories?post=38230"},{"taxonomy":"post_tag","embeddable":true,"href":"https:\/\/migracao.redenoticia.com.br\/noticia\/wp-json\/wp\/v2\/tags?post=38230"}],"curies":[{"name":"wp","href":"https:\/\/api.w.org\/{rel}","templated":true}]}}