{"id":38231,"date":"2012-02-16T15:18:42","date_gmt":"2012-02-16T17:18:42","guid":{"rendered":"http:\/\/www.redenoticia.com.br\/noticia\/?p=38231"},"modified":"2012-02-16T15:18:42","modified_gmt":"2012-02-16T17:18:42","slug":"funcionamento-dos-museus-e-equipamentos-culturais-sp-no-carnaval","status":"publish","type":"post","link":"https:\/\/migracao.redenoticia.com.br\/noticia\/2012\/funcionamento-dos-museus-e-equipamentos-culturais-sp-no-carnaval\/38231","title":{"rendered":"Funcionamento dos museus e equipamentos culturais SP no carnaval"},"content":{"rendered":"<p><img loading=\"lazy\" decoding=\"async\" class=\"alignleft size-full wp-image-27918\" title=\"virada cultural sp\" src=\"https:\/\/migracao.redenoticia.com.br\/noticia\/imagens\/virada-cultural-sp-2010.jpg\" alt=\"\" width=\"300\" height=\"193\" srcset=\"https:\/\/migracao.redenoticia.com.br\/noticia\/imagens\/virada-cultural-sp-2010.jpg 300w, https:\/\/migracao.redenoticia.com.br\/noticia\/imagens\/virada-cultural-sp-2010-250x160.jpg 250w, https:\/\/migracao.redenoticia.com.br\/noticia\/imagens\/virada-cultural-sp-2010-150x96.jpg 150w\" sizes=\"auto, (max-width: 300px) 100vw, 300px\" \/>O Governo de S\u00e3o Paulo preparou uma programa\u00e7\u00e3o especial para o <em><strong>Carnaval<\/strong><\/em>. Confira os hor\u00e1rios de funcionamento de museus, bibliotecas e pal\u00e1cios da capital:<\/p>\n<p>Museu Paulista da USP<br \/>\nParque da Independ\u00eancia, s\/n\u00ba &#8211; Ipiranga &#8211; S\u00e3o Paulo<br \/>\nTelefone: (11) 2065-8000<br \/>\nFuncionamento: S\u00e1bado e domingo &#8211; das 9h \u00e0s 17h<br \/>\nSegunda e ter\u00e7a-feira n\u00e3o funciona, reabre quarta, das 9h \u00e0s 17h<br \/>\nIngressos: R$ 6 e R$ 3 (meia-entrada)<\/p>\n<p>Museu da Casa Brasileira<br \/>\nAvenida Brigadeiro Faria Lima, 2.705 &#8211; Jardim Paulistano &#8211; S\u00e3o Paulo<br \/>\nTelefone: (11) 3032-3727<br \/>\nFuncionamento: S\u00e1bado e domingo, das 10h \u00e0s 18h<br \/>\nSegunda e ter\u00e7a n\u00e3o funciona, reabre quarta, das 12h \u00e0s 18h<br \/>\nIngressos: R$ 4,00 inteira; R$ 2,00 meia entrada<\/p>\n<p>Museu Afro Brasil<br \/>\nAvenida Pedro \u00c1lvares Cabral, s\/no &#8211; port\u00e3o 10 &#8211; Parque Ibirapuera &#8211; S\u00e3o Paulo<br \/>\nTelefone: (11) 5579-0593<br \/>\nFuncionamento: S\u00e1bado e domingo, das 10h \u00e0s 17h<br \/>\nSegunda fecha &#8211; reabre na ter\u00e7a e quarta-feira, das 12 \u00e0s 18 h<br \/>\nIngressos: Entrada franca<\/p>\n<p>Museu de Zoologia<br \/>\nAvenida Nazar\u00e9, 481 &#8211; Ipiranga &#8211; S\u00e3o Paulo<br \/>\nTelefone: (11) 2065-8100<br \/>\nFuncionamento: fechado para reforma<br \/>\nIngressos: R$ 6,00 inteira; R$ 3,00 meia entrada; gratuito para menores de 6 anos e maiores de 60<\/p>\n<p>Instituto Butantan<br \/>\nAvenida Vital Brazil, 1500 &#8211; tel. 3726 7222<br \/>\nFuncionamento: S\u00e1bado e domingo, das 9h \u00e0s 16h30<br \/>\nSegunda n\u00e3o funciona &#8211; reabre ter\u00e7a-feira, das 9h \u00e0s 16h30; quarta-feira das 12h \u00e0s 16h30<br \/>\nInforma\u00e7\u00f5es no site www.butantan.gov.br<br \/>\nIngressos: R$ 6,00 adulto; R$ 2,50 estudante; gratuito para menores de 7 anos e maiores de 60<\/p>\n<p>Museu do Futebol<br \/>\nPra\u00e7a Charles Miller, s\/n\u00ba &#8211; Est\u00e1dio Paulo Machado de Carvalho &#8211; Pacaembu &#8211; SP<br \/>\nTelefone: (11) 3664-3848<br \/>\nFuncionamento: S\u00e1bado e Domingo das 9h \u00e0s 17h\/ Segunda n\u00e3o abre &#8211; ter\u00e7a e quarta-feira, das 9h \u00e0s 17h<br \/>\nIngressos: R$ 6,00 inteira; R$ 3,00 estudantes, aposentados e maiores de 60 anos; Quinta-feira entrada franca<\/p>\n<p>Pinacoteca do Estado<br \/>\nTelefone: (11) 3324-1000<br \/>\nwww.pinacoteca.org.br<br \/>\nFuncionamento: S\u00e1bado, das 10h \u00e0s 17h30. Segunda e ter\u00e7a-feira n\u00e3o abre. Reabre quarta-feira, das 12h \u00e0s 17h30<br \/>\nIngressos: R$ 6,00 inteira; R$ 3,00 meia-entrada; s\u00e1bado entrada franca<\/p>\n<p>Esta\u00e7\u00e3o Pinacoteca<br \/>\nLargo General Os\u00f3rio, 66 &#8211; Luz &#8211; S\u00e3o Paulo\/SP<br \/>\nFone: (11) 3335-4990<br \/>\nFuncionamento: S\u00e1bado, das 10h \u00e0s 17h30. Segunda e ter\u00e7a-feira n\u00e3o abre. Reabre quarta-feira, das 12h \u00e0s 17h30<br \/>\nIngressos: R$ 6,00 inteira; R$ 3,00 meia entrada<\/p>\n<p>Memorial da Resist\u00eancia<br \/>\nFuncionamento: S\u00e1bado e domingo, das 10h \u00e0s 18h. Segunda e ter\u00e7a-feira n\u00e3o abre. Retorna na quarta-feira, das 12h \u00e0s 17h30<br \/>\nIngressos: Entrada Franca<br \/>\nLargo General Os\u00f3rio, 66 &#8211; Luz &#8211; S\u00e3o Paulo\/SP<br \/>\nTelefone: (11) 3324-0943\/0944<\/p>\n<p>Pa\u00e7o das Artes<br \/>\nAv. da Universidade, 1 &#8211; Cidade Universit\u00e1ria (USP) &#8211; S\u00e3o Paulo\/SP<br \/>\nTelefone: (11) 3814-4832<br \/>\nwww.pacodasartes.org.br<br \/>\nFuncionamento: inaugura\u00e7\u00e3o \u00e0s 16h. S\u00e1bado e domingo, das 12h30 \u00e0s 17h30. Segunda-feira n\u00e3o abre. Volta na ter\u00e7a-feira, das 12h30 \u00e0s 17h30. Quarta-feira, das 11h30 \u00e0s 17h30<br \/>\nIngressos: Entrada Franca<\/p>\n<p>Casa das Rosas &#8211; Espa\u00e7o Haroldo de Campos de Poesia e Literatura<br \/>\nAv. Paulista, 37 &#8211; Bela Vista &#8211; S\u00e3o Paulo\/SP<br \/>\nTelefone: (11) 3285-6986 \/ 3288-9447<br \/>\nwww.poiesis.org.br\/casadasrosas<br \/>\nFuncionamento: S\u00e1bado e domingo, das 10h \u00e0s 18h. Segunda e ter\u00e7a-feira n\u00e3o abre. Retorna na quarta-feira, das 12h \u00e0s 22h<br \/>\nIngressos: Entrada Franca<\/p>\n<p>Museu da L\u00edngua Portuguesa<br \/>\nPra\u00e7a da Luz, s\/n\u00ba &#8211; S\u00e3o Paulo\/SP<br \/>\nTelefone: (11) 3326-0775<br \/>\nwww.museudalinguaportuguesa.org.br<br \/>\nFuncionamento: S\u00e1bado e domingo, das 10h \u00e0s 17h. Segunda e ter\u00e7a n\u00e3o abre. Retorna na quarta-feira, 12h \u00e0s 18h<\/p>\n<p>Ingressos: R$ 6,00 inteira; R$ 3,00 meia entrada; S\u00e1bado gratuito<\/p>\n<p>Biblioteca de S\u00e3o Paulo<br \/>\nAv. Cruzeiro do Sul, 2630 &#8211; Parque da Juventude &#8211; Santana &#8211; S\u00e3o Paulo\/SP<br \/>\nTelefone: (11) 2089-0800<br \/>\nwww.bibliotecadesaopaulo.com.br<br \/>\nFuncionamento: S\u00e1bado e domingo, das 9h \u00e0s 19h. Segunda e ter\u00e7a-feira n\u00e3o abre. Retorna quarta-feira, das 12h \u00e0s 21h<br \/>\nIngressos: Entrada Franca<\/p>\n<p>Museu de Arte Sacra<br \/>\nAv.. Tiradentes, 676 &#8211; Luz &#8211; S\u00e3o Paulo\/SP<br \/>\nTelefone: (11) 3326-1373<br \/>\nwww.museuartesacra.org.br<br \/>\nFuncionamento: S\u00e1bado e domingo, das 10h \u00e0s 18h. Fechado segunda e ter\u00e7a-feira. Retorna na quarta-feira, das 12h \u00e0s 18h<br \/>\nIngressos: R$ 6,00 inteira; R$ 3,00 meia entrada; gratuito para menores de 6 anos e maiores de 60<\/p>\n<p>Museu da Imagem e do Som<br \/>\nAvenida Europa, 158<br \/>\nS\u00e3o Paulo, 01449-000<br \/>\nTelefone: (11) 2117-4777<br \/>\nFuncionamento: S\u00e1bado, das 11h \u00e0s 22h &#8211; Domingo, das 11h \u00e0s 21h. Segunda n\u00e3o abre. Ter\u00e7a-feira, das 11h \u00e0s 21h e na quarta-feira, das 12h \u00e0s 22h<br \/>\nIngressos: R$ 4,00 inteira; R$ 2,00 meia entrada; Domingo entrada franca<\/p>\n<p>Catavento Cultural e Educacional<br \/>\nPal\u00e1cio das Ind\u00fastrias &#8211; Parque Dom Pedro II &#8211; S\u00e3o Paulo\/SP<br \/>\nTelefone: (11) 3315-0051<br \/>\nFuncionamento: das 9h \u00e0s 16h, com perman\u00eancia no museu at\u00e9 \u00e0s 17h. Segunda e ter\u00e7a-feira n\u00e3o abre. Retorna na quarta-feira, 12h \u00e0s 17h30<br \/>\nIngressos: R$ 6,00 inteira; R$ 3,00 meia entrada<\/p>\n<p>Casa Guilherme de Almeida<br \/>\nRua Macap\u00e1, 187, Pacaembu<br \/>\nTelefone:(11)3673-1883\/ 3672-1391<br \/>\nFuncionamento: S\u00e1bado e domingo, das 10h \u00e0s 17h. Segunda e ter\u00e7a-feira n\u00e3o abre. Retorna quarta-feira, das 12h \u00e0s 17h30<br \/>\nIngressos: Entrada Franca<\/p>\n<p>Memorial da Am\u00e9rica Latina &#8211; Audit\u00f3rio Sim\u00f3n Bol\u00edvar<br \/>\nAv. Auro Soares de Moura Andrade, 664 &#8211; Barra Funda &#8211; S\u00e3o Paulo<br \/>\nTelefone: (11) 3823-4600<br \/>\nFuncionamento: S\u00e1bado e domingo, das 9h \u00e0s 18h. Segunda n\u00e3o abre. Ter\u00e7a e quarta-feira, das 9h \u00e0s 18h<\/p>\n<p>Pal\u00e1cios do Governo<\/p>\n<p>Pal\u00e1cio dos Bandeirantes<br \/>\nAvenida Morumbi, 4.500 &#8211; Port\u00e3o 2<br \/>\nInforma\u00e7\u00f5es: 2193.8282 &#8211; monitoria@sp.gov.br<br \/>\nFuncionamento: S\u00e1bado e domingo, das 10h \u00e0s 17h. Segunda e ter\u00e7a n\u00e3o abre. Retorna quarta-feira, das 12h \u00e0s 17h<br \/>\nIngressos: Entrada Franca<\/p>\n<p>Pal\u00e1cio do Horto<br \/>\nRua do Horto, 931 &#8211; Horto Florestal &#8211; Gr\u00e1tis<br \/>\nInforma\u00e7\u00f5es: (11) 2193.8282 &#8211; monitoria@sp.gov.br<br \/>\nFuncionamento: S\u00e1bado e domingo, das 9h \u00e0s 15h. Segunda estar\u00e1 fechado. Reabre na ter\u00e7a-feira, das 9h \u00e0s 15h e fecha novamente na quarta-feira.<br \/>\nIngressos: Entrada Franca<\/p>\n<p>Do Portal do Governo do Estado<\/p>\n","protected":false},"excerpt":{"rendered":"<p>O Governo de S\u00e3o Paulo preparou uma programa\u00e7\u00e3o especial para o Carnaval. Confira os hor\u00e1rios de funcionamento de museus, bibliotecas e pal\u00e1cios da capital: Museu Paulista da USP Parque da Independ\u00eancia, s\/n\u00ba &#8211; Ipiranga &#8211; S\u00e3o Paulo Telefone: (11) 2065-8000 Funcionamento: S\u00e1bado e domingo &#8211; das 9h \u00e0s 17h Segunda e ter\u00e7a-feira n\u00e3o funciona, reabre [&hellip;]<\/p>\n","protected":false},"author":3,"featured_media":27918,"comment_status":"open","ping_status":"closed","sticky":false,"template":"","format":"standard","meta":{"tdm_status":"","tdm_grid_status":"","footnotes":""},"categories":[22],"tags":[],"class_list":{"0":"post-38231","1":"post","2":"type-post","3":"status-publish","4":"format-standard","5":"has-post-thumbnail","7":"category-brasil"},"_links":{"self":[{"href":"https:\/\/migracao.redenoticia.com.br\/noticia\/wp-json\/wp\/v2\/posts\/38231","targetHints":{"allow":["GET"]}}],"collection":[{"href":"https:\/\/migracao.redenoticia.com.br\/noticia\/wp-json\/wp\/v2\/posts"}],"about":[{"href":"https:\/\/migracao.redenoticia.com.br\/noticia\/wp-json\/wp\/v2\/types\/post"}],"author":[{"embeddable":true,"href":"https:\/\/migracao.redenoticia.com.br\/noticia\/wp-json\/wp\/v2\/users\/3"}],"replies":[{"embeddable":true,"href":"https:\/\/migracao.redenoticia.com.br\/noticia\/wp-json\/wp\/v2\/comments?post=38231"}],"version-history":[{"count":0,"href":"https:\/\/migracao.redenoticia.com.br\/noticia\/wp-json\/wp\/v2\/posts\/38231\/revisions"}],"wp:featuredmedia":[{"embeddable":true,"href":"https:\/\/migracao.redenoticia.com.br\/noticia\/wp-json\/wp\/v2\/media\/27918"}],"wp:attachment":[{"href":"https:\/\/migracao.redenoticia.com.br\/noticia\/wp-json\/wp\/v2\/media?parent=38231"}],"wp:term":[{"taxonomy":"category","embeddable":true,"href":"https:\/\/migracao.redenoticia.com.br\/noticia\/wp-json\/wp\/v2\/categories?post=38231"},{"taxonomy":"post_tag","embeddable":true,"href":"https:\/\/migracao.redenoticia.com.br\/noticia\/wp-json\/wp\/v2\/tags?post=38231"}],"curies":[{"name":"wp","href":"https:\/\/api.w.org\/{rel}","templated":true}]}}