{"id":38236,"date":"2012-02-16T10:33:00","date_gmt":"2012-02-16T12:33:00","guid":{"rendered":"http:\/\/www.redenoticia.com.br\/noticia\/?p=38236"},"modified":"2012-02-16T15:36:21","modified_gmt":"2012-02-16T17:36:21","slug":"transformacoes-radicais-na-capital-paulista","status":"publish","type":"post","link":"https:\/\/migracao.redenoticia.com.br\/noticia\/2012\/transformacoes-radicais-na-capital-paulista\/38236","title":{"rendered":"Transforma\u00e7\u00f5es radicais na capital paulista"},"content":{"rendered":"<p><img loading=\"lazy\" decoding=\"async\" class=\"alignleft size-full wp-image-34681\" title=\"secovi sp\" src=\"https:\/\/migracao.redenoticia.com.br\/noticia\/imagens\/secovi-sp.jpg\" alt=\"\" width=\"300\" height=\"193\" srcset=\"https:\/\/migracao.redenoticia.com.br\/noticia\/imagens\/secovi-sp.jpg 300w, https:\/\/migracao.redenoticia.com.br\/noticia\/imagens\/secovi-sp-250x160.jpg 250w, https:\/\/migracao.redenoticia.com.br\/noticia\/imagens\/secovi-sp-150x96.jpg 150w\" sizes=\"auto, (max-width: 300px) 100vw, 300px\" \/>A cidade de S\u00e3o Paulo passou por intensas mudan\u00e7as nas \u00faltimas d\u00e9cadas, que transformaram radicalmente suas caracter\u00edsticas sociais e espaciais e tornaram o tecido urbano muito mais heterog\u00eaneo e complexo.\u00a0A avalia\u00e7\u00e3o \u00e9 dos autores do livro <em><strong>S\u00e3o Paulo: novos percursos e atores<\/strong><\/em> (sociedade, cultura e pol\u00edtica) publicado pelo <a href=\"http:\/\/www.centrodametropole.org.br\/\" target=\"_blank\">Centro de Estudos da Metr\u00f3pole<\/a> (CEM). Sediado no Centro Brasileiro de An\u00e1lises e Planejamento (Cebrap), o CEM \u00e9 um Centro de Pesquisa, Inova\u00e7\u00e3o e Difus\u00e3o (CEPID) da FAPESP.<\/p>\n<p>O livro teve origem em uma publica\u00e7\u00e3o em espanhol organizada por L\u00facio Kowarick e Eduardo Marques, pesquisadores do CEM e professores do Departamento de Ci\u00eancia Pol\u00edtica da USP. Intitulada Miradas cruzadas: sociedad, pol\u00edtica y cultura, foi publicada em 2011 como parte de uma s\u00e9rie sobre cidades latino-americanas editada no Equador pela Organiza\u00e7\u00e3o Latino-Americana e do Caribe de Cidades Hist\u00f3ricas (Olacchi, na sigla em espanhol), ligada \u00e0 Organiza\u00e7\u00e3o das Na\u00e7\u00f5es Unidas (ONU).<\/p>\n<p>A incumb\u00eancia dos editores equatorianos para os pesquisadores brasileiros foi a de organizar um livro que quebrasse tabus da literatura latino-americana sobre cidades brasileiras \u2013 especificamente sobre S\u00e3o Paulo \u2013, que perduravam nas \u00faltimas quatro d\u00e9cadas.<\/p>\n<p>Segundo Marques, na d\u00e9cada de 1970 S\u00e3o Paulo foi objeto de uma literatura muito eloquente, que resultou em um diagn\u00f3stico bastante perspicaz da cidade. Por\u00e9m, como efeito negativo da for\u00e7a dessa literatura sobre a metr\u00f3pole paulista, nos anos posteriores se repetiu o mesmo discurso sobre a cidade e o debate sobre ela ficou desatualizado.<\/p>\n<p>\u201cH\u00e1 uma s\u00e9rie de processos que j\u00e1 n\u00e3o est\u00e3o ocorrendo em S\u00e3o Paulo h\u00e1 muito tempo e se continua com a mesma impress\u00e3o e diagn\u00f3stico sobre a cidade, datados dos anos 1970, que j\u00e1 n\u00e3o fazem muito sentido\u201d, disse Marques \u00e0 Ag\u00eancia FAPESP.<\/p>\n<p>De acordo com o pesquisador, um dos mitos que havia sobre a cidade na Am\u00e9rica Latina, mas que j\u00e1 foi incorporado ao debate local, est\u00e1 relacionado aos processos migrat\u00f3rios que se reduziram muito intensamente nas \u00faltimas d\u00e9cadas. \u201cHoje, poucos assuntos relacionados a S\u00e3o Paulo s\u00e3o fortemente impactados pela quest\u00e3o da imigra\u00e7\u00e3o\u201d, avaliou.<\/p>\n<p>O panorama de S\u00e3o Paulo apresentado pela nova literatura \u00e9 de uma cidade que cresce pouco, mas continua se expandindo para as periferias, que se tornaram mais heterog\u00eaneas, explica Marques.<\/p>\n<p>Por sua vez, o Estado se faz muito mais presente em todas as \u00e1reas da cidade, inclusive nas periferias, embora apresentando grandes diferen\u00e7as de qualidade de suas pol\u00edticas. E as desigualdades sociais est\u00e3o se colocando de forma diferente, mais multifacetadas e menos simples de serem compreendidas.<\/p>\n<p>\u201cAs desigualdades de acesso \u00e0s pol\u00edticas p\u00fablicas t\u00eam se reduzido, embora tenham se recolocado diferen\u00e7as de qualidade de servi\u00e7os p\u00fablicos, e o tecido urbano tenha ficado mais heterog\u00eaneo, assumindo uma forma mais complexa do que era anteriormente\u201d, afirmou.<\/p>\n<p>Os autores avaliam que S\u00e3o Paulo melhorou nas \u00faltimas d\u00e9cadas do ponto de vista econ\u00f4mico e urbano, em temos de aumento do poder aquisitivo e do acesso da popula\u00e7\u00e3o a servi\u00e7os p\u00fablicos, expresso na maior propor\u00e7\u00e3o de domic\u00edlios servidos por rede de \u00e1gua e esgoto, coleta de lixo, pavimenta\u00e7\u00e3o e ilumina\u00e7\u00e3o.<\/p>\n<p>Apontam tamb\u00e9m que, embora produzidos fora dos padr\u00f5es t\u00e9cnicos recomend\u00e1veis e constru\u00eddos ao longo de anos, na medida do poss\u00edvel, a moradia popular, o loteamento clandestino e as favelas paulistas apresentam hoje melhor qualidade habitacional do que nas d\u00e9cadas passadas.<\/p>\n<p>Como consequ\u00eancia desses diversos processos contradit\u00f3rios, os pesquisadores apontam a exist\u00eancia de uma intensa heterogeneidade territorial da cidade, inclusive nos espa\u00e7os perif\u00e9ricos, assim como a presen\u00e7a de m\u00faltiplas formas de segrega\u00e7\u00e3o e pobreza nas periferias paulistas.<\/p>\n<p>\u201cO principal recado que o livro traz ao atualizar o debate sobre as din\u00e2micas de S\u00e3o Paulo em suas diversas dimens\u00f5es, incluindo habita\u00e7\u00e3o, cotidiano, trabalho, desigualdades sociais e representa\u00e7\u00f5es culturais, \u00e9 que a cidade tem se transformado imensamente, tornando-se mais heterog\u00eanea, inclusive nas formas de sua desigualdade\u201d, afirmou Marques.<\/p>\n<p>Novos temas<\/p>\n<p>A vers\u00e3o em portugu\u00eas do livro \u00e9 maior e tem um enfoque um pouco diferente do original, em espanhol, que \u00e9 mais voltado para o p\u00fablico latino-americano.<\/p>\n<p>Dividido em 15 cap\u00edtulos, os ensaios reunidos no livro s\u00e3o em sua maioria originais e abordam desde temas tradicionais da sociologia urbana, como demografia, favelas e periferias, a novos assuntos, como a presen\u00e7a estrangeira na cidade e a representa\u00e7\u00e3o da metr\u00f3pole no cinema contempor\u00e2neo. \u201cEsses temas s\u00e3o novos e, geralmente, n\u00e3o est\u00e3o presentes nos comp\u00eandios sobre sociologia urbana\u201d, disse Kowarick.<\/p>\n<p>Segundo Kowarick, alguns dos temas ausentes na publica\u00e7\u00e3o se referem \u00e0 representa\u00e7\u00e3o da cidade na literatura e sobre o consumo de luxo na metr\u00f3pole paulista, que \u00e9 um outro aspecto da cidade, que envolve uma parcela significativa da riqueza nacional e contrasta com a maioria dos textos reunidos no livro, que exploram mais os aspectos da pobreza urbana.<\/p>\n<p>Os autores do livro destacam que S\u00e3o Paulo possui uma classe m\u00e9dia de alto poder aquisitivo e uma elite que consomem produtos de luxo. E que essa parcela economicamente abastada da popula\u00e7\u00e3o da cidade explica o fato de S\u00e3o Paulo ter a maior frota de jatos particulares do mundo e a terceira maior de helic\u00f3pteros \u2013 atr\u00e1s apenas de Nova York e T\u00f3quio \u2013, al\u00e9m de possuir um extenso circuito de lojas de luxo.<\/p>\n<p>\u201cFaltou um artigo no livro que enfatizasse esse consumo de luxo que ocorre em S\u00e3o Paulo e outro sobre literatura social. Talvez n\u00f3s organizaremos outro livro pensando nesses cap\u00edtulos que faltaram\u201d, disse Kowarick.<\/p>\n<p>S\u00e3o Paulo: novos percursos e atores (sociedade, cultura e pol\u00edtica)<br \/>\nOrganizadores: L\u00facio Kowarick e Eduardo Marques<br \/>\nLan\u00e7amento: 2011<br \/>\nPre\u00e7o: R$ 52<br \/>\nP\u00e1ginas: 400<br \/>\nMais informa\u00e7\u00f5es: <a href=\"http:\/\/www.editora34.com.br\/detalhe.asp?id=697\">www.editora34.com.br\/detalhe.asp?id=697<\/a><\/p>\n<p>Por Elton Alisson<\/p>\n<p>Ag\u00eancia FAPESP<\/p>\n","protected":false},"excerpt":{"rendered":"<p>A cidade de S\u00e3o Paulo passou por intensas mudan\u00e7as nas \u00faltimas d\u00e9cadas, que transformaram radicalmente suas caracter\u00edsticas sociais e espaciais e tornaram o tecido urbano muito mais heterog\u00eaneo e complexo.\u00a0A avalia\u00e7\u00e3o \u00e9 dos autores do livro S\u00e3o Paulo: novos percursos e atores (sociedade, cultura e pol\u00edtica) publicado pelo Centro de Estudos da Metr\u00f3pole (CEM). Sediado [&hellip;]<\/p>\n","protected":false},"author":3,"featured_media":34681,"comment_status":"open","ping_status":"closed","sticky":false,"template":"","format":"standard","meta":{"tdm_status":"","tdm_grid_status":"","footnotes":""},"categories":[22,7],"tags":[],"class_list":{"0":"post-38236","1":"post","2":"type-post","3":"status-publish","4":"format-standard","5":"has-post-thumbnail","7":"category-brasil","8":"category-economia"},"_links":{"self":[{"href":"https:\/\/migracao.redenoticia.com.br\/noticia\/wp-json\/wp\/v2\/posts\/38236","targetHints":{"allow":["GET"]}}],"collection":[{"href":"https:\/\/migracao.redenoticia.com.br\/noticia\/wp-json\/wp\/v2\/posts"}],"about":[{"href":"https:\/\/migracao.redenoticia.com.br\/noticia\/wp-json\/wp\/v2\/types\/post"}],"author":[{"embeddable":true,"href":"https:\/\/migracao.redenoticia.com.br\/noticia\/wp-json\/wp\/v2\/users\/3"}],"replies":[{"embeddable":true,"href":"https:\/\/migracao.redenoticia.com.br\/noticia\/wp-json\/wp\/v2\/comments?post=38236"}],"version-history":[{"count":0,"href":"https:\/\/migracao.redenoticia.com.br\/noticia\/wp-json\/wp\/v2\/posts\/38236\/revisions"}],"wp:featuredmedia":[{"embeddable":true,"href":"https:\/\/migracao.redenoticia.com.br\/noticia\/wp-json\/wp\/v2\/media\/34681"}],"wp:attachment":[{"href":"https:\/\/migracao.redenoticia.com.br\/noticia\/wp-json\/wp\/v2\/media?parent=38236"}],"wp:term":[{"taxonomy":"category","embeddable":true,"href":"https:\/\/migracao.redenoticia.com.br\/noticia\/wp-json\/wp\/v2\/categories?post=38236"},{"taxonomy":"post_tag","embeddable":true,"href":"https:\/\/migracao.redenoticia.com.br\/noticia\/wp-json\/wp\/v2\/tags?post=38236"}],"curies":[{"name":"wp","href":"https:\/\/api.w.org\/{rel}","templated":true}]}}