{"id":38244,"date":"2012-02-17T11:36:33","date_gmt":"2012-02-17T13:36:33","guid":{"rendered":"http:\/\/www.redenoticia.com.br\/noticia\/?p=38244"},"modified":"2012-02-17T21:36:49","modified_gmt":"2012-02-17T23:36:49","slug":"cultura-livre-sp-leva-clima-carnavalesco-a-parques-da-capital","status":"publish","type":"post","link":"https:\/\/migracao.redenoticia.com.br\/noticia\/2012\/cultura-livre-sp-leva-clima-carnavalesco-a-parques-da-capital\/38244","title":{"rendered":"Cultura Livre SP leva clima carnavalesco a parques da capital"},"content":{"rendered":"<p><img loading=\"lazy\" decoding=\"async\" class=\"alignleft size-full wp-image-27918\" title=\"virada cultural sp\" src=\"https:\/\/migracao.redenoticia.com.br\/noticia\/imagens\/virada-cultural-sp-2010.jpg\" alt=\"\" width=\"300\" height=\"193\" srcset=\"https:\/\/migracao.redenoticia.com.br\/noticia\/imagens\/virada-cultural-sp-2010.jpg 300w, https:\/\/migracao.redenoticia.com.br\/noticia\/imagens\/virada-cultural-sp-2010-250x160.jpg 250w, https:\/\/migracao.redenoticia.com.br\/noticia\/imagens\/virada-cultural-sp-2010-150x96.jpg 150w\" sizes=\"auto, (max-width: 300px) 100vw, 300px\" \/>No fim de semana do <em><strong>Carnaval<\/strong><\/em>, 17 a 19, os parques da capital entram no clima com shows, blocos e espet\u00e1culos que celebram a maior festa popular brasileira. As atra\u00e7\u00f5es fazem parte do Cultura Livre SP, que leva atividades culturais gratuitas a espa\u00e7os p\u00fablicos de todos os cantos da cidade, sempre \u00e0s sextas, s\u00e1bados e domingos, at\u00e9 abril. O projeto \u00e9 uma iniciativa da Secretaria de Estado da Cultura, em parceria com a Secretaria de Estado do Meio Ambiente, com execu\u00e7\u00e3o APAA &#8211; Associa\u00e7\u00e3o Paulista dos Amigos da Arte.<\/p>\n<p>No s\u00e1bado, 18, a programa\u00e7\u00e3o est\u00e1 concentrada no parque Villa Lobos. Entre os destaques, o espet\u00e1culo infantil Folia da Tribo, uma celebra\u00e7\u00e3o aos folguedos, dan\u00e7as, m\u00fasicas e ritmos populares brasileiros, \u00e0s 12h. Atores m\u00fasicos tocam, manipulam bonecos, cantam e dan\u00e7am as festas dos quatro cantos do Brasil. \u00c0s 16h \u00e9 a vez do Jorj\u00e3o e Seu Cord\u00e3o, bloco de m\u00fasicos foli\u00f5es, que coloca o p\u00fablico para brincar ao som de famosas marchinhas de Carnaval.<\/p>\n<p>No domingo, 19, a Banda Gl\u00f3ria leva ao Horto Florestal primorosas composi\u00e7\u00f5es da m\u00fasica popular brasileira e apresenta arranjos de sambas, chorinhos, xotes, marchinhas, bai\u00f5es e maxixes. No parque Ecol\u00f3gico do Tiet\u00ea, o cantor e compositor paulistano Maur\u00edcio Pereira comanda o Carnaval Turbilh\u00e3o, um show baile com machinhas cl\u00e1ssicas do Carnaval brasileiro, \u00e0s 15h30.<\/p>\n<p>O Parque Ecol\u00f3gico do Guarapiranga recebe, \u00e0s 14h, o Samba de Bumbo de Pirapora, da cidade de Pirapora do Bom Jesus, ber\u00e7o do samba de roda, ou samba paulista. \u00c0s 15h, o Ilu Oba de Min, bloco influenciado por ritmos africanos e bateria formada s\u00f3 por mulheres, promove um cortejo no parque da Juventude, que tamb\u00e9m recebe o Jorj\u00e3o e Seu Cord\u00e3o, \u00e0s 16h.<\/p>\n<p>No Zool\u00f3gico, personagens do espet\u00e1culo Pierr\u00f4, Confete e Serpentina, da Cia Prosa dos Ventos, contam, por meio de m\u00fasicas, uma parte importante da hist\u00f3ria do samba e da m\u00fasica popular brasileira, \u00e0s 11h. A programa\u00e7\u00e3o completa est\u00e1 no <a href=\"http:\/\/www.culturalivre.sp.gov.br\/\" target=\"_blank\">www.culturalivre.sp.gov.br<\/a>.<\/p>\n<p>At\u00e9 o abril, o programa Cultura Livre SP tem programa\u00e7\u00e3o cultural gratuita. \u00c0s sextas-feiras, a pra\u00e7a da Esperan\u00e7a do Hospital de Cl\u00ednicas (Zona Oeste) recebe apresenta\u00e7\u00f5es de m\u00fasica instrumental. Aos s\u00e1bados a cultura ocupa o Parque Villa Lobos (Zona Oeste), j\u00e1 aos domingos as atividades, de v\u00e1rias linguagens art\u00edsticas, agitam o Parque Ecol\u00f3gico do Guarapiranga e Zool\u00f3gico (Zona Sul) e o Parque da Juventude e Horto Florestal (Zona Norte). \u00c0s sextas-feiras, a pra\u00e7a da Esperan\u00e7a do Hospital de Cl\u00ednicas (Zona Oeste) recebe apresenta\u00e7\u00f5es de m\u00fasica instrumental. As atividades acontecem sempre entre \u00e0s 11h e \u00e0s 17h.<\/p>\n<p>Programa\u00e7\u00e3o Cultura Livre SP<\/p>\n<p>S\u00e1bado (18\/2)<\/p>\n<p>Parque Villa Lobos<br \/>\n12h &#8211; Folia da Tribo &#8211; Cia da Tribo (m\u00fasica)<br \/>\n18h &#8211; Charanga Bubi\u00f4, Dan\u00e7\u00f4 &#8211; Companhia Bubi\u00f4, Fic\u00f4 L\u00f4 (circo\/programa\u00e7\u00e3o infantil)<br \/>\n14h &#8211; Arrasta a sand\u00e1lia de dedo&#8230; que as caboclinhas vem a\u00ed &#8211; N\u00facleo Caboclinhas (programa\u00e7\u00e3o infantil)<br \/>\n15h &#8211; Viv\u00eancia de dan\u00e7a afro-brasileira (viv\u00eancia)<br \/>\n16h &#8211; Jorj\u00e3o e Seu Cord\u00e3o (m\u00fasica)<\/p>\n<p>Domingo (19\/2)<\/p>\n<p>Parque do Horto Florestal<br \/>\n12h &#8211; Banda Gl\u00f3ria (m\u00fasica)<br \/>\n14h &#8211; Oficina de M\u00e1scaras de Carnaval (oficinas)<br \/>\n15h &#8211; Seresteiros (m\u00fasica)<\/p>\n<p>Parque da Juventude<br \/>\n12h &#8211; Quinteto de Aban\u00e3 e convidados (m\u00fasica instrumental)<br \/>\n13h &#8211; Dan\u00e7a Afro (dan\u00e7a\/ interven\u00e7\u00e3o)<br \/>\n14h &#8211; Charanga Bubi\u00f4, Dan\u00e7\u00f4 &#8211; Companhia Bubi\u00f4, Fic\u00f4 L\u00f4 (circo\/ programa\u00e7\u00e3o infantil)<br \/>\n15h &#8211; Ilu Oba de Min (m\u00fasica)<br \/>\n16h &#8211; Jorj\u00e3o e Seu Cord\u00e3o (m\u00fasica)<\/p>\n<p>Parque Ecol\u00f3gico do Tiet\u00ea<br \/>\n12h &#8211; Brinquedos de Carnaval (oficina)<br \/>\n13h &#8211; Os Velhos Carnavais &#8211; Cia. Ateli\u00ea Teatro (dan\u00e7a\/ interven\u00e7\u00e3o)<br \/>\n14h &#8211; Maracatu Prego Batido (show)<br \/>\n15h30 &#8211; Carnaval Turbilh\u00e3o &#8211; Maur\u00edcio Pereira (show)<\/p>\n<p>Parque Ecol\u00f3gico do Guarapiranga<br \/>\n12h &#8211; Arrasta a sand\u00e1lia de dedo&#8230; que as caboclinhas vem ai &#8211; N\u00facleo Caboclinhas (viv\u00eancia)<br \/>\n14h &#8211; Samba de Bumbo da Pirapora (m\u00fasica)<br \/>\n15h &#8211; Tem Gato na Tuba &#8211; Cia Megamini (teatro)<\/p>\n<p>Zool\u00f3gico<br \/>\n11h &#8211; Pierr\u00f4, Confete e Serpentina &#8211; Cia Prosa dos Ventos (programa\u00e7\u00e3o infantil)<br \/>\nCultura Livre SP<br \/>\nData: Sextas, s\u00e1bados e domingos at\u00e9 abril<\/p>\n<p>Parque Villa Lobos (Zona Oeste)<br \/>\nEndere\u00e7o: Avenida Professor Fonseca Rodrigues, 2001, Alto de Pinheiros<\/p>\n<p>Parque Ecol\u00f3gico do Tiet\u00ea (Zona Leste)<br \/>\nEndere\u00e7o: Rua Guir\u00e1 Acangatara, 70, Canga\u00edba<br \/>\nAcessos: pelo km 17 da Rodovia Ayrton Senna sentido SP\/RJ), Av. Dr. Assis Ribeiro (altura do n\u00famero 3.000) e Via Parque (marginal direta da Rod. Ayrton Senna)<\/p>\n<p>Pra\u00e7a da Esperan\u00e7a do Hospital das Cl\u00ednicas (Zona Leste)<br \/>\nEndere\u00e7o: Rua Dr. En\u00e9as de Carvalho Aguiar, 255, Cerqueira C\u00e9sar<\/p>\n<p>Parque Ecol\u00f3gico de Guarapiranga (Zona Sul)<br \/>\nEndere\u00e7o: Estrada da Riviera, 3286, Bairro da Riviera Paulista<\/p>\n<p>Parque da Juventude (Zona Norte)<br \/>\nEndere\u00e7o: Av. Zaki Narchi, 1309 &#8211; Santana<\/p>\n<p>Parque do Horto Florestal (Zona Norte)<br \/>\nEndere\u00e7o: Rua do Horto, 931. Bairro do Horto Florestal<\/p>\n<p>Zool\u00f3gico (Zona Sul)<br \/>\nEndere\u00e7o: Avenida Miguel St\u00e9fano, 4241, \u00c1gua Funda<\/p>\n<p>Site: <a href=\"http:\/\/www.culturalivre.sp.gov.br\/\">www.culturalivre.sp.gov.br<\/a><\/p>\n<p>Da Secretaria da Cultura<\/p>\n","protected":false},"excerpt":{"rendered":"<p>No fim de semana do Carnaval, 17 a 19, os parques da capital entram no clima com shows, blocos e espet\u00e1culos que celebram a maior festa popular brasileira. As atra\u00e7\u00f5es fazem parte do Cultura Livre SP, que leva atividades culturais gratuitas a espa\u00e7os p\u00fablicos de todos os cantos da cidade, sempre \u00e0s sextas, s\u00e1bados e [&hellip;]<\/p>\n","protected":false},"author":3,"featured_media":27918,"comment_status":"open","ping_status":"closed","sticky":false,"template":"","format":"standard","meta":{"tdm_status":"","tdm_grid_status":"","footnotes":""},"categories":[22],"tags":[],"class_list":{"0":"post-38244","1":"post","2":"type-post","3":"status-publish","4":"format-standard","5":"has-post-thumbnail","7":"category-brasil"},"_links":{"self":[{"href":"https:\/\/migracao.redenoticia.com.br\/noticia\/wp-json\/wp\/v2\/posts\/38244","targetHints":{"allow":["GET"]}}],"collection":[{"href":"https:\/\/migracao.redenoticia.com.br\/noticia\/wp-json\/wp\/v2\/posts"}],"about":[{"href":"https:\/\/migracao.redenoticia.com.br\/noticia\/wp-json\/wp\/v2\/types\/post"}],"author":[{"embeddable":true,"href":"https:\/\/migracao.redenoticia.com.br\/noticia\/wp-json\/wp\/v2\/users\/3"}],"replies":[{"embeddable":true,"href":"https:\/\/migracao.redenoticia.com.br\/noticia\/wp-json\/wp\/v2\/comments?post=38244"}],"version-history":[{"count":0,"href":"https:\/\/migracao.redenoticia.com.br\/noticia\/wp-json\/wp\/v2\/posts\/38244\/revisions"}],"wp:featuredmedia":[{"embeddable":true,"href":"https:\/\/migracao.redenoticia.com.br\/noticia\/wp-json\/wp\/v2\/media\/27918"}],"wp:attachment":[{"href":"https:\/\/migracao.redenoticia.com.br\/noticia\/wp-json\/wp\/v2\/media?parent=38244"}],"wp:term":[{"taxonomy":"category","embeddable":true,"href":"https:\/\/migracao.redenoticia.com.br\/noticia\/wp-json\/wp\/v2\/categories?post=38244"},{"taxonomy":"post_tag","embeddable":true,"href":"https:\/\/migracao.redenoticia.com.br\/noticia\/wp-json\/wp\/v2\/tags?post=38244"}],"curies":[{"name":"wp","href":"https:\/\/api.w.org\/{rel}","templated":true}]}}