{"id":38245,"date":"2012-02-17T12:39:28","date_gmt":"2012-02-17T14:39:28","guid":{"rendered":"http:\/\/www.redenoticia.com.br\/noticia\/?p=38245"},"modified":"2012-02-17T21:39:48","modified_gmt":"2012-02-17T23:39:48","slug":"novas-instalacoes-da-unifesp","status":"publish","type":"post","link":"https:\/\/migracao.redenoticia.com.br\/noticia\/2012\/novas-instalacoes-da-unifesp\/38245","title":{"rendered":"Novas instala\u00e7\u00f5es da Unifesp"},"content":{"rendered":"<p><img loading=\"lazy\" decoding=\"async\" class=\"alignleft size-full wp-image-35036\" title=\"aluno curso estudante\" src=\"https:\/\/migracao.redenoticia.com.br\/noticia\/imagens\/aluno-curso-estudante.jpg\" alt=\"\" width=\"300\" height=\"193\" srcset=\"https:\/\/migracao.redenoticia.com.br\/noticia\/imagens\/aluno-curso-estudante.jpg 300w, https:\/\/migracao.redenoticia.com.br\/noticia\/imagens\/aluno-curso-estudante-250x160.jpg 250w, https:\/\/migracao.redenoticia.com.br\/noticia\/imagens\/aluno-curso-estudante-150x96.jpg 150w\" sizes=\"auto, (max-width: 300px) 100vw, 300px\" \/>O ministro da Educa\u00e7\u00e3o, Aloizio Mercadante conheceu as novas instala\u00e7\u00f5es do campus da Universidade Federal de S\u00e3o Paulo (<em><strong>Unifesp<\/strong><\/em>) em Santos, obra que integra a expans\u00e3o do ensino superior em todo pa\u00eds. O ministro destacou que a amplia\u00e7\u00e3o da Unifesp \u00e9 o primeiro passo para um processo irrevers\u00edvel de forma\u00e7\u00e3o de recursos humanos para a regi\u00e3o da Baixada Santista, que precisa de profissionais na \u00e1rea de sa\u00fade. \u201cTudo isso significa uma perspectiva de formar profissionais competentes, participando, exercendo a cidadania; \u00e9 assim que se faz uma universidade\u201d, afirmou.<\/p>\n<p>Para o reitor da Unifesp, Walter Manna Albertoni, a entrega das instala\u00e7\u00f5es significa mais uma etapa cumprida no processo de expans\u00e3o da institui\u00e7\u00e3o em Santos, com o apoio da prefeitura e do Minist\u00e9rio da Educa\u00e7\u00e3o. O reitor tamb\u00e9m destacou a miss\u00e3o da Unifesp de formar quadros. \u201cTodos os professores t\u00eam doutorado e s\u00e3o pesquisadores da Capes [Coordena\u00e7\u00e3o de Aperfei\u00e7oamento de Pessoal de N\u00edvel Superior], do CNPq [Conselho Nacional de Desenvolvimento Cient\u00edfico e Tecnol\u00f3gico] e da Fapesp [Funda\u00e7\u00e3o de Amparo \u00e0 Pesquisa do Estado de S\u00e3o Paulo]\u201d, disse.<\/p>\n<p>O campus da Baixada Santista, criado h\u00e1 sete anos, vem ampliando as atividades. A nova estrutura \u00e9 composta por dois blocos, com \u00e1rea total de 17 mil metros quadrados, 40 laborat\u00f3rios de pesquisa, 12 laborat\u00f3rios did\u00e1ticos, 21 salas de aula e biblioteca. Foram investidos R$ 35 milh\u00f5es. Parte dos recursos prov\u00e9m do Programa de Apoio a Planos de Reestrutura\u00e7\u00e3o e Expans\u00e3o das Universidades Federais (Reuni). Al\u00e9m das atividades acad\u00eamicas funcionar\u00e1 no local a dire\u00e7\u00e3o do campus, que tem outras tr\u00eas unidades em Santos. Nas novas instala\u00e7\u00f5es, a partir deste ano, vai funcionar tamb\u00e9m o restaurante da universidade.<\/p>\n<p>A unidade Silva Jardim, como ser\u00e1 conhecida, vai atender 1,2 mil estudantes dos cursos de servi\u00e7o social, psicologia, terapia ocupacional, fisioterapia, nutri\u00e7\u00e3o e educa\u00e7\u00e3o f\u00edsica. No total, contar\u00e1 com 1,4 mil alunos, 200 deles matriculados no novo curso de ci\u00eancias do mar, que funcionar\u00e1 na unidade da Ponta da Praia. Os novos estudantes foram selecionados pelo Exame Nacional do Ensino M\u00e9dio (Enem) e pelo Sistema de Sele\u00e7\u00e3o Unificada (Sisu) do Minist\u00e9rio da Educa\u00e7\u00e3o. As aulas ter\u00e3o in\u00edcio no dia 27 pr\u00f3ximo, em todas as unidades.<\/p>\n<p>Para a diretora acad\u00eamica do campus, Regina Spadari, as modernas instala\u00e7\u00f5es s\u00e3o fator decisivo para a aprova\u00e7\u00e3o, pela Capes, do programa de doutorado do curso de p\u00f3s-gradua\u00e7\u00e3o interdisciplinar em ci\u00eancias da sa\u00fade \u2014 o curso \u00e9 oferecido em n\u00edvel de mestrado desde 2010. \u00c9 o primeiro programa de doutorado em sa\u00fade da Baixada Santista, destinado a formar recursos humanos de alto n\u00edvel para atua\u00e7\u00e3o na regi\u00e3o.<\/p>\n<p>Universidade \u2014 A Unifesp conta com 6.301 alunos matriculados em cursos de gradua\u00e7\u00e3o, al\u00e9m de 3,1 mil nos de p\u00f3s-gradua\u00e7\u00e3o stricto sensu (doutorado, mestrado e mestrado profissionalizante) e 7.652 nos de p\u00f3s-gradua\u00e7\u00e3o lato sensu (especializa\u00e7\u00e3o e aperfei\u00e7oamento). A institui\u00e7\u00e3o paulista re\u00fane 1.208 professores, 95% dos quais apresentam t\u00edtulo de doutor.<\/p>\n<p>No segundo semestre de 2010, tiveram in\u00edcio as atividades do primeiro campus avan\u00e7ado de extens\u00e3o universit\u00e1ria, implantado no munic\u00edpio de Embu das Artes, na regi\u00e3o metropolitana da capital. No come\u00e7o do ano passado, foi inaugurado o segundo, na regi\u00e3o de Santo Amaro, na capital.<\/p>\n<p>Assessoria de Comunica\u00e7\u00e3o Social<\/p>\n","protected":false},"excerpt":{"rendered":"<p>O ministro da Educa\u00e7\u00e3o, Aloizio Mercadante conheceu as novas instala\u00e7\u00f5es do campus da Universidade Federal de S\u00e3o Paulo (Unifesp) em Santos, obra que integra a expans\u00e3o do ensino superior em todo pa\u00eds. O ministro destacou que a amplia\u00e7\u00e3o da Unifesp \u00e9 o primeiro passo para um processo irrevers\u00edvel de forma\u00e7\u00e3o de recursos humanos para a [&hellip;]<\/p>\n","protected":false},"author":3,"featured_media":35036,"comment_status":"open","ping_status":"closed","sticky":false,"template":"","format":"standard","meta":{"tdm_status":"","tdm_grid_status":"","footnotes":""},"categories":[22,370,295],"tags":[],"class_list":{"0":"post-38245","1":"post","2":"type-post","3":"status-publish","4":"format-standard","5":"has-post-thumbnail","7":"category-brasil","8":"category-inscricao","9":"category-vestibular"},"_links":{"self":[{"href":"https:\/\/migracao.redenoticia.com.br\/noticia\/wp-json\/wp\/v2\/posts\/38245","targetHints":{"allow":["GET"]}}],"collection":[{"href":"https:\/\/migracao.redenoticia.com.br\/noticia\/wp-json\/wp\/v2\/posts"}],"about":[{"href":"https:\/\/migracao.redenoticia.com.br\/noticia\/wp-json\/wp\/v2\/types\/post"}],"author":[{"embeddable":true,"href":"https:\/\/migracao.redenoticia.com.br\/noticia\/wp-json\/wp\/v2\/users\/3"}],"replies":[{"embeddable":true,"href":"https:\/\/migracao.redenoticia.com.br\/noticia\/wp-json\/wp\/v2\/comments?post=38245"}],"version-history":[{"count":0,"href":"https:\/\/migracao.redenoticia.com.br\/noticia\/wp-json\/wp\/v2\/posts\/38245\/revisions"}],"wp:featuredmedia":[{"embeddable":true,"href":"https:\/\/migracao.redenoticia.com.br\/noticia\/wp-json\/wp\/v2\/media\/35036"}],"wp:attachment":[{"href":"https:\/\/migracao.redenoticia.com.br\/noticia\/wp-json\/wp\/v2\/media?parent=38245"}],"wp:term":[{"taxonomy":"category","embeddable":true,"href":"https:\/\/migracao.redenoticia.com.br\/noticia\/wp-json\/wp\/v2\/categories?post=38245"},{"taxonomy":"post_tag","embeddable":true,"href":"https:\/\/migracao.redenoticia.com.br\/noticia\/wp-json\/wp\/v2\/tags?post=38245"}],"curies":[{"name":"wp","href":"https:\/\/api.w.org\/{rel}","templated":true}]}}