{"id":38249,"date":"2012-02-17T14:53:21","date_gmt":"2012-02-17T16:53:21","guid":{"rendered":"http:\/\/www.redenoticia.com.br\/noticia\/?p=38249"},"modified":"2012-02-17T21:56:00","modified_gmt":"2012-02-17T23:56:00","slug":"confira-a-agenda-cultural-sp-do-feriado-de-carnaval","status":"publish","type":"post","link":"https:\/\/migracao.redenoticia.com.br\/noticia\/2012\/confira-a-agenda-cultural-sp-do-feriado-de-carnaval\/38249","title":{"rendered":"Confira a agenda cultural SP no feriado de Carnaval"},"content":{"rendered":"<p><img loading=\"lazy\" decoding=\"async\" class=\"alignleft size-full wp-image-28951\" title=\"concurso inscricao vagas ate\" src=\"https:\/\/migracao.redenoticia.com.br\/noticia\/imagens\/concurso-inscricao-vagas-ate.jpg\" alt=\"\" width=\"300\" height=\"193\" srcset=\"https:\/\/migracao.redenoticia.com.br\/noticia\/imagens\/concurso-inscricao-vagas-ate.jpg 300w, https:\/\/migracao.redenoticia.com.br\/noticia\/imagens\/concurso-inscricao-vagas-ate-250x160.jpg 250w, https:\/\/migracao.redenoticia.com.br\/noticia\/imagens\/concurso-inscricao-vagas-ate-150x96.jpg 150w\" sizes=\"auto, (max-width: 300px) 100vw, 300px\" \/>Nesta semana, o Portal do Governo do Estado e a Ag\u00eancia Di\u00e1rio Oficial trazem uma mat\u00e9ria especial com diversas op\u00e7\u00f5es para o <em><strong>feriado de Carnaval<\/strong><\/em>. Entre outros destaques, a exposi\u00e7\u00e3o &#8220;O carnaval da nossa gente era o carnaval de antigamente&#8221;, que acontece no sagu\u00e3o principal da esta\u00e7\u00e3o da Luz da CPTM e, al\u00e9m da variada programa\u00e7\u00e3o de teatro e cinema apresentada semanalmente. Confira abaixo:<\/p>\n<p>Um pouco sobre o carnaval paulistano<\/p>\n<p>A tradicional festa paulistana surge com o chamado Carnaval de rua, consistente em bailes e brincadeiras populares pelas ruas da cidade, centralizada na figura dos cord\u00f5es localizados em bairros de concentra\u00e7\u00e3o oper\u00e1ria como Vai-Vai, na Bela Vista, e Camisa Verde e Branco, na Barra Funda. Na d\u00e9cada de 1950, inspirados no carnaval carioca, os cord\u00f5es transformaram-se em escolas de samba. Nos idos de 1968, ocorre na Avenida S\u00e3o Jo\u00e3o\/Anhangaba\u00fa o primeiro desfile oficial da cidade, consagrando a Escola de Samba Nen\u00ea de Vila Matilde como primeira campe\u00e3 do carnaval paulista. Em 1977, o desfile transferiu-se para a Avenida Tiradentes, com arquibancadas que comportavam 30 mil pessoas. As comemora\u00e7\u00f5es carnavalescas ocorrem desde 1993 no Samb\u00f3dromo do Anhembi, projetado pelo arquiteto Oscar Niemeyer, que tamb\u00e9m projetou o Samb\u00f3dromo da Marqu\u00eas de Sapuca\u00ed, no Rio de Janeiro.<\/p>\n<p>Carnaval \u00e9 cultura<\/p>\n<p>A Folia de Reis tamb\u00e9m se manifesta por meio de exposi\u00e7\u00f5es. A mostra O carnaval da nossa gente era o carnaval de antigamente&#8230;, produzida pela CPTM (Companhia Paulista de Trens Metropolitanos), em parceria com a ABBC (Associa\u00e7\u00e3o das Bandas, Blocos e Cord\u00f5es Carnavalescos do Munic\u00edpio de S\u00e3o Paulo), resgata a alegria e a intera\u00e7\u00e3o entre os sambistas e o povo nas antigas festas do rei momo.<\/p>\n<p>As imagens de coberturas jornal\u00edsticas dos saudosos carnavais paulistanos, das d\u00e9cadas de 1970 a 1990, foram obtidas no acervo do extinto Di\u00e1rio Popular, atualmente Di\u00e1rio de S. Paulo. As fotos tamb\u00e9m retratam a hist\u00f3ria e os caminhos que os carnavalescos e o samba paulistano percorreram para atingir o sucesso dos dias atuais. A exposi\u00e7\u00e3o permanece no sagu\u00e3o principal da Esta\u00e7\u00e3o da Luz.<\/p>\n<p>O Museu Hist\u00f3rico e Pedag\u00f3gico Prudente de Moraes, em Piracicaba, exibe M\u00e1scaras de carnaval. O carnavalesco e decorador de sal\u00f5es por mais de 35 anos, Carlos ABC, criou, confeccionou e exibe m\u00e1scaras que t\u00eam em m\u00e9dia um metro de di\u00e2metro, moldadas em acetato e ornamentadas com paet\u00eas, gal\u00f5es de metaloides, lantejoulas, lam\u00eas, franjas, brocados, rendas, etc. As figuras representadas s\u00e3o as mais tradicionais dos sal\u00f5es e de desfiles de rua, nos carnavais de todos os tempos, desde os personagens da Com\u00e9dia Del&#8217;Arte, (Pierrot, Arlequim e Colombina) at\u00e9 bobos da corte, palha\u00e7os, \u00e1rabes, melindrosas, \u00edndios, entre outras.<\/p>\n<p>Sagu\u00e3o principal da Esta\u00e7\u00e3o da Luz da CPTM<br \/>\nPra\u00e7a da Luz, 1 &#8211; centro &#8211; S\u00e3o Paulo<br \/>\nDiariamente, das 4h \u00e0 meia-noite. Gr\u00e1tis<br \/>\nAt\u00e9 o dia 29<\/p>\n<p>Museu Hist\u00f3rico e Pedag\u00f3gico Prudente de Moraes<br \/>\nRua Santo Ant\u00f4nio, 621 &#8211; Piracicaba<br \/>\nTelefone (19) 3432-2148<br \/>\nTer\u00e7a-feira a domingo, das 9h \u00e0s 17h<\/p>\n<p>Entrada franca. Classifica\u00e7\u00e3o: livre<br \/>\nAt\u00e9 o dia 26<\/p>\n<p>CINEMA<\/p>\n<p>Mostra Distopia &#8211; futuro incerto<\/p>\n<p>Fuga no s\u00e9culo 23. Dire\u00e7\u00e3o de Michael Anderson (EUA, 1976). No s\u00e9culo 23, uma sociedade \u00e9 governada por um computador central que cuida de todos os aspectos das vidas das pessoas, inclusive da reprodu\u00e7\u00e3o. Mas a popula\u00e7\u00e3o n\u00e3o pode passar dos 30 anos. Com Michael York, Jenny Agutter, Peter Ustinov, Farrah Fawcett.<br \/>\nSexta-feira, 24, 19h<br \/>\nClassifica\u00e7\u00e3o: 12 anos<\/p>\n<p>Battlestar Gallactica &#8211; 33. Dire\u00e7\u00e3o de Michael Rymer (EUA, 2004). A popula\u00e7\u00e3o da nave Galactica est\u00e1 sem dormir, em estado de alerta h\u00e1 mais de 130 horas, e \u00e9 obrigada a efetuar Saltos FTL de 33 em 33 minutos para escapar de Cylons, ap\u00f3s uma fuga. Com Edward James Olmos, Mary Mcdonnell, James Callis (foto acima).<\/p>\n<p>Quinta-feira, 23, 19h<br \/>\nClassifica\u00e7\u00e3o: 12 anos<\/p>\n<p>O exterminador do futuro 2. Dire\u00e7\u00e3o de James Cameron (EUA, 1991). Menino \u00e9 destinado a ser l\u00edder, mas vive infeliz com seus pais adotivos. Um androide vem do futuro para proteg\u00ea-lo, mas outro mais avan\u00e7ado e que pode assumir a forma que desejar tamb\u00e9m surge do futuro com a inten\u00e7\u00e3o de matar a crian\u00e7a. Com Arnold Schwarzenegger, Linda Hamilton, Edward Furlong, Robert Patrick.<br \/>\nSexta-feira, 24, 16h<br \/>\nClassifica\u00e7\u00e3o: 14 anos<\/p>\n<p>Planeta dos macacos. Dire\u00e7\u00e3o de Franklin J. Schaffner (EUA, 1997). Grupo de astronautas viaja em estado de hiberna\u00e7\u00e3o por s\u00e9culos. Ao acordar, se encontra em um planeta dominado por macacos geneticamente modificados, no qual os humanos s\u00e3o tratados como escravos. Com Charlton Heston, Roddy McDowall, Linda Harrison, Kim Hunter, Maurice Evans.<br \/>\nQuinta-feira, 23, 16h<br \/>\nClassifica\u00e7\u00e3o: 12 anos<\/p>\n<p>Cinusp Paulo Em\u00edlio<br \/>\nRua do Anfiteatro, 181 &#8211; Colmeia &#8211; Favo 4 &#8211; Cidade Universit\u00e1ria &#8211; S\u00e3o Paulo<br \/>\nTelefone (11) 3091-3364<br \/>\nEntrada franca<\/p>\n<p>Mostra cinema antigo<br \/>\nO gavi\u00e3o do mar. Dire\u00e7\u00e3o de Michael Curtiz (EUA, 1940). Geoffrey Thorpe \u00e9 o destemido capit\u00e3o de navio pirata ingl\u00eas que, em nome de seu pa\u00eds, pretende saquear os navios espanh\u00f3is. Mas numa dessas abordagens ele encontra a bela Do\u00f1a Maria, uma nobre da Espanha, por quem se apaixona. Com Errol Flynn, Brenda Marshall, Claude Rains, Henry Daniell, Una O&#8217; Connor.<\/p>\n<p>Centro de Divulga\u00e7\u00e3o Cient\u00edfica e Cultural da USP &#8211; CDCC<br \/>\nRua Nove de Julho, 1.227 &#8211; centro &#8211; S\u00e3o Carlos<br \/>\nTelefone (16) 3373-9772<br \/>\nAmanh\u00e3, 20 horas<br \/>\nEntrada franca<br \/>\nClassifica\u00e7\u00e3o: 12 anos<\/p>\n<p>M\u00daSICA ANTIGA<\/p>\n<p>Garotas suecas<\/p>\n<p>Parece banda feminina, mas n\u00e3o \u00e9. Com apenas uma garota no elenco, a cantora e tecladista Irina Bertolucci e o grupo de jovens paulistanos, Guilherme Saldanha (voz), Tomaz Paoliello (guitarra e voz), Fernando Machado (baixo e voz) e Nico Paoliello (bateria e voz) mostram som diferenciado com influ\u00eancias de ritmos negros americanos (o rock, o funk e o soul) a partir da tropic\u00e1lia, Jovem Guarda e o groove, de Tim Maia. No programa, est\u00e3o composi\u00e7\u00f5es do trabalho Escaldante Banda com m\u00fasicas quentes como Tudo bem, Banho de ducha, N\u00e3o se perca por a\u00ed, Mercado Roque Santeiro, entre outras. O nome da banda surgiu de uma viagem que eles fizeram a Foz do Igua\u00e7u. Conheceram algumas garotas suecas e, entre brincadeiras e apelidos, quando pensaram em registrar o quinteto n\u00e3o deu outra.<\/p>\n<p>Museu da Imagem e do Som<br \/>\nAv. Europa, 158 &#8211; Jardim Europa &#8211; S\u00e3o Paulo. Telefone (11) 2117-4777<br \/>\nHoje, 21h30. Ingressos: R$ 14 e R$ 7,50 (meia-entrada). Classifica\u00e7\u00e3o: livre<\/p>\n<p>TEATRO<\/p>\n<p>Valsa n\u00ba 6<br \/>\nTexto do dramaturgo e jornalista pernambucano (Nelson Rodrigues (1912-1980), escrito em 1951, em formato de mon\u00f3logo. O escritor prop\u00f5e uma abordagem sobre o subconsciente ao mostrar a transi\u00e7\u00e3o entre a vida e a morte. A personagem principal \u00e9 a solit\u00e1ria S\u00f4nia, assassinada a facadas aos 15 anos de idade, que interpreta a mat\u00e9ria e o esp\u00edrito. A profunda perturba\u00e7\u00e3o da garota \u00e9 ambientada ao som da Valsa n\u00ba 6, do pianista e compositor polon\u00eas Fr\u00e9d\u00e9ric Fran\u00e7ois Chopin (1810-1849). A montagem \u00e9 uma homenagem ao centen\u00e1rio de Nelson a ser celebrado em agosto. Dire\u00e7\u00e3o de Dan Rosseto. Com Ligia Paula Machado.<\/p>\n<p>Casa das Rosas &#8211; Espa\u00e7o Haroldo de Campos de Poesia e Literatura<br \/>\nAv. Paulista, 37 &#8211; Bela Vista &#8211; S\u00e3o Paulo<br \/>\nTelefone (11) 3285-6986<br \/>\nS\u00e1bados, 20h30; domingos, 18h30<br \/>\nIngressos: R$ 30 e R$ 15 (meia-entrada)<br \/>\nClassifica\u00e7\u00e3o: livre<br \/>\nAt\u00e9 o dia 25 de mar\u00e7o<\/p>\n<p>Clara em neve<\/p>\n<p>Mulher com a doen\u00e7a de Alzheimer recebe amigos para uma festa de anivers\u00e1rio. Desse encontro decorre a a\u00e7\u00e3o da pe\u00e7a. Orienta\u00e7\u00e3o de Luiz Fernando Marques (Lubi). Atriz criadora: Mari Nogueira. Dire\u00e7\u00e3o e dramaturgia de Daniel Viana.<br \/>\nQuarta e quinta-feira, 21 horas<br \/>\nClassifica\u00e7\u00e3o: 14 anos<br \/>\nAt\u00e9 1\u00ba de mar\u00e7o<\/p>\n<p>Ensaio sobre Nora<\/p>\n<p>Pe\u00e7a realizada a partir de impulsos extra\u00eddos do confronto com a obra Casa de Bonecas, do noruegu\u00eas Henrik Ibsen, com orienta\u00e7\u00e3o de Cuca Bolaffi, Pedro Mantovani, Thiago Antunes e Cristiano Gouveia. O exerc\u00edcio teve por objetivos o estudo da l\u00f3gica das cenas e dos personagens do texto, tendo como enfoque as rela\u00e7\u00f5es de anula\u00e7\u00e3o de si e do outro (foto abaixo).<br \/>\nS\u00e1bado, 21 horas; domingo, 20 horas<br \/>\nClassifica\u00e7\u00e3o: 14 anos<br \/>\nAt\u00e9 4 de mar\u00e7o<\/p>\n<p>Teatro da Universidade de S\u00e3o Paulo &#8211; Tusp<br \/>\nRua Maria Ant\u00f4nia, 294 &#8211; Consola\u00e7\u00e3o &#8211; S\u00e3o Paulo<br \/>\nTelefone (11) 3123-5233<br \/>\nEntrada franca<\/p>\n<p>O idiota, uma novela teatral<\/p>\n<p>Baseada na obra do escritor russo Fi\u00f3dor Mikhailovich Dostoievski, a montagem \u00e9 apresentada em tr\u00eas r\u00e9citas de sete horas de dura\u00e7\u00e3o cada, incluindo-se dois intervalos. A dire\u00e7\u00e3o \u00e9 de Cibele Forjaz, e a adapta\u00e7\u00e3o do romance \u00e9 de Aury Porto, com a colabora\u00e7\u00e3o de Vadim Nikitin e Luah Guimar\u00e3ez. O espet\u00e1culo conta a hist\u00f3ria de Michkin, um pr\u00edncipe russo que, durante uma viagem \u00e0 Su\u00ed\u00e7a, conhece Ragojan, personagem que ganha generosa heran\u00e7a do pai. Com ela, o rapaz pretende conquistar Nat\u00e1ssia, afilhada e amante de um milion\u00e1rio. Para compor o elenco, a Mundana Companhia juntou atores do Teatro Oficina, Teatro da Vertigem, Cia. Livre e Companhia da Mentira. Formam o grupo mundano Aury Porto, Fredy Allan, Luah Guimar\u00e3ez, L\u00facia Romano e outros. Vale a pena conferir.<\/p>\n<p>Oficina Cultural Oswald de Andrade<br \/>\nRua Tr\u00eas Rios, 363 &#8211; Bom Retiro &#8211;<br \/>\nS\u00e3o Paulo<br \/>\nTelefone (11) 3361-4976<br \/>\nS\u00e1bado, domingo e segunda-feira, 18h<br \/>\nEntrada franca<br \/>\nConvites ser\u00e3o distribu\u00eddos \u00e0s sextas&#8211;feiras que antecedem os espet\u00e1culos da semana, a partir das 18h30<br \/>\nClassifica\u00e7\u00e3o: 14 anos<br \/>\nAt\u00e9 19 de mar\u00e7o<\/p>\n<p>EXPOSI\u00c7\u00d5ES<\/p>\n<p>Olhar com outro olhar<\/p>\n<p>Na mostra, o visitante age como se n\u00e3o enxergasse, semelhante \u00e0s pessoas com defici\u00eancia visual. Apenas com a utiliza\u00e7\u00e3o das m\u00e3os e ouvidos podem-se entender o conte\u00fado e o significado da imagem, com a ajuda dos recursos sensoriais &#8211; braile, relevo, alto-contraste, maquete t\u00e1til e audiodescri\u00e7\u00e3o. Um dos destaques \u00e9 o v\u00eddeo explicativo sobre o futebol de 5, esporte praticado pelas pessoas cegas no qual o Brasil conquistou duas medalhas de ouro, a Paraolimp\u00edada de Atenas (2004) e Pequim (2008). Curadoria de Leonel Kaz.<\/p>\n<p>Memorial da Inclus\u00e3o<\/p>\n<p>Av. Auro Soares de Moura Andrade, 564 &#8211; Port\u00e3o 10 &#8211; Barra Funda &#8211;<br \/>\nS\u00e3o Paulo<br \/>\nTelefone (11) 5212-3700<br \/>\nSegunda a sexta-feira, das 10 \u00e0s 17 horas<br \/>\nEntrada franca. Classifica\u00e7\u00e3o: livre<br \/>\nAt\u00e9 mar\u00e7o<\/p>\n<p>Guerra e paz<\/p>\n<p>Dois gigantescos murais do artista pl\u00e1stico brasileiro C\u00e2ndido Portinari (1903 &#8211; 1962), produzidos entre 1952 e 1956, no Teatro Municipal do Rio de Janeiro, encomendados pelo governo brasileiro como doa\u00e7\u00e3o \u00e0 sede da Organiza\u00e7\u00e3o das Na\u00e7\u00f5es Unidas (ONU), em Nova York, est\u00e3o de passagem pelo Brasil, restaurados. Com cores intensas pintadas sobre placas de madeira com 2,20 m de altura por 5 m de comprimento cada, os quadros est\u00e3o colocados lado a lado, num di\u00e1logo de rep\u00fadio \u00e0 viol\u00eancia, e a esperan\u00e7a em busca da paz. A mostra inclui audiovisuais e document\u00e1rios sobre a vida e a obra do pintor. Depois de S\u00e3o Paulo, os pain\u00e9is percorrer\u00e3o alguns pa\u00edses antes de retornarem aos Estados Unidos.<\/p>\n<p>Memorial da Am\u00e9rica Latina &#8211; Audit\u00f3rio S\u00edmon Bol\u00edvar<\/p>\n<p>Av. Auro Soares de Moura Andrade, 664 &#8211; Barra Funda &#8211; S\u00e3o Paulo<br \/>\nTelefone (11) 3823-4600<br \/>\nTer\u00e7a-feira a domingo, das 9h \u00e0s 18h<br \/>\nEntrada franca. Classifica\u00e7\u00e3o: livre<br \/>\nAt\u00e9 21 de abril<\/p>\n<p>Escultura aventura &#8211; Arte que (quase) se move<\/p>\n<p>Al\u00e9m de dez importantes esculturas, a exposi\u00e7\u00e3o \u00e9 acompanhada por textos com quest\u00f5es e sugest\u00f5es de atividades que podem ser realizadas em um ateli\u00ea l\u00fadico l\u00e1 instalado. Grupos de escolas e fam\u00edlias &#8211; crian\u00e7as e adultos &#8211; interagem e complementam seus conhecimentos. Curadora Katia Canton, docente do museu.<br \/>\nAt\u00e9 o dia 26<\/p>\n<p>Redes alternativas<\/p>\n<p>A mostra re\u00fane 40 obras de arte conceitual, feitas por artistas de hemisf\u00e9rios e orienta\u00e7\u00f5es pol\u00edticas diferentes. Curadoria de Cristina Freire.<br \/>\nAt\u00e9 o dia 26<\/p>\n<p>Museu de Arte Contempor\u00e2nea &#8211; MAC Cidade Universit\u00e1ria<br \/>\nRua da Pra\u00e7a do Rel\u00f3gio, 160 &#8211; Cidade Universit\u00e1ria &#8211; S\u00e3o Paulo<br \/>\nTelefones (11) 3091-3039\/3328<br \/>\nTer\u00e7a e quinta, das 10 \u00e0s 20 horas; quarta, sexta-feira, s\u00e1bado, domingo e feriados, das 10h \u00e0s 18h<br \/>\nEntrada franca. Classifica\u00e7\u00e3o: livre<\/p>\n<p>Esta sala \u00e9 uma piada<\/p>\n<p>Exposi\u00e7\u00e3o conta com trabalhos de 24 cartunistas brasileiros que participaram da edi\u00e7\u00e3o 2011 do Sal\u00e3o de Humor de Piracicaba. Reprodu\u00e7\u00f5es das obras premiadas nas quatro categorias b\u00e1sicas do humor gr\u00e1fico: cartum, charge, caricaturas e tiras de autores brasileiros e estrangeiros. O humor gr\u00e1fico est\u00e1 representado nas piadas desenhadas de Ziraldo, Fortuna, Mill\u00f4r, Z\u00e9lio, Henfil, Jaguar, Luis Fernando Ver\u00edssimo, Paulo e Chico Caruso, Angeli, Laerte, Glauco, Edgar Vasques, Jaime Le\u00e3o, Gual e Jal.<\/p>\n<p>Museu da L\u00edngua Portuguesa<\/p>\n<p>Pra\u00e7a da Luz, s\/n\u00ba &#8211; centro &#8211; S\u00e3o Paulo<br \/>\nTelefone(11) 3326-0775<br \/>\nTer\u00e7a-feira a domingo e feriados, das 10h \u00e0s 18h<br \/>\nIngresso: R$ 6 e R$ 3 (estudantes)<br \/>\nCrian\u00e7as com at\u00e9 10 anos e idosos a partir de 60 n\u00e3o pagam, bem como professores da rede p\u00fablica<br \/>\nAos s\u00e1bados, a entrada \u00e9 franca<br \/>\nClassifica\u00e7\u00e3o: livre<br \/>\nAt\u00e9 o dia 26<\/p>\n<p>Piotr Kunce<br \/>\nUm dos artistas gr\u00e1ficos mais renomados da atualidade, o polon\u00eas exibe a sele\u00e7\u00e3o de 85 posters, produzidos nos \u00faltimos anos, relacionados especialmente a pe\u00e7as teatrais, estreias de filmes e a outros eventos culturais. Figura engra\u00e7ada e bonachona, Piotr traz \u00e0 ess\u00eancia da cria\u00e7\u00e3o polonesa tradicional um toque de humor. Seus cartazes s\u00e3o diretos e fortes, mas l\u00fadicos ao mesmo tempo.<\/p>\n<p>Museu da Imagem e do Som<br \/>\nAv. Europa, 158 &#8211; Jardim Europa &#8211; S\u00e3o Paulo<br \/>\nTelefone (11) 2117-4777<br \/>\nIngressos: R$ 4 e R$ 2 (meia-entrada)<br \/>\nClassifica\u00e7\u00e3o: livre<br \/>\nAt\u00e9 25 de mar\u00e7o<\/p>\n<p>Padr\u00f5es<br \/>\nA fot\u00f3grafa Zaida Siqueira exibe 50 imagens que mostram a cultura de comunidades ind\u00edgenas de diversos aspectos. O visitante pode adquirir livros com as fotos expostas.<\/p>\n<p>Museu da Energia de S\u00e3o Paulo<br \/>\nAlameda Cleveland, 601 &#8211; Campos El\u00edseos &#8211; S\u00e3o Paulo<br \/>\nTelefone (11) 3333-5600<br \/>\nTer\u00e7a-feira a s\u00e1bado, das 10h \u00e0s<br \/>\n17h<br \/>\nEntrada franca<br \/>\nClassifica\u00e7\u00e3o: livre<br \/>\nAt\u00e9 10 de mar\u00e7o<\/p>\n<p>INFANTIL<\/p>\n<p>Circo com espet\u00e1culo duplo<\/p>\n<p>A Cia. Capad\u00f3cia apresenta a temporada do Circo-Teatro Paratodos, em lona montada sem estacas e com estrutura autoportante. S\u00e3o exibidos dois espet\u00e1culos: A menina virou, dire\u00e7\u00e3o de Calixto de Inhamuns. O texto de circo-teatro se passa em Perdi\u00e7\u00e3o, cidade que se encontra \u00e0s v\u00e9speras de inaugurar uma obra p\u00fablica desproporcional &#8211; o Viaduto Norte-Sul. Conta a hist\u00f3ria de um amor incondicional cercada de corrup\u00e7\u00e3o, brasilidade e muita patacoada. E O segredo da janela, dire\u00e7\u00e3o de Jairo Mattos. Chiquinho e Marieta s\u00e3o dois artistas saltimbancos. Cansados e desiludidos, percorreram v\u00e1rias cidades, mas as ruas est\u00e3o vazias e as casas fechadas. Marieta sai para tentar descobrir o que est\u00e1 acontecendo. Sozinho, Chiquinho senta-se embaixo de uma janela que se abre e surge uma mo\u00e7a chamada Chic\u00f3ria, que come\u00e7a a cantar. Assista \u00e0 pe\u00e7a para saber o segredo.<\/p>\n<p>Memorial da Am\u00e9rica Latina &#8211; Audit\u00f3rio S\u00edmon Bol\u00edvar<\/p>\n<p>Av. Auro Soares de Moura Andrade, 664 &#8211; Barra Funda &#8211; S\u00e3o Paulo<br \/>\nTelefone (11) 3823-4600<br \/>\nA menina virou<br \/>\nQuinta-feira a s\u00e1bado, 20h30; domingo, 19h30<br \/>\nO segredo da janela<br \/>\nS\u00e1bado e domingo, 16h<br \/>\nIngressos: R$ 20 e R$ 10 (meia-entrada)<br \/>\nClassifica\u00e7\u00e3o: livre<br \/>\nAt\u00e9 25 de mar\u00e7o<\/p>\n<p>Palha\u00e7os<br \/>\nNum ambiente descontra\u00eddo, a crian\u00e7ada se descontrai e interage com as divertidas palha\u00e7adas. A atua\u00e7\u00e3o \u00e9 acompanhada por m\u00fasica tocada e cantada.<\/p>\n<p>Biblioteca de S\u00e3o Paulo &#8211; Parque da Juventude<br \/>\nAv. Cruzeiro do Sul, 2.630 &#8211; Santana &#8211; S\u00e3o Paulo<br \/>\nTelefone (11) 2089-0800<br \/>\nDomingo, 19, a partir das 10h30<br \/>\nEntrada franca. Classifica\u00e7\u00e3o: livre<\/p>\n<p>ARTE E CULTURA NO METR\u00d4<\/p>\n<p>At\u00e9 o final do m\u00eas, quem passar pelas esta\u00e7\u00f5es do Metr\u00f4 de S\u00e3o Paulo ter\u00e1 a oportunidade de conferir v\u00e1rias exposi\u00e7\u00f5es:<\/p>\n<p>Okinawa, terra da cortesia<br \/>\nO fot\u00f3grafo Fran Rojas exibe imagens do tradicional Festival Nikkey Matsuri, realizado anualmente em S\u00e3o Paulo, cujo tema em 2011 foi a Prov\u00edncia de Okinawa. O enfoque \u00e9 para as dan\u00e7as cl\u00e1ssicas e folcl\u00f3ricas dessa prov\u00edncia japonesa.<br \/>\nEsta\u00e7\u00e3o S\u00e9<\/p>\n<p>As mem\u00f3rias do mar<br \/>\nA artista mineira D\u00e9bora Ramagnoli Luz de Oliveira exp\u00f5e imagens que fizeram parte da sua vida. A instala\u00e7\u00e3o de sacos pl\u00e1sticos cont\u00e9m \u00e1gua do mar e fotografia, suspensos por um fio de n\u00e1ilon.<br \/>\nEsta\u00e7\u00e3o S\u00e3o Bento<\/p>\n<p>Dan\u00e7as das imagens<br \/>\nFotos dos espet\u00e1culos da S\u00e3o Paulo Companhia de Dan\u00e7a em homenagem aos seus quatro anos de exist\u00eancia, comemorados em 28 de janeiro.<br \/>\nEsta\u00e7\u00e3o Para\u00edso<\/p>\n<p>Consci\u00eancia do presente da vida<br \/>\nA natureza foi o tema em que a artista Izabel Litieri se inspirou ao expor seu lado interior.<br \/>\nEsta\u00e7\u00e3o Tiradentes<\/p>\n<p>Artes Mubako da \u00c1frica<br \/>\nO pintor angolano Bantu Tabasisa exibe 16 obras nas quais revela aos brasileiros algumas culturas do continente negro.<br \/>\nEsta\u00e7\u00e3o Corinthians-Itaquera<\/p>\n<p>Poemas visuais<br \/>\nA artista Constan\u00e7a Lucas utiliza frascos como objetos tridimensionais presentes no cotidiano privado e p\u00fablico da maioria das pessoas. Os desenhos dos recipientes e os desenhos das palavras fundem-se e formam os poemas visuais.<br \/>\nEsta\u00e7\u00e3o Artur Alvim<\/p>\n<p>S\u00e3o Paulo sob a \u00f3tica de 10 artistas<br \/>\nArtistas manifestam o que sentem em rela\u00e7\u00e3o \u00e0 cidade em que nasceram ou acolheram. Curadoria de M\u00e1rcio Schiaz.<br \/>\nEsta\u00e7\u00e3o Cl\u00ednicas<\/p>\n<p>Lasar Segall, expressionismo<br \/>\nem branco e preto<br \/>\nA mostra exibe trabalhos do mestre da xilogravura brasileira, Lasar Segall. S\u00e3o 40 c\u00f3pias do artista e orienta\u00e7\u00f5es did\u00e1ticas sobre como \u00e9 desenvolvida sua t\u00e9cnica. Realiza\u00e7\u00e3o: Metr\u00f4 de S\u00e3o Paulo e Museu Lasar Segall<br \/>\nEsta\u00e7\u00e3o Santa Cruz<\/p>\n<p>Trilhos<br \/>\nA mostra tem como tema a antiga Estrada de Ferro S\u00e3o Paulo Railway, localizada na Vila Inglesa de Paranapiacaba.<br \/>\nEsta\u00e7\u00e3o Vila Madalena<\/p>\n<p>Tudo vem do papel<br \/>\nA produ\u00e7\u00e3o do artista Sergio Esteves consiste na fus\u00e3o do kirigami, de proced\u00eancia oriental, e a escultura francesa, como t\u00e9cnicas artesanais em seus trabalhos.<br \/>\nEsta\u00e7\u00e3o Rep\u00fablica<\/p>\n<p>Natureza<br \/>\nA artista Marli Takeda prop\u00f5e despertar o olhar para a preserva\u00e7\u00e3o da natureza e, ao mesmo tempo, refletir sobre as diversas possibilidades criativas, com a reutiliza\u00e7\u00e3o de objetos. Curadoria de Oscar D&#8217;Ambrosio.<br \/>\nEsta\u00e7\u00e3o Cl\u00ednicas<\/p>\n<p>Go West<br \/>\nO artista maquiador Westerley Dornellas, g\u00eanio da transforma\u00e7\u00e3o e efeitos visuais, torna a imagina\u00e7\u00e3o poss\u00edvel e comemora seu trabalho de fantasiar com a exposi\u00e7\u00e3o-t\u00edltulo. Realiza\u00e7\u00e3o: Camarim Brasil.<br \/>\nEsta\u00e7\u00e3o Largo Treze<\/p>\n<p>Luzes imagin\u00e1rias<br \/>\nMostra de matrizes da gravura em metal exp\u00f5e como o gravador trabalha uma placa de metal opaco, de modo que revele as luzes que d\u00e3o forma a seus pensamentos. Curadoria de Mali Frota Villas-B\u00f4as.<br \/>\nEsta\u00e7\u00e3o Tatuap\u00e9<\/p>\n<p>Mosaicos: mapas de n\u00f3s<br \/>\nPain\u00e9is produzidos por grupo de jovens e idosos com defici\u00eancia f\u00edsica.<br \/>\nEsta\u00e7\u00e3o Jardim S\u00e3o Paulo<\/p>\n<p>Vitrine de iquebana<br \/>\nA mostra exibe a forma de embelezar o ambiente, dando ritmo, harmonia e mais vida ao conjunto de hastes, flores e vasos. Realiza\u00e7\u00e3o do Metr\u00f4 de S\u00e3o Paulo e Associa\u00e7\u00e3o de Ikebana do Brasil.<br \/>\nEsta\u00e7\u00e3o Liberdade<\/p>\n<p>Mostras fixas<br \/>\nMaquete e imagens do bairro Ipiranga<br \/>\nRealiza\u00e7\u00e3o do Metr\u00f4 de S\u00e3o Paulo<br \/>\nAlto do Ipiranga<br \/>\nA cidade e seus bairros &#8211; Santo Amaro<br \/>\nEsta\u00e7\u00e3o Largo Treze<\/p>\n<p>Da Ag\u00eancia Imprensa Oficial<\/p>\n","protected":false},"excerpt":{"rendered":"<p>Nesta semana, o Portal do Governo do Estado e a Ag\u00eancia Di\u00e1rio Oficial trazem uma mat\u00e9ria especial com diversas op\u00e7\u00f5es para o feriado de Carnaval. Entre outros destaques, a exposi\u00e7\u00e3o &#8220;O carnaval da nossa gente era o carnaval de antigamente&#8221;, que acontece no sagu\u00e3o principal da esta\u00e7\u00e3o da Luz da CPTM e, al\u00e9m da variada [&hellip;]<\/p>\n","protected":false},"author":3,"featured_media":28951,"comment_status":"open","ping_status":"closed","sticky":false,"template":"","format":"standard","meta":{"tdm_status":"","tdm_grid_status":"","footnotes":""},"categories":[22],"tags":[],"class_list":{"0":"post-38249","1":"post","2":"type-post","3":"status-publish","4":"format-standard","5":"has-post-thumbnail","7":"category-brasil"},"_links":{"self":[{"href":"https:\/\/migracao.redenoticia.com.br\/noticia\/wp-json\/wp\/v2\/posts\/38249","targetHints":{"allow":["GET"]}}],"collection":[{"href":"https:\/\/migracao.redenoticia.com.br\/noticia\/wp-json\/wp\/v2\/posts"}],"about":[{"href":"https:\/\/migracao.redenoticia.com.br\/noticia\/wp-json\/wp\/v2\/types\/post"}],"author":[{"embeddable":true,"href":"https:\/\/migracao.redenoticia.com.br\/noticia\/wp-json\/wp\/v2\/users\/3"}],"replies":[{"embeddable":true,"href":"https:\/\/migracao.redenoticia.com.br\/noticia\/wp-json\/wp\/v2\/comments?post=38249"}],"version-history":[{"count":0,"href":"https:\/\/migracao.redenoticia.com.br\/noticia\/wp-json\/wp\/v2\/posts\/38249\/revisions"}],"wp:featuredmedia":[{"embeddable":true,"href":"https:\/\/migracao.redenoticia.com.br\/noticia\/wp-json\/wp\/v2\/media\/28951"}],"wp:attachment":[{"href":"https:\/\/migracao.redenoticia.com.br\/noticia\/wp-json\/wp\/v2\/media?parent=38249"}],"wp:term":[{"taxonomy":"category","embeddable":true,"href":"https:\/\/migracao.redenoticia.com.br\/noticia\/wp-json\/wp\/v2\/categories?post=38249"},{"taxonomy":"post_tag","embeddable":true,"href":"https:\/\/migracao.redenoticia.com.br\/noticia\/wp-json\/wp\/v2\/tags?post=38249"}],"curies":[{"name":"wp","href":"https:\/\/api.w.org\/{rel}","templated":true}]}}