{"id":38269,"date":"2012-02-22T15:24:14","date_gmt":"2012-02-22T17:24:14","guid":{"rendered":"http:\/\/www.redenoticia.com.br\/noticia\/?p=38269"},"modified":"2012-02-22T15:24:14","modified_gmt":"2012-02-22T17:24:14","slug":"institutos-federais-oferecem-formacao-aos-haitianos","status":"publish","type":"post","link":"https:\/\/migracao.redenoticia.com.br\/noticia\/2012\/institutos-federais-oferecem-formacao-aos-haitianos\/38269","title":{"rendered":"Institutos federais oferecem forma\u00e7\u00e3o aos haitianos"},"content":{"rendered":"<p><img loading=\"lazy\" decoding=\"async\" class=\"alignleft size-full wp-image-34749\" title=\"professor\" src=\"https:\/\/migracao.redenoticia.com.br\/noticia\/imagens\/professor1.jpg\" alt=\"\" width=\"300\" height=\"193\" srcset=\"https:\/\/migracao.redenoticia.com.br\/noticia\/imagens\/professor1.jpg 300w, https:\/\/migracao.redenoticia.com.br\/noticia\/imagens\/professor1-250x160.jpg 250w, https:\/\/migracao.redenoticia.com.br\/noticia\/imagens\/professor1-150x96.jpg 150w\" sizes=\"auto, (max-width: 300px) 100vw, 300px\" \/>Institutos federais de educa\u00e7\u00e3o, ci\u00eancia e tecnologia da regi\u00e3o Norte est\u00e3o oferecendo forma\u00e7\u00e3o a <em><strong>imigrantes haitianos<\/strong><\/em> que t\u00eam ingressado no Brasil em grande quantidade, nos \u00faltimos meses, e j\u00e1 somam em torno de 4 mil. O objetivo dessas institui\u00e7\u00f5es \u00e9 promover a integra\u00e7\u00e3o e oferecer oportunidade nos mercados de trabalho locais.<\/p>\n<p>Desde agosto de 2011, o Instituto Federal do Amazonas oferece qualifica\u00e7\u00e3o em constru\u00e7\u00e3o civil a 25 haitianas, por meio da a\u00e7\u00e3o Mulheres Na Constru\u00e7\u00e3o Civil, no \u00e2mbito do programa Mulheres Mil. Na primeira fase do curso, as benefici\u00e1rias tiveram aulas de l\u00edngua portuguesa, geografia e hist\u00f3ria do Amazonas e aspectos culturais. Em seguida, ocorreu a prepara\u00e7\u00e3o para o mundo do trabalho com no\u00e7\u00f5es de rela\u00e7\u00f5es humanas, direito e sa\u00fade da mulher e seguran\u00e7a do trabalho. Em 2012, as benefici\u00e1rias ter\u00e3o a forma\u00e7\u00e3o profissional com no\u00e7\u00f5es de aplica\u00e7\u00e3o de cer\u00e2mica e azulejo, tipos cer\u00e2micos e t\u00e9cnicas de aplica\u00e7\u00e3o e acabamento.<\/p>\n<p>No estado, os imigrantes geralmente chegam pela cidade de Tabatinga e v\u00e3o para Manaus, a uma dist\u00e2ncia de 1 mil km, em busca de emprego e moradia. Na capital amazonense eles s\u00e3o acolhidos em uma par\u00f3quia. As aulas para as haitianas benefici\u00e1rias do programa Mulheres Mil acontecem no campus Manaus Centro.<\/p>\n<p>De acordo com a pr\u00f3-reitora de extens\u00e3o do instituto do Amazonas, Sandra Darwich, o projeto qualificar\u00e1 as mulheres com compet\u00eancias voltadas para assentamento de azulejo e acabamento de parede. \u201cCom o Mulheres Na Constru\u00e7\u00e3o Civil, espera-se que as participantes sejam capazes de produzir e gerar renda como ceramistas, azulejistas, e que sirvam como refer\u00eancia para motivar mulheres em situa\u00e7\u00e3o de vulnerabilidade socioecon\u00f4mica\u201d, explica.<\/p>\n<p>Acre \u2013 Em janeiro deste ano, servidores do Instituto Federal do Acre estiveram nos munic\u00edpios de Brasil\u00e9ia e Assis Brasil, em uma a\u00e7\u00e3o em prol dos haitianos. O objetivo foi realizar um levantamento sobre as condi\u00e7\u00f5es dos estrangeiros que est\u00e3o em processo de imigra\u00e7\u00e3o para o Brasil pelas fronteiras acreanas, com vistas \u00e0 elabora\u00e7\u00e3o de um programa de atendimento. Foram aplicados 298 formul\u00e1rios para identificar por que escolheram o Brasil, se possuem agravo de sa\u00fade, qual a forma\u00e7\u00e3o profissional, escolaridade e quantos s\u00e3o os membros da fam\u00edlia, entre outras quest\u00f5es.<\/p>\n<p>Em janeiro de 2010, um terremoto atingiu o Haiti e deixou pelo menos 200 mil mortos e 3 milh\u00f5es de desabrigados. A situa\u00e7\u00e3o do pa\u00eds, que j\u00e1 recebia ajuda humanit\u00e1ria, agravou-se e desde ent\u00e3o haitianos ingressam ilegalmente no Brasil pela fronteira entre Peru e o estado do Acre. Cerca de 1,6 mil j\u00e1 tiveram a situa\u00e7\u00e3o regularizada, mas o governo brasileiro iniciou medidas de restri\u00e7\u00e3o a emiss\u00e3o de vistos e faz vistorias nas fronteiras para coibir a a\u00e7\u00e3o de coiotes, que s\u00e3o pagos para trazer os imigrantes at\u00e9 o pa\u00eds.<\/p>\n<p>Assessoria de Comunica\u00e7\u00e3o Social \u2013 com informa\u00e7\u00f5es dos institutos federais de educa\u00e7\u00e3o, ci\u00eancia e tecnologia do Acre e do Amazonas<\/p>\n","protected":false},"excerpt":{"rendered":"<p>Institutos federais de educa\u00e7\u00e3o, ci\u00eancia e tecnologia da regi\u00e3o Norte est\u00e3o oferecendo forma\u00e7\u00e3o a imigrantes haitianos que t\u00eam ingressado no Brasil em grande quantidade, nos \u00faltimos meses, e j\u00e1 somam em torno de 4 mil. O objetivo dessas institui\u00e7\u00f5es \u00e9 promover a integra\u00e7\u00e3o e oferecer oportunidade nos mercados de trabalho locais. Desde agosto de 2011, [&hellip;]<\/p>\n","protected":false},"author":3,"featured_media":34749,"comment_status":"open","ping_status":"closed","sticky":false,"template":"","format":"standard","meta":{"tdm_status":"","tdm_grid_status":"","footnotes":""},"categories":[22],"tags":[],"class_list":{"0":"post-38269","1":"post","2":"type-post","3":"status-publish","4":"format-standard","5":"has-post-thumbnail","7":"category-brasil"},"_links":{"self":[{"href":"https:\/\/migracao.redenoticia.com.br\/noticia\/wp-json\/wp\/v2\/posts\/38269","targetHints":{"allow":["GET"]}}],"collection":[{"href":"https:\/\/migracao.redenoticia.com.br\/noticia\/wp-json\/wp\/v2\/posts"}],"about":[{"href":"https:\/\/migracao.redenoticia.com.br\/noticia\/wp-json\/wp\/v2\/types\/post"}],"author":[{"embeddable":true,"href":"https:\/\/migracao.redenoticia.com.br\/noticia\/wp-json\/wp\/v2\/users\/3"}],"replies":[{"embeddable":true,"href":"https:\/\/migracao.redenoticia.com.br\/noticia\/wp-json\/wp\/v2\/comments?post=38269"}],"version-history":[{"count":0,"href":"https:\/\/migracao.redenoticia.com.br\/noticia\/wp-json\/wp\/v2\/posts\/38269\/revisions"}],"wp:featuredmedia":[{"embeddable":true,"href":"https:\/\/migracao.redenoticia.com.br\/noticia\/wp-json\/wp\/v2\/media\/34749"}],"wp:attachment":[{"href":"https:\/\/migracao.redenoticia.com.br\/noticia\/wp-json\/wp\/v2\/media?parent=38269"}],"wp:term":[{"taxonomy":"category","embeddable":true,"href":"https:\/\/migracao.redenoticia.com.br\/noticia\/wp-json\/wp\/v2\/categories?post=38269"},{"taxonomy":"post_tag","embeddable":true,"href":"https:\/\/migracao.redenoticia.com.br\/noticia\/wp-json\/wp\/v2\/tags?post=38269"}],"curies":[{"name":"wp","href":"https:\/\/api.w.org\/{rel}","templated":true}]}}