{"id":38270,"date":"2012-02-22T10:24:39","date_gmt":"2012-02-22T12:24:39","guid":{"rendered":"http:\/\/www.redenoticia.com.br\/noticia\/?p=38270"},"modified":"2012-02-22T15:28:13","modified_gmt":"2012-02-22T17:28:13","slug":"inscricoes-para-premio-gestao-escolar-2012","status":"publish","type":"post","link":"https:\/\/migracao.redenoticia.com.br\/noticia\/2012\/inscricoes-para-premio-gestao-escolar-2012\/38270","title":{"rendered":"Inscri\u00e7\u00f5es para Pr\u00eamio Gest\u00e3o Escolar 2012"},"content":{"rendered":"<p><img loading=\"lazy\" decoding=\"async\" class=\"alignleft size-full wp-image-36262\" title=\"aluno a\" src=\"https:\/\/migracao.redenoticia.com.br\/noticia\/imagens\/aluno-a.jpg\" alt=\"\" width=\"300\" height=\"193\" srcset=\"https:\/\/migracao.redenoticia.com.br\/noticia\/imagens\/aluno-a.jpg 300w, https:\/\/migracao.redenoticia.com.br\/noticia\/imagens\/aluno-a-250x161.jpg 250w, https:\/\/migracao.redenoticia.com.br\/noticia\/imagens\/aluno-a-150x97.jpg 150w\" sizes=\"auto, (max-width: 300px) 100vw, 300px\" \/>As inscri\u00e7\u00f5es para o <em><strong>Pr\u00eamio Gest\u00e3o Escolar<\/strong><\/em> (PGE) j\u00e1 est\u00e3o abertas para todas as escolas estaduais e municipais da educa\u00e7\u00e3o b\u00e1sica do pa\u00eds, at\u00e9 o dia 1\u00ba de junho. O cadastro pode ser realizado pelo <a href=\"http:\/\/www.consed.org.br\/\" target=\"_blank\">site do Conselho Nacional de Secret\u00e1rios de Educa\u00e7\u00e3o (Consed)<\/a>.<\/p>\n<p>No pr\u00eamio, os participantes s\u00e3o avaliados em cinco dimens\u00f5es de gest\u00e3o: pedag\u00f3gica, resultados educacionais, participativa, de pessoas e de servi\u00e7os e recursos. &#8220;O pr\u00eamio tem o objetivo de fomentar a melhoria do sistema educacional por meio da identifica\u00e7\u00e3o de a\u00e7\u00f5es bem executadas por gest\u00f5es participantes. A cada ano, buscamos atrair mais escolas, para que exemplos de boa gest\u00e3o se difundam e ganhem dimens\u00e3o maior&#8221;, destaca a presidente do Consed, Maria Nilene Badeca da Costa.<\/p>\n<p>Al\u00e9m da premia\u00e7\u00e3o em dinheiro para as escolas selecionadas em cada fase, que vai de 6 mil a 30 mil reais), os diretores das institui\u00e7\u00f5es representantes de cada estado tamb\u00e9m ganhar\u00e3o uma viagem de interc\u00e2mbio para os Estados Unidos.<\/p>\n<p>Da Secretaria da Educa\u00e7\u00e3o<\/p>\n","protected":false},"excerpt":{"rendered":"<p>As inscri\u00e7\u00f5es para o Pr\u00eamio Gest\u00e3o Escolar (PGE) j\u00e1 est\u00e3o abertas para todas as escolas estaduais e municipais da educa\u00e7\u00e3o b\u00e1sica do pa\u00eds, at\u00e9 o dia 1\u00ba de junho. O cadastro pode ser realizado pelo site do Conselho Nacional de Secret\u00e1rios de Educa\u00e7\u00e3o (Consed). No pr\u00eamio, os participantes s\u00e3o avaliados em cinco dimens\u00f5es de gest\u00e3o: [&hellip;]<\/p>\n","protected":false},"author":3,"featured_media":36262,"comment_status":"open","ping_status":"closed","sticky":false,"template":"","format":"standard","meta":{"tdm_status":"","tdm_grid_status":"","footnotes":""},"categories":[22],"tags":[],"class_list":{"0":"post-38270","1":"post","2":"type-post","3":"status-publish","4":"format-standard","5":"has-post-thumbnail","7":"category-brasil"},"_links":{"self":[{"href":"https:\/\/migracao.redenoticia.com.br\/noticia\/wp-json\/wp\/v2\/posts\/38270","targetHints":{"allow":["GET"]}}],"collection":[{"href":"https:\/\/migracao.redenoticia.com.br\/noticia\/wp-json\/wp\/v2\/posts"}],"about":[{"href":"https:\/\/migracao.redenoticia.com.br\/noticia\/wp-json\/wp\/v2\/types\/post"}],"author":[{"embeddable":true,"href":"https:\/\/migracao.redenoticia.com.br\/noticia\/wp-json\/wp\/v2\/users\/3"}],"replies":[{"embeddable":true,"href":"https:\/\/migracao.redenoticia.com.br\/noticia\/wp-json\/wp\/v2\/comments?post=38270"}],"version-history":[{"count":0,"href":"https:\/\/migracao.redenoticia.com.br\/noticia\/wp-json\/wp\/v2\/posts\/38270\/revisions"}],"wp:featuredmedia":[{"embeddable":true,"href":"https:\/\/migracao.redenoticia.com.br\/noticia\/wp-json\/wp\/v2\/media\/36262"}],"wp:attachment":[{"href":"https:\/\/migracao.redenoticia.com.br\/noticia\/wp-json\/wp\/v2\/media?parent=38270"}],"wp:term":[{"taxonomy":"category","embeddable":true,"href":"https:\/\/migracao.redenoticia.com.br\/noticia\/wp-json\/wp\/v2\/categories?post=38270"},{"taxonomy":"post_tag","embeddable":true,"href":"https:\/\/migracao.redenoticia.com.br\/noticia\/wp-json\/wp\/v2\/tags?post=38270"}],"curies":[{"name":"wp","href":"https:\/\/api.w.org\/{rel}","templated":true}]}}