{"id":38277,"date":"2012-02-24T12:35:30","date_gmt":"2012-02-24T14:35:30","guid":{"rendered":"http:\/\/www.redenoticia.com.br\/noticia\/?p=38277"},"modified":"2012-02-27T16:59:40","modified_gmt":"2012-02-27T19:59:40","slug":"inscricoes-de-estudantes-no-fies","status":"publish","type":"post","link":"https:\/\/migracao.redenoticia.com.br\/noticia\/2012\/inscricoes-de-estudantes-no-fies\/38277","title":{"rendered":"Inscri\u00e7\u00f5es de estudantes no Fies"},"content":{"rendered":"<p><img loading=\"lazy\" decoding=\"async\" class=\"alignleft size-full wp-image-26465\" title=\"fies financiamento estudantil inscricao resultado\" src=\"https:\/\/migracao.redenoticia.com.br\/noticia\/imagens\/fies-financiamento-estudantil-inscricao-resultado.jpg\" alt=\"\" width=\"300\" height=\"193\" srcset=\"https:\/\/migracao.redenoticia.com.br\/noticia\/imagens\/fies-financiamento-estudantil-inscricao-resultado.jpg 300w, https:\/\/migracao.redenoticia.com.br\/noticia\/imagens\/fies-financiamento-estudantil-inscricao-resultado-250x160.jpg 250w, https:\/\/migracao.redenoticia.com.br\/noticia\/imagens\/fies-financiamento-estudantil-inscricao-resultado-150x96.jpg 150w\" sizes=\"auto, (max-width: 300px) 100vw, 300px\" \/>Os estudantes que pretendem obter o benef\u00edcio do Fundo de Financiamento Estudantil (<em><strong>Fies<\/strong><\/em>) no primeiro semestre de 2012 podem fazer a inscri\u00e7\u00e3o a qualquer tempo, pela internet. Elas ficam abertas ininterruptamente, ao longo do ano. Da mesma forma, os j\u00e1 atendidos pelo fundo devem providenciar a renova\u00e7\u00e3o semestral dos contratos formalizados at\u00e9 o segundo semestre de 2011. Isso deve ser feito at\u00e9 31 de mar\u00e7o pr\u00f3ximo.<\/p>\n<p>Os contratos do Fies s\u00e3o renovados semestralmente, por meio de aditivo ao documento original de financiamento. No aditamento (renova\u00e7\u00e3o) simplificado \u2014 com atualiza\u00e7\u00e3o apenas dos dados pessoais e do valor da semestralidade, sem impacto no valor total do contrato \u2014, basta o estudante validar o pedido feito pela Comiss\u00e3o Permanente de Supervis\u00e3o e Acompanhamento do Fies (CPSA) e comparecer \u00e0 institui\u00e7\u00e3o de ensino na qual estiver matriculado para assinar a renova\u00e7\u00e3o.<\/p>\n<p>Quando h\u00e1 altera\u00e7\u00f5es mais profundas no contrato, como troca ou altera\u00e7\u00e3o na renda do fiador ou impacto no valor global do contrato, o aditamento \u00e9 considerado como n\u00e3o simplificado. Nesse caso, ap\u00f3s a valida\u00e7\u00e3o do pedido de aditamento, o estudante deve comparecer \u00e0 CPSA para assinar e pegar uma via do Documento de Regularidade de Matr\u00edcula (DRM), que deve ser levada ao banco para formaliza\u00e7\u00e3o do aditamento.<\/p>\n<p>As novas inscri\u00e7\u00f5es e renova\u00e7\u00f5es devem ser feitas na p\u00e1gina do Sistema Informatizado do Fies (SisFies) na internet. Nela est\u00e3o todas as informa\u00e7\u00f5es sobre os benef\u00edcios do fundo.<\/p>\n<p>Assessoria de Imprensa do FNDE<\/p>\n","protected":false},"excerpt":{"rendered":"<p>Os estudantes que pretendem obter o benef\u00edcio do Fundo de Financiamento Estudantil (Fies) no primeiro semestre de 2012 podem fazer a inscri\u00e7\u00e3o a qualquer tempo, pela internet. Elas ficam abertas ininterruptamente, ao longo do ano. Da mesma forma, os j\u00e1 atendidos pelo fundo devem providenciar a renova\u00e7\u00e3o semestral dos contratos formalizados at\u00e9 o segundo semestre [&hellip;]<\/p>\n","protected":false},"author":3,"featured_media":26465,"comment_status":"open","ping_status":"closed","sticky":false,"template":"","format":"standard","meta":{"tdm_status":"","tdm_grid_status":"","footnotes":""},"categories":[22,370,295],"tags":[],"class_list":{"0":"post-38277","1":"post","2":"type-post","3":"status-publish","4":"format-standard","5":"has-post-thumbnail","7":"category-brasil","8":"category-inscricao","9":"category-vestibular"},"_links":{"self":[{"href":"https:\/\/migracao.redenoticia.com.br\/noticia\/wp-json\/wp\/v2\/posts\/38277","targetHints":{"allow":["GET"]}}],"collection":[{"href":"https:\/\/migracao.redenoticia.com.br\/noticia\/wp-json\/wp\/v2\/posts"}],"about":[{"href":"https:\/\/migracao.redenoticia.com.br\/noticia\/wp-json\/wp\/v2\/types\/post"}],"author":[{"embeddable":true,"href":"https:\/\/migracao.redenoticia.com.br\/noticia\/wp-json\/wp\/v2\/users\/3"}],"replies":[{"embeddable":true,"href":"https:\/\/migracao.redenoticia.com.br\/noticia\/wp-json\/wp\/v2\/comments?post=38277"}],"version-history":[{"count":0,"href":"https:\/\/migracao.redenoticia.com.br\/noticia\/wp-json\/wp\/v2\/posts\/38277\/revisions"}],"wp:featuredmedia":[{"embeddable":true,"href":"https:\/\/migracao.redenoticia.com.br\/noticia\/wp-json\/wp\/v2\/media\/26465"}],"wp:attachment":[{"href":"https:\/\/migracao.redenoticia.com.br\/noticia\/wp-json\/wp\/v2\/media?parent=38277"}],"wp:term":[{"taxonomy":"category","embeddable":true,"href":"https:\/\/migracao.redenoticia.com.br\/noticia\/wp-json\/wp\/v2\/categories?post=38277"},{"taxonomy":"post_tag","embeddable":true,"href":"https:\/\/migracao.redenoticia.com.br\/noticia\/wp-json\/wp\/v2\/tags?post=38277"}],"curies":[{"name":"wp","href":"https:\/\/api.w.org\/{rel}","templated":true}]}}