{"id":38299,"date":"2012-02-27T15:20:09","date_gmt":"2012-02-27T18:20:09","guid":{"rendered":"http:\/\/www.redenoticia.com.br\/noticia\/?p=38299"},"modified":"2012-02-27T15:20:09","modified_gmt":"2012-02-27T18:20:09","slug":"novo-substitutivo-para-lei-geral-da-copa-de-2014","status":"publish","type":"post","link":"https:\/\/migracao.redenoticia.com.br\/noticia\/2012\/novo-substitutivo-para-lei-geral-da-copa-de-2014\/38299","title":{"rendered":"Novo substitutivo para Lei Geral da Copa de 2014"},"content":{"rendered":"<p><img loading=\"lazy\" decoding=\"async\" class=\"alignleft size-full wp-image-30249\" title=\"copa do mundo 2014\" src=\"https:\/\/migracao.redenoticia.com.br\/noticia\/imagens\/copa-do-mundo-2014.jpg\" alt=\"\" width=\"300\" height=\"193\" srcset=\"https:\/\/migracao.redenoticia.com.br\/noticia\/imagens\/copa-do-mundo-2014.jpg 300w, https:\/\/migracao.redenoticia.com.br\/noticia\/imagens\/copa-do-mundo-2014-250x161.jpg 250w, https:\/\/migracao.redenoticia.com.br\/noticia\/imagens\/copa-do-mundo-2014-150x97.jpg 150w\" sizes=\"auto, (max-width: 300px) 100vw, 300px\" \/>Bras\u00edlia \u2013 O relator da Lei Geral da <em><strong>Copa do Mundo de 2014<\/strong><\/em> e da Copa das Confedera\u00e7\u00f5es de 2013 ( Projeto de Lei 2330\/11), deputado Vicente C\u00e2ndido (PT-SP), entrega hoje (27) \u00e0 tarde \u00e0 Comiss\u00e3o Especial da C\u00e2mara encarregada de dar parecer sobre o projeto do Executivo um novo substitutivo ao texto. A comiss\u00e3o deve votar amanh\u00e3 (28), \u00e0s 14h30, este substitutivo.<\/p>\n<p>O novo texto apresentar\u00e1 modifica\u00e7\u00f5es ao substitutivo que foi entregue no in\u00edcio do m\u00eas e deveria ter sido votado pela comiss\u00e3o no \u00faltimo dia 14. Por\u00e9m, a reuni\u00e3o foi adiada a pedido do relator, exatamente para modificar o seu texto, para atender \u00e0 Fifa e ao governo, que n\u00e3o ficaram satisfeitos com as altera\u00e7\u00f5es feitas na proposta inicial do Executivo.<\/p>\n<p>As mudan\u00e7as feitas por C\u00e2ndido ainda n\u00e3o s\u00e3o conhecidas, mas h\u00e1 diversos pontos pol\u00eamicos no projeto, como a quest\u00e3o da meia-entrada para estudantes e idosos, que acabou virando uma nova categoria de ingressos, ao custo de R$ 50. O ingresso atender\u00e1 tamb\u00e9m a outros grupos sociais, como \u00edndios e benefici\u00e1rios do Bolsa Fam\u00edlia, segundo o substitutivo elaborado por Vicente C\u00e2ndido.<\/p>\n<p>Outra quest\u00e3o que envolve os interesses da Fifa e foi alvo de mudan\u00e7as no texto \u00e9 a permiss\u00e3o da venda de cerveja nos est\u00e1dios das 12 cidades-sede da Copa de 2014 e tamb\u00e9m nos locais de jogos da Copa das Confedera\u00e7\u00f5es. O relator incluiu no substitutivo uma exig\u00eancia de que a bebida seja vendida apenas em copos de papel fechados.<\/p>\n<p>Tamb\u00e9m h\u00e1 diverg\u00eancias quanto aos direitos da Fifa sobre o marketing dos eventos, que daria \u00e0 entidade o poder de exclusividade de venda dos seus produtos nas imedia\u00e7\u00f5es dos est\u00e1dios, obrigando todo o com\u00e9rcio j\u00e1 existente nas adjac\u00eancias a fechar as portas ou vender apenas os produtos licenciados pela Fifa.<\/p>\n<p>As pol\u00eamicas n\u00e3o envolvem apenas a Fifa, o governo e a Comiss\u00e3o Especial da C\u00e2mara, onde h\u00e1 rea\u00e7\u00e3o ainda contra normas do projeto que obrigam o governo a indenizar a Fifa, mesmo que ocorram preju\u00edzos em que a Uni\u00e3o n\u00e3o tenha responsabilidade. E uma outra pol\u00eamicos s\u00e3o as altera\u00e7\u00f5es que o C\u00f3digo Penal dever\u00e1 sofrer para punir infra\u00e7\u00f5es aos direitos da Fifa, com a cria\u00e7\u00e3o de multas e penas de pris\u00e3o exclusivamente para serem aplicadas durante as competi\u00e7\u00f5es patrocinadas pela entidade.<\/p>\n<p>Jorge Wamburg<br \/>\nRep\u00f3rter da Ag\u00eancia Brasil<\/p>\n<p>Edi\u00e7\u00e3o: N\u00e1dia Franco<\/p>\n","protected":false},"excerpt":{"rendered":"<p>Bras\u00edlia \u2013 O relator da Lei Geral da Copa do Mundo de 2014 e da Copa das Confedera\u00e7\u00f5es de 2013 ( Projeto de Lei 2330\/11), deputado Vicente C\u00e2ndido (PT-SP), entrega hoje (27) \u00e0 tarde \u00e0 Comiss\u00e3o Especial da C\u00e2mara encarregada de dar parecer sobre o projeto do Executivo um novo substitutivo ao texto. A comiss\u00e3o [&hellip;]<\/p>\n","protected":false},"author":3,"featured_media":30249,"comment_status":"open","ping_status":"closed","sticky":false,"template":"","format":"standard","meta":{"tdm_status":"","tdm_grid_status":"","footnotes":""},"categories":[22],"tags":[],"class_list":{"0":"post-38299","1":"post","2":"type-post","3":"status-publish","4":"format-standard","5":"has-post-thumbnail","7":"category-brasil"},"_links":{"self":[{"href":"https:\/\/migracao.redenoticia.com.br\/noticia\/wp-json\/wp\/v2\/posts\/38299","targetHints":{"allow":["GET"]}}],"collection":[{"href":"https:\/\/migracao.redenoticia.com.br\/noticia\/wp-json\/wp\/v2\/posts"}],"about":[{"href":"https:\/\/migracao.redenoticia.com.br\/noticia\/wp-json\/wp\/v2\/types\/post"}],"author":[{"embeddable":true,"href":"https:\/\/migracao.redenoticia.com.br\/noticia\/wp-json\/wp\/v2\/users\/3"}],"replies":[{"embeddable":true,"href":"https:\/\/migracao.redenoticia.com.br\/noticia\/wp-json\/wp\/v2\/comments?post=38299"}],"version-history":[{"count":0,"href":"https:\/\/migracao.redenoticia.com.br\/noticia\/wp-json\/wp\/v2\/posts\/38299\/revisions"}],"wp:featuredmedia":[{"embeddable":true,"href":"https:\/\/migracao.redenoticia.com.br\/noticia\/wp-json\/wp\/v2\/media\/30249"}],"wp:attachment":[{"href":"https:\/\/migracao.redenoticia.com.br\/noticia\/wp-json\/wp\/v2\/media?parent=38299"}],"wp:term":[{"taxonomy":"category","embeddable":true,"href":"https:\/\/migracao.redenoticia.com.br\/noticia\/wp-json\/wp\/v2\/categories?post=38299"},{"taxonomy":"post_tag","embeddable":true,"href":"https:\/\/migracao.redenoticia.com.br\/noticia\/wp-json\/wp\/v2\/tags?post=38299"}],"curies":[{"name":"wp","href":"https:\/\/api.w.org\/{rel}","templated":true}]}}