{"id":38325,"date":"2012-02-29T10:23:20","date_gmt":"2012-02-29T13:23:20","guid":{"rendered":"http:\/\/www.redenoticia.com.br\/noticia\/?p=38325"},"modified":"2012-02-29T19:50:35","modified_gmt":"2012-02-29T22:50:35","slug":"mec-vai-incluir-ciencias-na-prova-brasil","status":"publish","type":"post","link":"https:\/\/migracao.redenoticia.com.br\/noticia\/2012\/mec-vai-incluir-ciencias-na-prova-brasil\/38325","title":{"rendered":"MEC vai incluir ci\u00eancias na Prova Brasil"},"content":{"rendered":"<p><img loading=\"lazy\" decoding=\"async\" class=\"alignleft size-full wp-image-36265\" title=\"aluno b\" src=\"https:\/\/migracao.redenoticia.com.br\/noticia\/imagens\/aluno-b.jpg\" alt=\"\" width=\"300\" height=\"193\" srcset=\"https:\/\/migracao.redenoticia.com.br\/noticia\/imagens\/aluno-b.jpg 300w, https:\/\/migracao.redenoticia.com.br\/noticia\/imagens\/aluno-b-250x161.jpg 250w, https:\/\/migracao.redenoticia.com.br\/noticia\/imagens\/aluno-b-150x97.jpg 150w\" sizes=\"auto, (max-width: 300px) 100vw, 300px\" \/>Bras\u00edlia \u2013 O ministro da Educa\u00e7\u00e3o, Aloizio Mercadante, disse nesta quarta-feira (29), em audi\u00eancia p\u00fablica no Senado, que ir\u00e1 incluir a disciplina ci\u00eancias na <em><strong>Prova Brasil<\/strong><\/em>, a principal avalia\u00e7\u00e3o da educa\u00e7\u00e3o b\u00e1sica. O exame, aplicado pelo Minist\u00e9rio da Educa\u00e7\u00e3o (MEC) aos alunos do 5\u00ba e 9\u00ba anos do ensino fundamental a cada dois anos, at\u00e9 o momento mede apenas o desempenho em matem\u00e1tica e portugu\u00eas.<\/p>\n<p>Mercadante n\u00e3o disse se a mudan\u00e7a j\u00e1 valer\u00e1 para a pr\u00f3xima edi\u00e7\u00e3o da prova, marcada para 2013. O exame \u00e9 um dos principais componentes do \u00cdndice de Desenvolvimento da Educa\u00e7\u00e3o B\u00e1sica (Ideb), indicador que avalia a qualidade do ensino oferecido por escolas, munic\u00edpios e estados. A \u00faltima edi\u00e7\u00e3o foi aplicada em 2011 e os resultados do Ideb ser\u00e3o divulgados neste ano. Todas as redes de ensino e escolas t\u00eam metas a serem atingidas at\u00e9 2022, estipuladas em 2007 pelo MEC.<\/p>\n<p>Com a inclus\u00e3o de ci\u00eancias na Prova Brasil, o exame fica mais pr\u00f3ximo ao Programa Internacional de Avalia\u00e7\u00e3o (Pisa). O teste internacional \u00e9 aplicado pela Organiza\u00e7\u00e3o para a Coopera\u00e7\u00e3o e o Desenvolvimento Econ\u00f4mico (OCDE) em mais de 60 pa\u00edses e mede as habilidades dos alunos em linguagens, matem\u00e1tica e ci\u00eancias. O Brasil melhorou seu desempenho no programa de 2000 a 2010, mas continua nas \u00faltimas posi\u00e7\u00f5es do ranking.<\/p>\n<p>Mercadante disse tamb\u00e9m que quer vai criar um programa de interc\u00e2mbio para professores com bom desempenho ou que atuem nas escolas com melhor Ideb. A ideia \u00e9 que, por meio do Escola sem Fronteira, os docentes possam fazer visitas a col\u00e9gios que desenvolvam boas pr\u00e1ticas de ensino, tanto no Brasil quanto no exterior. \u201cSer\u00e1 um incentivo \u00e0 sua dedica\u00e7\u00e3o e aos seus resultados. Isso pode ocorrer especialmente nas f\u00e9rias e quando ele voltar ser\u00e1 uma lideran\u00e7a regional sobre as pr\u00e1ticas inovadoras que vai conhecer\u201d, destacou o ministro.<\/p>\n<p>Amanda Cieglinski<br \/>\nRep\u00f3rter da Ag\u00eancia Brasil<\/p>\n<p>Edi\u00e7\u00e3o: Juliana Andrade \/\/ Mat\u00e9ria alterada \u00e0s 11h54 para acr\u00e9scimo de informa\u00e7\u00f5es<\/p>\n","protected":false},"excerpt":{"rendered":"<p>Bras\u00edlia \u2013 O ministro da Educa\u00e7\u00e3o, Aloizio Mercadante, disse nesta quarta-feira (29), em audi\u00eancia p\u00fablica no Senado, que ir\u00e1 incluir a disciplina ci\u00eancias na Prova Brasil, a principal avalia\u00e7\u00e3o da educa\u00e7\u00e3o b\u00e1sica. O exame, aplicado pelo Minist\u00e9rio da Educa\u00e7\u00e3o (MEC) aos alunos do 5\u00ba e 9\u00ba anos do ensino fundamental a cada dois anos, at\u00e9 [&hellip;]<\/p>\n","protected":false},"author":3,"featured_media":36265,"comment_status":"open","ping_status":"closed","sticky":false,"template":"","format":"standard","meta":{"tdm_status":"","tdm_grid_status":"","footnotes":""},"categories":[22],"tags":[],"class_list":{"0":"post-38325","1":"post","2":"type-post","3":"status-publish","4":"format-standard","5":"has-post-thumbnail","7":"category-brasil"},"_links":{"self":[{"href":"https:\/\/migracao.redenoticia.com.br\/noticia\/wp-json\/wp\/v2\/posts\/38325","targetHints":{"allow":["GET"]}}],"collection":[{"href":"https:\/\/migracao.redenoticia.com.br\/noticia\/wp-json\/wp\/v2\/posts"}],"about":[{"href":"https:\/\/migracao.redenoticia.com.br\/noticia\/wp-json\/wp\/v2\/types\/post"}],"author":[{"embeddable":true,"href":"https:\/\/migracao.redenoticia.com.br\/noticia\/wp-json\/wp\/v2\/users\/3"}],"replies":[{"embeddable":true,"href":"https:\/\/migracao.redenoticia.com.br\/noticia\/wp-json\/wp\/v2\/comments?post=38325"}],"version-history":[{"count":0,"href":"https:\/\/migracao.redenoticia.com.br\/noticia\/wp-json\/wp\/v2\/posts\/38325\/revisions"}],"wp:featuredmedia":[{"embeddable":true,"href":"https:\/\/migracao.redenoticia.com.br\/noticia\/wp-json\/wp\/v2\/media\/36265"}],"wp:attachment":[{"href":"https:\/\/migracao.redenoticia.com.br\/noticia\/wp-json\/wp\/v2\/media?parent=38325"}],"wp:term":[{"taxonomy":"category","embeddable":true,"href":"https:\/\/migracao.redenoticia.com.br\/noticia\/wp-json\/wp\/v2\/categories?post=38325"},{"taxonomy":"post_tag","embeddable":true,"href":"https:\/\/migracao.redenoticia.com.br\/noticia\/wp-json\/wp\/v2\/tags?post=38325"}],"curies":[{"name":"wp","href":"https:\/\/api.w.org\/{rel}","templated":true}]}}