{"id":3833,"date":"2009-06-25T22:24:28","date_gmt":"2009-06-26T02:24:28","guid":{"rendered":"http:\/\/www.redenoticia.com.br\/noticia\/?p=3833"},"modified":"2009-06-25T22:24:28","modified_gmt":"2009-06-26T02:24:28","slug":"breve-e-convincente-historia-sobre-uma-necessaria-revista-de-arte-%e2%80%9cdasartes%e2%80%9d","status":"publish","type":"post","link":"https:\/\/migracao.redenoticia.com.br\/noticia\/2009\/breve-e-convincente-historia-sobre-uma-necessaria-revista-de-arte-%e2%80%9cdasartes%e2%80%9d\/3833","title":{"rendered":"Breve e convincente hist\u00f3ria sobre uma necess\u00e1ria revista de Arte \u201cDAsARTES\u201d"},"content":{"rendered":"<p>A revista\u00a0<strong>DasArtes<\/strong>, que se ocupa exclusivamente do universo das\u00a0<span style=\"text-decoration: underline;\">artes visuais<\/span>, \u00e9 um projeto ambicioso que tomou f\u00f4lego, corpo, forma e conte\u00fado, em meados do ano passado.<\/p>\n<p>Editada no Rio de Janeiro, mas com alcance nacional e distribui\u00e7\u00e3o pelos principais mercados do Pa\u00eds, e fruto da iniciativa privada, a\u00a0<strong>DasArtes<\/strong> comemora o feito, salientando a s\u00e9rie de entrevistas exclusivas com artistas internacionais, publicadas ao longo de suas edi\u00e7\u00f5es.<\/p>\n<p>\u201cConseguimos uma entrevista exclusiva com\u00a0Jannis\u00a0Kounnelis, um dos pais da \u2018arte\u00a0povera\u2019, outra, com Marina\u00a0Abramovic, pioneira\u00a0da V\u00eddeo-arte. Trouxemos tamb\u00e9m o famos\u00edssimo casal de artistas\u00a0Christo\u00a0e Jeanne Claude; e agora, na nova edi\u00e7\u00e3o, teremos uma entrevista especial com a\u00a0Yoko\u00a0Ohno, a grande homenageada da Bienal de Veneza que acontece no momento; todas, s\u00e3o um marco in\u00e9dito na imprensa brasileira\u201d,\u00a0comenta a editora executiva da\u00a0DasArtes.<\/p>\n<p>A mais nova revista sobre artes no Pa\u00eds, que vem preencher um longo sil\u00eancio editorial neste segmento, \u00e9 o resultado de muita persist\u00eancia, infind\u00e1veis planejamentos, e do sonho de uma jovem estudiosa e colecionadora de arte, mas tamb\u00e9m empres\u00e1ria editorial especializada na \u00e1rea da sa\u00fade,<strong>Liege\u00a0Machado<\/strong> <strong>Gonzalez<\/strong>, e que hoje assume a dire\u00e7\u00e3o executiva da\u00a0<strong>DasArtes, <\/strong>ao lado do curador<strong>Adolfo\u00a0Montejo\u00a0Navas<\/strong>, respons\u00e1vel pelo conte\u00fado editorial.<\/p>\n<p>Liege\u00a0justifica o por que e para quem criar uma revista que falasse somente sobre artes pl\u00e1sticas.<\/p>\n<p>\u201cH\u00e1 toda uma popula\u00e7\u00e3o que se interessa por artes, seja como admiradores, colecionadores, estudantes e os profissionais do ramo, como\u00a0marchands,\u00a0galeristas, curadores, cr\u00edticos, os pr\u00f3prios artistas e o mundo acad\u00eamico. Arte desperta muito interesse sim, e produzir um canal de informa\u00e7\u00e3o completo, amplificado e atualizado, como n\u00e3o existia no Brasil, \u00e9 de suma import\u00e2ncia no sentido de informar e tamb\u00e9m no de formar esse p\u00fablico\u201d.<\/p>\n<p><strong>Arte: um mercado em pleno aquecimento<\/strong><\/p>\n<p>Com o\u00a0<em>colecionismo<\/em> no campo da arte entrando em franco crescimento no Brasil e no mundo todo, o nosso p\u00fablico de colecionadores carece de toda informa\u00e7\u00e3o quanto ao mercado, que artistas est\u00e3o valorizados, o que vai entrar em voga, principais tend\u00eancias, onde e no que investir, etc. Arte \u00e9 um mercado que, como todos os setores da economia, sofreu o impacto da crise, por\u00e9m investir em arte, diferentemente dos t\u00edtulos financeiros, \u00e9 mais ou menos como investir em pedras e metais preciosos, e dificilmente corre-se riscos de ver despencar o valor.<\/p>\n<p>Liege\u00a0Machado aponta outra fundamental fun\u00e7\u00e3o de uma revista de artes: \u201c\u00c9 essencial para a forma\u00e7\u00e3o do p\u00fablico em artes e paralelamente na divulga\u00e7\u00e3o da produ\u00e7\u00e3o art\u00edstica, daquilo que de relevante est\u00e1 sendo feito no mundo e no Brasil, e tamb\u00e9m uma forma de fortalecimento das artes brasileiras no exterior\u201d.<\/p>\n<p>Nunca \u00e9 demais lembrar que a arte brasileira est\u00e1 vivendo seu melhor momento no cen\u00e1rio internacional (artistas como\u00a0Cildo\u00a0Meireles, Beatriz\u00a0Milhazes, os G\u00eameos e\u00a0Vik\u00a0Muniz t\u00eam atra\u00eddo todas as aten\u00e7\u00f5es) e assim impulsionando ainda mais o mercado das artes. \u201cGrandes leil\u00f5es continuam ocorrendo com a mesma freq\u00fc\u00eancia e obras importantes sendo vendidas por muitos d\u00edgitos\u201d, comenta a editora executiva da\u00a0DasArtes.<\/p>\n<p>Mudou tamb\u00e9m o perfil do colecionador ou investidor de arte, que \u00e9 cada vez mais jovem, na faixa dos 30 aos 40 anos. Novas galerias de arte, administradas por n\u00e3o menos jovens\u00a0galeristas, tamb\u00e9m n\u00e3o cessam de despontar pelas principais cidades do Brasil. \u201cTamb\u00e9m assistimos aos efeitos da globaliza\u00e7\u00e3o\u201d, aponta a diretora da revista\u00a0DasArtes. \u201cQuem est\u00e1 visando grandes artistas brasileiros, desde Portinari a Adriana Varej\u00e3o, acaba tendo que competir com compradores internacionais, inflacionando o valor das obras entre nossos artistas\u201d.<\/p>\n<p><strong>Uma arte nem sempre acess\u00edvel: fazer uma revista que evitasse o pedantismo e o intelectualismo<\/strong><\/p>\n<p>A revista, que, na opini\u00e3o dos mais respeitados cr\u00edticos e personalidades do meio, se ocupa da Arte com muita propriedade, profundidade e, como era de se esperar, com eleg\u00e2ncia, charme e boa dose de \u2018<em>arte<\/em>\u2019, consegue se notabilizar n\u00e3o s\u00f3 pela atualidade dos temas e seriedade na abordagem, mas tamb\u00e9m por uma proposta editorial que busca evitar os hermetismos e pedantismos que costumam acompanhar as publica\u00e7\u00f5es do g\u00eanero.<\/p>\n<p>Como ressalta a empres\u00e1ria e idealizadora da revista\u00a0<strong>DasArtes<\/strong>: \u201cQueria\u00a0uma publica\u00e7\u00e3o mais leve, que pudesse mostrar\u00a0a todos que\u00a0arte tamb\u00e9m \u00e9 divertida! Acredito ser poss\u00edvel criar um canal de comunica\u00e7\u00e3o que consiga desassociar a arte do elitismo, daquela imagem inacess\u00edvel, que arte \u00e9 tema\u00a0que\u00a0interessa apenas ao intelectual e a\u00a0iniciados&#8221;.<\/p>\n<p>A<strong> <\/strong><strong>DasArtes<\/strong> n\u00e3o se intimida diante do desafio que a grande maioria entre os potenciais leitores de uma revista de artes, feita no e para o Brasil, n\u00e3o conta com bagagem cultural para se interessar pelo assunto. Acredita que o interesse e a curiosidade pelo belo, pelo questionamento interior e a transcend\u00eancia que uma obra de arte pode suscitar, s\u00e3o elementos motivadores e intr\u00ednsecos a todo ser humano. \u201cClaro que isto n\u00e3o significa que todos possam assimilar e entender a arte que est\u00e3o vendo; da\u00ed entra uma das miss\u00f5es da revista, que seria a de ensinar a olhar\u201d.<\/p>\n<p>A \u2018ousadia\u2019 empresarial, que concretizou a produ\u00e7\u00e3o, impress\u00e3o e distribui\u00e7\u00e3o nacional de uma revista de arte no seu mais amplo conceito (114 p\u00e1ginas em\u00a0\u00a0\u00a0papel\u00a0<em>couchet <\/em>e um\u00a0<em>cast<\/em> de colaboradores de renome), mesmo sem apoio de patrocinadores, nem inclus\u00e3o na Lei\u00a0Rouanet, tem se revelado gratificante e muito promissora, como demonstram a carteira de inser\u00e7\u00f5es publicit\u00e1rias de peso, a repercuss\u00e3o no meio art\u00edstico e entre a cr\u00edtica especializada e o apoio que vem recebendo entre todos os museus de arte, galerias e segmentos institucionais ligados\u00a0a\u00a0cultura e a arte.<\/p>\n<p><em>&#8211; Revista\u00a0<strong>DasArtes<\/strong><\/em><\/p>\n<p><em> <\/em><\/p>\n<p><em>&#8211;\u00a0<strong>Publica\u00e7\u00e3o <\/strong>da Editora O Selo, do grupo Indexa Editora Ltda.<\/em><\/p>\n<p><em> <\/em><\/p>\n<p><em>&#8211;\u00a0<strong>periodicidade &#8211; <\/strong>bimensal; impress\u00e3o em papel\u00a0couchet; 114 p\u00e1ginas.<\/em><\/p>\n<p><em>&#8211;<strong>tiragem \u2013 <\/strong>8 mil exemplares<br \/>\n&#8211;\u00a0<strong>distribui\u00e7\u00e3o<\/strong> nacional (em bancas especiais e livrarias, institutos e galerias de arte)<\/em><\/p>\n<p><em> <strong>&#8211; assinaturas<\/strong> pelo\u00a0website\u00a0\u00a0<a href=\"http:\/\/www.dasartes.com\/\" target=\"_blank\">www.dasartes.com<\/a> ; ou tel. (21) 2266-1756<\/em><\/p>\n","protected":false},"excerpt":{"rendered":"<p>A revista\u00a0DasArtes, que se ocupa exclusivamente do universo das\u00a0artes visuais, \u00e9 um projeto ambicioso que tomou f\u00f4lego, corpo, forma e conte\u00fado, em meados do ano passado. Editada no Rio de Janeiro, mas com alcance nacional e distribui\u00e7\u00e3o pelos principais mercados do Pa\u00eds, e fruto da iniciativa privada, a\u00a0DasArtes comemora o feito, salientando a s\u00e9rie de [&hellip;]<\/p>\n","protected":false},"author":2,"featured_media":0,"comment_status":"open","ping_status":"open","sticky":false,"template":"","format":"standard","meta":{"tdm_status":"","tdm_grid_status":"","footnotes":""},"categories":[22],"tags":[],"class_list":{"0":"post-3833","1":"post","2":"type-post","3":"status-publish","4":"format-standard","6":"category-brasil"},"_links":{"self":[{"href":"https:\/\/migracao.redenoticia.com.br\/noticia\/wp-json\/wp\/v2\/posts\/3833","targetHints":{"allow":["GET"]}}],"collection":[{"href":"https:\/\/migracao.redenoticia.com.br\/noticia\/wp-json\/wp\/v2\/posts"}],"about":[{"href":"https:\/\/migracao.redenoticia.com.br\/noticia\/wp-json\/wp\/v2\/types\/post"}],"author":[{"embeddable":true,"href":"https:\/\/migracao.redenoticia.com.br\/noticia\/wp-json\/wp\/v2\/users\/2"}],"replies":[{"embeddable":true,"href":"https:\/\/migracao.redenoticia.com.br\/noticia\/wp-json\/wp\/v2\/comments?post=3833"}],"version-history":[{"count":0,"href":"https:\/\/migracao.redenoticia.com.br\/noticia\/wp-json\/wp\/v2\/posts\/3833\/revisions"}],"wp:attachment":[{"href":"https:\/\/migracao.redenoticia.com.br\/noticia\/wp-json\/wp\/v2\/media?parent=3833"}],"wp:term":[{"taxonomy":"category","embeddable":true,"href":"https:\/\/migracao.redenoticia.com.br\/noticia\/wp-json\/wp\/v2\/categories?post=3833"},{"taxonomy":"post_tag","embeddable":true,"href":"https:\/\/migracao.redenoticia.com.br\/noticia\/wp-json\/wp\/v2\/tags?post=3833"}],"curies":[{"name":"wp","href":"https:\/\/api.w.org\/{rel}","templated":true}]}}