{"id":38334,"date":"2012-03-01T12:19:27","date_gmt":"2012-03-01T15:19:27","guid":{"rendered":"http:\/\/www.redenoticia.com.br\/noticia\/?p=38334"},"modified":"2012-03-01T12:19:27","modified_gmt":"2012-03-01T15:19:27","slug":"brasil-e-india-vao-desenvolver-projetos-do-ciencia-sem-fronteiras","status":"publish","type":"post","link":"https:\/\/migracao.redenoticia.com.br\/noticia\/2012\/brasil-e-india-vao-desenvolver-projetos-do-ciencia-sem-fronteiras\/38334","title":{"rendered":"Brasil e \u00cdndia v\u00e3o desenvolver projetos do Ci\u00eancia sem Fronteiras"},"content":{"rendered":"<p><em><strong><img loading=\"lazy\" decoding=\"async\" class=\"alignleft size-full wp-image-36246\" title=\"professor a\" src=\"https:\/\/migracao.redenoticia.com.br\/noticia\/imagens\/professor-a.jpg\" alt=\"\" width=\"300\" height=\"193\" srcset=\"https:\/\/migracao.redenoticia.com.br\/noticia\/imagens\/professor-a.jpg 300w, https:\/\/migracao.redenoticia.com.br\/noticia\/imagens\/professor-a-250x161.jpg 250w, https:\/\/migracao.redenoticia.com.br\/noticia\/imagens\/professor-a-150x97.jpg 150w\" sizes=\"auto, (max-width: 300px) 100vw, 300px\" \/>Brasil e \u00cdndia<\/strong><\/em> v\u00e3o desenvolver projetos previstos no programa <em><strong>Ci\u00eancia sem Fronteiras<\/strong><\/em>. Esta semana, representantes da Coordena\u00e7\u00e3o de Aperfei\u00e7oamento de Pessoal de N\u00edvel Superior (Capes) do Minist\u00e9rio da Educa\u00e7\u00e3o e do Educational Consultants India Limited (EdCIL) da \u00cdndia assinaram carta de inten\u00e7\u00f5es para levar estudantes brasileiros a universidades e demais institui\u00e7\u00f5es de ensino daquele pa\u00eds do centro-sul asi\u00e1tico.<\/p>\n<p>O documento, elaborado com base em reuni\u00e3o realizada na sede da Capes, em Bras\u00edlia, tamb\u00e9m esta semana, foi assinado pelo coordenador do grupo de trabalho do Ci\u00eancia sem Fronteiras na Capes, Geraldo Nunes, e pela presidente e diretora do EdCIL, Anju Banerjee. Nunes ressaltou a import\u00e2ncia do acordo. \u201cN\u00e3o seria poss\u00edvel enviar milhares de alunos ao exterior sem essa coopera\u00e7\u00e3o\u201d, disse.<\/p>\n<p>Interc\u00e2mbio \u2013 O <a href=\"http:\/\/www.cienciasemfronteiras.gov.br\/web\/csf\/o-programa\" target=\"_blank\">Ci\u00eancia sem Fronteiras<\/a>, lan\u00e7ado em julho do ano passado, \u00e9 um programa do governo federal destinado a consolidar, expandir e promover a internacionaliza\u00e7\u00e3o da ci\u00eancia e da tecnologia, da inova\u00e7\u00e3o e da competitividade brasileiras por meio do interc\u00e2mbio de alunos de gradua\u00e7\u00e3o e p\u00f3s-gradua\u00e7\u00e3o e da mobilidade internacional. Est\u00e1 prevista a concess\u00e3o de at\u00e9 75 mil bolsas at\u00e9 2014.<\/p>\n<p>Assessoria de Imprensa da Capes<\/p>\n","protected":false},"excerpt":{"rendered":"<p>Brasil e \u00cdndia v\u00e3o desenvolver projetos previstos no programa Ci\u00eancia sem Fronteiras. Esta semana, representantes da Coordena\u00e7\u00e3o de Aperfei\u00e7oamento de Pessoal de N\u00edvel Superior (Capes) do Minist\u00e9rio da Educa\u00e7\u00e3o e do Educational Consultants India Limited (EdCIL) da \u00cdndia assinaram carta de inten\u00e7\u00f5es para levar estudantes brasileiros a universidades e demais institui\u00e7\u00f5es de ensino daquele pa\u00eds [&hellip;]<\/p>\n","protected":false},"author":3,"featured_media":36246,"comment_status":"open","ping_status":"closed","sticky":false,"template":"","format":"standard","meta":{"tdm_status":"","tdm_grid_status":"","footnotes":""},"categories":[22],"tags":[],"class_list":{"0":"post-38334","1":"post","2":"type-post","3":"status-publish","4":"format-standard","5":"has-post-thumbnail","7":"category-brasil"},"_links":{"self":[{"href":"https:\/\/migracao.redenoticia.com.br\/noticia\/wp-json\/wp\/v2\/posts\/38334","targetHints":{"allow":["GET"]}}],"collection":[{"href":"https:\/\/migracao.redenoticia.com.br\/noticia\/wp-json\/wp\/v2\/posts"}],"about":[{"href":"https:\/\/migracao.redenoticia.com.br\/noticia\/wp-json\/wp\/v2\/types\/post"}],"author":[{"embeddable":true,"href":"https:\/\/migracao.redenoticia.com.br\/noticia\/wp-json\/wp\/v2\/users\/3"}],"replies":[{"embeddable":true,"href":"https:\/\/migracao.redenoticia.com.br\/noticia\/wp-json\/wp\/v2\/comments?post=38334"}],"version-history":[{"count":0,"href":"https:\/\/migracao.redenoticia.com.br\/noticia\/wp-json\/wp\/v2\/posts\/38334\/revisions"}],"wp:featuredmedia":[{"embeddable":true,"href":"https:\/\/migracao.redenoticia.com.br\/noticia\/wp-json\/wp\/v2\/media\/36246"}],"wp:attachment":[{"href":"https:\/\/migracao.redenoticia.com.br\/noticia\/wp-json\/wp\/v2\/media?parent=38334"}],"wp:term":[{"taxonomy":"category","embeddable":true,"href":"https:\/\/migracao.redenoticia.com.br\/noticia\/wp-json\/wp\/v2\/categories?post=38334"},{"taxonomy":"post_tag","embeddable":true,"href":"https:\/\/migracao.redenoticia.com.br\/noticia\/wp-json\/wp\/v2\/tags?post=38334"}],"curies":[{"name":"wp","href":"https:\/\/api.w.org\/{rel}","templated":true}]}}