{"id":38351,"date":"2012-03-02T14:07:46","date_gmt":"2012-03-02T17:07:46","guid":{"rendered":"http:\/\/www.redenoticia.com.br\/noticia\/?p=38351"},"modified":"2012-03-02T14:07:46","modified_gmt":"2012-03-02T17:07:46","slug":"segunda-via-do-cpf-pode-ser-emitida-pela-internet","status":"publish","type":"post","link":"https:\/\/migracao.redenoticia.com.br\/noticia\/2012\/segunda-via-do-cpf-pode-ser-emitida-pela-internet\/38351","title":{"rendered":"Segunda via do CPF pode ser emitida pela internet"},"content":{"rendered":"<p><img loading=\"lazy\" decoding=\"async\" class=\"alignleft size-full wp-image-37419\" title=\"computador tecnologia\" src=\"https:\/\/migracao.redenoticia.com.br\/noticia\/imagens\/computador-tecnologia.jpg\" alt=\"\" width=\"300\" height=\"193\" srcset=\"https:\/\/migracao.redenoticia.com.br\/noticia\/imagens\/computador-tecnologia.jpg 300w, https:\/\/migracao.redenoticia.com.br\/noticia\/imagens\/computador-tecnologia-250x161.jpg 250w, https:\/\/migracao.redenoticia.com.br\/noticia\/imagens\/computador-tecnologia-150x97.jpg 150w\" sizes=\"auto, (max-width: 300px) 100vw, 300px\" \/>Bras\u00edlia \u2013 A <em><strong>segunda via do CPF<\/strong><\/em> foi liberada no site da Receita Federal para qualquer cidad\u00e3o que necessite comprovar que est\u00e1 inscrito no Cadastro de Pessoas F\u00edsicas. Antes, a emiss\u00e3o do comprovante de inscri\u00e7\u00e3o no site da Receita Federal s\u00f3 era permitida para quem era cadastrado no Centro Atendimento ao Contribuinte (e-CAC), mediante o uso de certificado digital ou c\u00f3digo de acesso obtido com o n\u00famero do recibo das duas \u00faltimas declara\u00e7\u00f5es do Imposto de Renda.<\/p>\n<p>Segundo a Receita, tais exig\u00eancias tornavam inacess\u00edvel a obten\u00e7\u00e3o do documento para cerca de 140 milh\u00f5es de brasileiros que estavam obrigados a declarar e n\u00e3o tinham o certificado digital.<\/p>\n<p>A Receita Federal deixou de emitir o CPF em pl\u00e1stico em junho do ano passado. O comprovante de inscri\u00e7\u00e3o no cadastro passou a ser gerado no ato do atendimento, realizado pelo Banco do Brasil, pelos Correios e pelas Caixa Econ\u00f4mica Federal, ou quando impresso a partir da p\u00e1gina da Receita Federal na internet.<\/p>\n<p>De acordo com a Receita, a comprova\u00e7\u00e3o de inscri\u00e7\u00e3o do contribuinte pode ser feita ainda com documentos dis quais conste o n\u00famero do CPF, como as carteiras de identidade, de habilita\u00e7\u00e3o e de Trabalho e Previd\u00eancia Social e carteira de identidade profissional, entre outros.<\/p>\n<p>Tamb\u00e9m podem ser usados outros modelos de cart\u00e3o CPF emitidos anteriormente.<\/p>\n<p>Daniel Lima<br \/>\nRep\u00f3rter da Ag\u00eancia Brasil<br \/>\nEdi\u00e7\u00e3o: N\u00e1dia Franco<\/p>\n","protected":false},"excerpt":{"rendered":"<p>Bras\u00edlia \u2013 A segunda via do CPF foi liberada no site da Receita Federal para qualquer cidad\u00e3o que necessite comprovar que est\u00e1 inscrito no Cadastro de Pessoas F\u00edsicas. Antes, a emiss\u00e3o do comprovante de inscri\u00e7\u00e3o no site da Receita Federal s\u00f3 era permitida para quem era cadastrado no Centro Atendimento ao Contribuinte (e-CAC), mediante o [&hellip;]<\/p>\n","protected":false},"author":3,"featured_media":37419,"comment_status":"open","ping_status":"closed","sticky":false,"template":"","format":"standard","meta":{"tdm_status":"","tdm_grid_status":"","footnotes":""},"categories":[22],"tags":[],"class_list":{"0":"post-38351","1":"post","2":"type-post","3":"status-publish","4":"format-standard","5":"has-post-thumbnail","7":"category-brasil"},"_links":{"self":[{"href":"https:\/\/migracao.redenoticia.com.br\/noticia\/wp-json\/wp\/v2\/posts\/38351","targetHints":{"allow":["GET"]}}],"collection":[{"href":"https:\/\/migracao.redenoticia.com.br\/noticia\/wp-json\/wp\/v2\/posts"}],"about":[{"href":"https:\/\/migracao.redenoticia.com.br\/noticia\/wp-json\/wp\/v2\/types\/post"}],"author":[{"embeddable":true,"href":"https:\/\/migracao.redenoticia.com.br\/noticia\/wp-json\/wp\/v2\/users\/3"}],"replies":[{"embeddable":true,"href":"https:\/\/migracao.redenoticia.com.br\/noticia\/wp-json\/wp\/v2\/comments?post=38351"}],"version-history":[{"count":0,"href":"https:\/\/migracao.redenoticia.com.br\/noticia\/wp-json\/wp\/v2\/posts\/38351\/revisions"}],"wp:featuredmedia":[{"embeddable":true,"href":"https:\/\/migracao.redenoticia.com.br\/noticia\/wp-json\/wp\/v2\/media\/37419"}],"wp:attachment":[{"href":"https:\/\/migracao.redenoticia.com.br\/noticia\/wp-json\/wp\/v2\/media?parent=38351"}],"wp:term":[{"taxonomy":"category","embeddable":true,"href":"https:\/\/migracao.redenoticia.com.br\/noticia\/wp-json\/wp\/v2\/categories?post=38351"},{"taxonomy":"post_tag","embeddable":true,"href":"https:\/\/migracao.redenoticia.com.br\/noticia\/wp-json\/wp\/v2\/tags?post=38351"}],"curies":[{"name":"wp","href":"https:\/\/api.w.org\/{rel}","templated":true}]}}