{"id":38366,"date":"2012-03-05T15:01:07","date_gmt":"2012-03-05T18:01:07","guid":{"rendered":"http:\/\/www.redenoticia.com.br\/noticia\/?p=38366"},"modified":"2012-03-05T15:01:07","modified_gmt":"2012-03-05T18:01:07","slug":"curso-de-ingles-a-distancia-para-50-mil-alunos-de-sp","status":"publish","type":"post","link":"https:\/\/migracao.redenoticia.com.br\/noticia\/2012\/curso-de-ingles-a-distancia-para-50-mil-alunos-de-sp\/38366","title":{"rendered":"Curso de ingl\u00eas a dist\u00e2ncia para 50 mil alunos de SP"},"content":{"rendered":"<p><img loading=\"lazy\" decoding=\"async\" class=\"alignleft size-full wp-image-37419\" title=\"computador tecnologia\" src=\"https:\/\/migracao.redenoticia.com.br\/noticia\/imagens\/computador-tecnologia.jpg\" alt=\"\" width=\"300\" height=\"193\" srcset=\"https:\/\/migracao.redenoticia.com.br\/noticia\/imagens\/computador-tecnologia.jpg 300w, https:\/\/migracao.redenoticia.com.br\/noticia\/imagens\/computador-tecnologia-250x161.jpg 250w, https:\/\/migracao.redenoticia.com.br\/noticia\/imagens\/computador-tecnologia-150x97.jpg 150w\" sizes=\"auto, (max-width: 300px) 100vw, 300px\" \/>Um evento online marca a abertura do <em><strong>curso de ingl\u00eas a dist\u00e2ncia<\/strong><\/em> que a Secretaria da Educa\u00e7\u00e3o SP oferece para 50 mil alunos da rede estadual este ano. O secret\u00e1rio da Pasta, Herman Voorwald, participou ao vivo da apresenta\u00e7\u00e3o exibida nesta segunda, 5, \u00e0s 14h30. O governador Geraldo Alckmin, em mensagem gravada em v\u00eddeo, tamb\u00e9m deu as boas-vindas aos estudantes.<\/p>\n<p>&#8220;Este \u00e9 o primeiro curso totalmente a dist\u00e2ncia da hist\u00f3ria do Estado de S\u00e3o Paulo para alunos da rede estadual de ensino. O trabalho \u00e9 feito especialmente para atingir nossos jovens&#8221;, afirma a coordenadora da Escola Virtual de Programas Educacionais do Estado de S\u00e3o Paulo (Evesp), Ana Carolina Lafemina.<\/p>\n<p>Oferecido gratuitamente para alunos do Ensino M\u00e9dio de escolas estaduais por meio da Evesp, o curso pode ser acessado em qualquer lugar, a partir de qualquer computador, pelo <a href=\"http:\/\/evesp.cursos.educacao.sp.gov.br\/\" target=\"_blank\">site da Evesp<\/a>. O conte\u00fado foi elaborado pela equipe de L\u00edngua Estrangeira Moderna da Secretaria da Educa\u00e7\u00e3o, em uma plataforma l\u00fadica e din\u00e2mica, incluindo at\u00e9 um game. A dura\u00e7\u00e3o \u00e9 de 80 horas, divididas em oito m\u00f3dulos com 10 horas cada um. Para gerenciar todas as atividades desenvolvidas pelos estudantes na plataforma a dist\u00e2ncia, 320 tutores foram treinados pela Funda\u00e7\u00e3o Padre Anchieta. Cada profissional ser\u00e1 respons\u00e1vel por duas turmas de 40 alunos, totalizando 80 estudantes.<\/p>\n<p>As aulas a dist\u00e2ncia oferecidas a 25 mil alunos neste semestre ocorrem at\u00e9 27 de junho. No segundo semestre, ser\u00e3o oferecidas mais 25 mil vagas. Al\u00e9m disso, tamb\u00e9m existe a inten\u00e7\u00e3o em ampliar a iniciativa para outras l\u00ednguas. O primeiro idioma que est\u00e1 sendo estudado pela Pasta \u00e9 o espanhol.<\/p>\n<p>Sobre a Evesp<\/p>\n<p>Criada em maio de 2011 pelo governador Geraldo Alckmin, a Evesp destina-se a oferecer programas educacionais regulares, especiais e de capacita\u00e7\u00e3o em situa\u00e7\u00f5es que requeiram atendimento a necessidades de grupos espec\u00edficos da popula\u00e7\u00e3o.<\/p>\n<p>A Secretaria de Estado da Educa\u00e7\u00e3o, por interm\u00e9dio do curso de ingl\u00eas online da Evesp, busca ampliar a oferta de vagas dos Centros de Estudo de L\u00ednguas (CELs), que atendem hoje cerca de 60 mil alunos da rede estadual por semestre em cursos de espanhol, italiano, franc\u00eas, alem\u00e3o, japon\u00eas e ingl\u00eas.<\/p>\n<p>O projeto busca, tamb\u00e9m, a moderniza\u00e7\u00e3o dos meios de ensino e de forma\u00e7\u00e3o continuada, criando bases para, futuramente, alcan\u00e7ar todos os alunos em todas as regi\u00f5es do Estado.<\/p>\n<p>O curso \u00e9 oferecido na modalidade de educa\u00e7\u00e3o a dist\u00e2ncia, uma alternativa vi\u00e1vel considerando-se o acesso cada vez mais amplo dos jovens aos recursos tecnol\u00f3gicos e midi\u00e1ticos, comunidades virtuais e ambiente digitais. A utiliza\u00e7\u00e3o de recursos pr\u00f3prios do processo de autoaprendizagem permite aos estudantes o emprego de ferramentas tecnol\u00f3gicas interativas, que se constituem em elemento motivador do aprendizado. Tais ferramentas s\u00e3o cada vez mais utilizadas no ensino formal e nos processos de treinamento e forma\u00e7\u00e3o profissional.<\/p>\n<p>Da Secretaria da Educa\u00e7\u00e3o<\/p>\n","protected":false},"excerpt":{"rendered":"<p>Um evento online marca a abertura do curso de ingl\u00eas a dist\u00e2ncia que a Secretaria da Educa\u00e7\u00e3o SP oferece para 50 mil alunos da rede estadual este ano. O secret\u00e1rio da Pasta, Herman Voorwald, participou ao vivo da apresenta\u00e7\u00e3o exibida nesta segunda, 5, \u00e0s 14h30. O governador Geraldo Alckmin, em mensagem gravada em v\u00eddeo, tamb\u00e9m [&hellip;]<\/p>\n","protected":false},"author":3,"featured_media":37419,"comment_status":"open","ping_status":"closed","sticky":false,"template":"","format":"standard","meta":{"tdm_status":"","tdm_grid_status":"","footnotes":""},"categories":[22],"tags":[],"class_list":{"0":"post-38366","1":"post","2":"type-post","3":"status-publish","4":"format-standard","5":"has-post-thumbnail","7":"category-brasil"},"_links":{"self":[{"href":"https:\/\/migracao.redenoticia.com.br\/noticia\/wp-json\/wp\/v2\/posts\/38366","targetHints":{"allow":["GET"]}}],"collection":[{"href":"https:\/\/migracao.redenoticia.com.br\/noticia\/wp-json\/wp\/v2\/posts"}],"about":[{"href":"https:\/\/migracao.redenoticia.com.br\/noticia\/wp-json\/wp\/v2\/types\/post"}],"author":[{"embeddable":true,"href":"https:\/\/migracao.redenoticia.com.br\/noticia\/wp-json\/wp\/v2\/users\/3"}],"replies":[{"embeddable":true,"href":"https:\/\/migracao.redenoticia.com.br\/noticia\/wp-json\/wp\/v2\/comments?post=38366"}],"version-history":[{"count":0,"href":"https:\/\/migracao.redenoticia.com.br\/noticia\/wp-json\/wp\/v2\/posts\/38366\/revisions"}],"wp:featuredmedia":[{"embeddable":true,"href":"https:\/\/migracao.redenoticia.com.br\/noticia\/wp-json\/wp\/v2\/media\/37419"}],"wp:attachment":[{"href":"https:\/\/migracao.redenoticia.com.br\/noticia\/wp-json\/wp\/v2\/media?parent=38366"}],"wp:term":[{"taxonomy":"category","embeddable":true,"href":"https:\/\/migracao.redenoticia.com.br\/noticia\/wp-json\/wp\/v2\/categories?post=38366"},{"taxonomy":"post_tag","embeddable":true,"href":"https:\/\/migracao.redenoticia.com.br\/noticia\/wp-json\/wp\/v2\/tags?post=38366"}],"curies":[{"name":"wp","href":"https:\/\/api.w.org\/{rel}","templated":true}]}}