{"id":38368,"date":"2012-03-05T15:09:01","date_gmt":"2012-03-05T18:09:01","guid":{"rendered":"http:\/\/www.redenoticia.com.br\/noticia\/?p=38368"},"modified":"2012-03-05T15:09:01","modified_gmt":"2012-03-05T18:09:01","slug":"preparativos-para-a-realizacao-da-copa-do-mundo-de-2014","status":"publish","type":"post","link":"https:\/\/migracao.redenoticia.com.br\/noticia\/2012\/preparativos-para-a-realizacao-da-copa-do-mundo-de-2014\/38368","title":{"rendered":"Preparativos para a realiza\u00e7\u00e3o da Copa do Mundo de 2014"},"content":{"rendered":"<p><img loading=\"lazy\" decoding=\"async\" class=\"alignleft size-full wp-image-30249\" title=\"copa do mundo 2014\" src=\"https:\/\/migracao.redenoticia.com.br\/noticia\/imagens\/copa-do-mundo-2014.jpg\" alt=\"\" width=\"300\" height=\"193\" srcset=\"https:\/\/migracao.redenoticia.com.br\/noticia\/imagens\/copa-do-mundo-2014.jpg 300w, https:\/\/migracao.redenoticia.com.br\/noticia\/imagens\/copa-do-mundo-2014-250x161.jpg 250w, https:\/\/migracao.redenoticia.com.br\/noticia\/imagens\/copa-do-mundo-2014-150x97.jpg 150w\" sizes=\"auto, (max-width: 300px) 100vw, 300px\" \/>Bras\u00edlia \u2013 O presidente da Confedera\u00e7\u00e3o Brasileira de Futebol (CBF), Ricardo Teixeira, publicou, no portal da entidade na internet, comunicado sobre os preparativos para a realiza\u00e7\u00e3o da <em><strong>Copa do Mundo de 2014<\/strong><\/em> no Brasil \u2013 motivo de cr\u00edticas do secret\u00e1rio-geral da Federa\u00e7\u00e3o Internacional de Futebol (Fifa), J\u00e9r\u00f4me Valcke.<\/p>\n<p>Na \u00faltima sexta-feira (2), Valcke havia dito que o Brasil precisava levar \u201cum pontap\u00e9 no traseiro\u201d para acelerar as obras da Copa do Mundo e criticou tamb\u00e9m a Lei Geral da Copa, que tramita na C\u00e2mara dos Deputados. As declara\u00e7\u00f5es fizeram o ministro do Esporte, Aldo Rebelo, convocar uma entrevista coletiva ontem (3), na qual disse que n\u00e3o aceitar\u00e1 mais Valcke como interlocutor das conversas entre a Fifa e o Brasil.<\/p>\n<p>\u201cAlgumas quest\u00f5es na organiza\u00e7\u00e3o da Copa do Mundo podem parecer que avan\u00e7am lentamente. Mas, em todo processo democr\u00e1tico, as discuss\u00f5es devem ser amplas e sempre levar em conta os interesses do povo. O Brasil n\u00e3o tem um dono, \u00e9 uma democracia s\u00f3lida e reconhecida mundialmente. O pa\u00eds e seus tr\u00eas Poderes devem ser respeitados sempre\u201d, disse Teixeira no comunicado.<\/p>\n<p>O presidente da CBF reconheceu \u201cque as preocupa\u00e7\u00f5es da Fifa, em rela\u00e7\u00e3o aos preparativos de todas as Copas do Mundo, s\u00e3o naturais e leg\u00edtimas\u201d. Mas garante que \u201ca entidade pode ficar tranquila porque o Brasil e seu povo t\u00eam compet\u00eancia e seriedade para organizar uma Copa do Mundo impec\u00e1vel, inesquec\u00edvel\u201d.<\/p>\n<p>Ainda de acordo com Teixeira, a Copa de 2014 ocorrer\u00e1 no Brasil porque \u201cveio atrav\u00e9s de uma constru\u00e7\u00e3o pol\u00edtica que possibilitou o rod\u00edzio de continentes. Chegou \u00e0 Am\u00e9rica do Sul pela sua for\u00e7a de nove t\u00edtulos mundiais. Foi confiada ao pa\u00eds mais vitorioso da hist\u00f3ria das copas, o \u00fanico que disputou todas as edi\u00e7\u00f5es do torneio. Veio para uma das seis maiores economias do planeta, para o pa\u00eds que segue crescendo enquanto a maior parte do mundo atravessa uma grave crise\u201d.<\/p>\n<p>Teixeira refor\u00e7ou ainda que o Mundial ocorrer\u00e1 tamb\u00e9m por vontade do governo federal, do Comit\u00ea Organizador Local da Copa (COL), da CBF, \u201cmas, acima de tudo, por merecimento. O povo brasileiro que, ao contr\u00e1rio de vozes isoladas que preferem o canto da derrota, receber\u00e1 [a Copa do Mundo] com extremo orgulho, 64 anos depois, a maior festa do futebol mundial\u201d.<\/p>\n<p>Da Ag\u00eancia Brasil<\/p>\n<p>Edi\u00e7\u00e3o: Lana Cristina<\/p>\n","protected":false},"excerpt":{"rendered":"<p>Bras\u00edlia \u2013 O presidente da Confedera\u00e7\u00e3o Brasileira de Futebol (CBF), Ricardo Teixeira, publicou, no portal da entidade na internet, comunicado sobre os preparativos para a realiza\u00e7\u00e3o da Copa do Mundo de 2014 no Brasil \u2013 motivo de cr\u00edticas do secret\u00e1rio-geral da Federa\u00e7\u00e3o Internacional de Futebol (Fifa), J\u00e9r\u00f4me Valcke. Na \u00faltima sexta-feira (2), Valcke havia dito [&hellip;]<\/p>\n","protected":false},"author":3,"featured_media":30249,"comment_status":"open","ping_status":"closed","sticky":false,"template":"","format":"standard","meta":{"tdm_status":"","tdm_grid_status":"","footnotes":""},"categories":[22],"tags":[],"class_list":{"0":"post-38368","1":"post","2":"type-post","3":"status-publish","4":"format-standard","5":"has-post-thumbnail","7":"category-brasil"},"_links":{"self":[{"href":"https:\/\/migracao.redenoticia.com.br\/noticia\/wp-json\/wp\/v2\/posts\/38368","targetHints":{"allow":["GET"]}}],"collection":[{"href":"https:\/\/migracao.redenoticia.com.br\/noticia\/wp-json\/wp\/v2\/posts"}],"about":[{"href":"https:\/\/migracao.redenoticia.com.br\/noticia\/wp-json\/wp\/v2\/types\/post"}],"author":[{"embeddable":true,"href":"https:\/\/migracao.redenoticia.com.br\/noticia\/wp-json\/wp\/v2\/users\/3"}],"replies":[{"embeddable":true,"href":"https:\/\/migracao.redenoticia.com.br\/noticia\/wp-json\/wp\/v2\/comments?post=38368"}],"version-history":[{"count":0,"href":"https:\/\/migracao.redenoticia.com.br\/noticia\/wp-json\/wp\/v2\/posts\/38368\/revisions"}],"wp:featuredmedia":[{"embeddable":true,"href":"https:\/\/migracao.redenoticia.com.br\/noticia\/wp-json\/wp\/v2\/media\/30249"}],"wp:attachment":[{"href":"https:\/\/migracao.redenoticia.com.br\/noticia\/wp-json\/wp\/v2\/media?parent=38368"}],"wp:term":[{"taxonomy":"category","embeddable":true,"href":"https:\/\/migracao.redenoticia.com.br\/noticia\/wp-json\/wp\/v2\/categories?post=38368"},{"taxonomy":"post_tag","embeddable":true,"href":"https:\/\/migracao.redenoticia.com.br\/noticia\/wp-json\/wp\/v2\/tags?post=38368"}],"curies":[{"name":"wp","href":"https:\/\/api.w.org\/{rel}","templated":true}]}}