{"id":38377,"date":"2012-03-06T09:49:51","date_gmt":"2012-03-06T12:49:51","guid":{"rendered":"http:\/\/www.redenoticia.com.br\/noticia\/?p=38377"},"modified":"2012-03-06T09:49:51","modified_gmt":"2012-03-06T12:49:51","slug":"novo-programa-pretende-inserir-estudantes-no-meio-cientifico","status":"publish","type":"post","link":"https:\/\/migracao.redenoticia.com.br\/noticia\/2012\/novo-programa-pretende-inserir-estudantes-no-meio-cientifico\/38377","title":{"rendered":"Novo programa pretende inserir estudantes no meio cient\u00edfico"},"content":{"rendered":"<p><img loading=\"lazy\" decoding=\"async\" class=\"alignleft size-full wp-image-36241\" title=\"professor b\" src=\"https:\/\/migracao.redenoticia.com.br\/noticia\/imagens\/professor-b.jpg\" alt=\"\" width=\"300\" height=\"193\" srcset=\"https:\/\/migracao.redenoticia.com.br\/noticia\/imagens\/professor-b.jpg 300w, https:\/\/migracao.redenoticia.com.br\/noticia\/imagens\/professor-b-250x161.jpg 250w, https:\/\/migracao.redenoticia.com.br\/noticia\/imagens\/professor-b-150x97.jpg 150w\" sizes=\"auto, (max-width: 300px) 100vw, 300px\" \/>Em reuni\u00e3o com os representantes das universidades e institutos federais de educa\u00e7\u00e3o, nesta segunda-feira, 5, o presidente da Coordena\u00e7\u00e3o de Aperfei\u00e7oamento de Pessoal de N\u00edvel Superior (Capes), Jorge Almeida Guimar\u00e3es, apresentou o novo programa <em><strong>Jovens Talentos para a Ci\u00eancia<\/strong><\/em>, de incentivo \u00e0 inicia\u00e7\u00e3o cient\u00edfica. A iniciativa \u00e9 destinada a estudantes de gradua\u00e7\u00e3o de todas as \u00e1reas do conhecimento e tem o objetivo de inserir precocemente os estudantes no meio cient\u00edfico.<\/p>\n<p>Segundo Jorge Guimar\u00e3es, o programa foi desenhado ap\u00f3s a experi\u00eancia de sucesso com os estudantes do Ci\u00eancia sem Fronteiras (CsF). \u201cDepois das visitas que fizemos a institui\u00e7\u00f5es de ensino estrangeiras, percebemos o potencial que nossos estudantes t\u00eam, o que nos levou a buscar novos mecanismos para explorar esses jovens talentos e adiantar esse contato com a ci\u00eancia\u201d, explicou Guimar\u00e3es.<\/p>\n<p>Para o presidente do Conselho Nacional de Desenvolvimento Cient\u00edfico e Tecnol\u00f3gico (CNPq), Glaucius Oliva, o programa suprir\u00e1 uma necessidade brasileira. \u201cOlhando para o cen\u00e1rio da educa\u00e7\u00e3o, temos uma lacuna no que diz respeito aos talentos que entram no ensino superior. A inten\u00e7\u00e3o \u00e9 fazer um programa precoce, que motive o estudante a investir em seu aprendizado e a desenvolver um padr\u00e3o de excel\u00eancia desde o in\u00edcio de sua gradua\u00e7\u00e3o\u201d, disse Glaucius. \u201cO programa \u00e9 uma porta aberta para o Ci\u00eancia sem Fronteiras, e vem mostrar ao estudante que vale a pena estudar e se engajar\u201d, completou.<\/p>\n<p>Sele\u00e7\u00e3o \u2013 As primeiras bolsas do Programa Jovens Talentos ser\u00e3o implementadas j\u00e1 no m\u00eas de agosto deste ano. Para isso, os estudantes rec\u00e9m-ingressos em universidades federais e institutos federais de educa\u00e7\u00e3o dever\u00e3o se inscrever, por meio de formul\u00e1rio eletr\u00f4nico, a serem oferecidos pelas institui\u00e7\u00f5es no per\u00edodo de 13 a 23 de mar\u00e7o.<\/p>\n<p>Os alunos ser\u00e3o selecionados por universidade, mediante prova de conhecimentos gerais, aplicada no dia 29 de abril de 2012. A nota do teste poder\u00e1 ser utilizada ainda para futuras classifica\u00e7\u00f5es no CsF. Os aprovados receber\u00e3o bolsas no valor de R$ 360 pelo per\u00edodo de 12 meses.<\/p>\n<p>Participa\u00e7\u00e3o \u2013 Os estudantes bolsistas dever\u00e3o ter um desempenho exemplar e destacado, al\u00e9m da participa\u00e7\u00e3o em ciclos de palestras, projetos de inicia\u00e7\u00e3o cient\u00edfica, contato com laborat\u00f3rios, semin\u00e1rios etc. \u201cNossa prioridade \u00e9 o desempenho acad\u00eamico no curso\u201d, explicou Glaucius.<\/p>\n<p>Nesta primeira sele\u00e7\u00e3o, ser\u00e3o alocadas 6.000 bolsas, distribu\u00eddas proporcionalmente ao n\u00famero de estudantes inscritos em cada institui\u00e7\u00e3o, o que totalizar\u00e1 um investimento de cerca de R$ 30 milh\u00f5es.<\/p>\n<p>Gisele Novais<\/p>\n","protected":false},"excerpt":{"rendered":"<p>Em reuni\u00e3o com os representantes das universidades e institutos federais de educa\u00e7\u00e3o, nesta segunda-feira, 5, o presidente da Coordena\u00e7\u00e3o de Aperfei\u00e7oamento de Pessoal de N\u00edvel Superior (Capes), Jorge Almeida Guimar\u00e3es, apresentou o novo programa Jovens Talentos para a Ci\u00eancia, de incentivo \u00e0 inicia\u00e7\u00e3o cient\u00edfica. A iniciativa \u00e9 destinada a estudantes de gradua\u00e7\u00e3o de todas as [&hellip;]<\/p>\n","protected":false},"author":3,"featured_media":36241,"comment_status":"open","ping_status":"closed","sticky":false,"template":"","format":"standard","meta":{"tdm_status":"","tdm_grid_status":"","footnotes":""},"categories":[22],"tags":[],"class_list":{"0":"post-38377","1":"post","2":"type-post","3":"status-publish","4":"format-standard","5":"has-post-thumbnail","7":"category-brasil"},"_links":{"self":[{"href":"https:\/\/migracao.redenoticia.com.br\/noticia\/wp-json\/wp\/v2\/posts\/38377","targetHints":{"allow":["GET"]}}],"collection":[{"href":"https:\/\/migracao.redenoticia.com.br\/noticia\/wp-json\/wp\/v2\/posts"}],"about":[{"href":"https:\/\/migracao.redenoticia.com.br\/noticia\/wp-json\/wp\/v2\/types\/post"}],"author":[{"embeddable":true,"href":"https:\/\/migracao.redenoticia.com.br\/noticia\/wp-json\/wp\/v2\/users\/3"}],"replies":[{"embeddable":true,"href":"https:\/\/migracao.redenoticia.com.br\/noticia\/wp-json\/wp\/v2\/comments?post=38377"}],"version-history":[{"count":0,"href":"https:\/\/migracao.redenoticia.com.br\/noticia\/wp-json\/wp\/v2\/posts\/38377\/revisions"}],"wp:featuredmedia":[{"embeddable":true,"href":"https:\/\/migracao.redenoticia.com.br\/noticia\/wp-json\/wp\/v2\/media\/36241"}],"wp:attachment":[{"href":"https:\/\/migracao.redenoticia.com.br\/noticia\/wp-json\/wp\/v2\/media?parent=38377"}],"wp:term":[{"taxonomy":"category","embeddable":true,"href":"https:\/\/migracao.redenoticia.com.br\/noticia\/wp-json\/wp\/v2\/categories?post=38377"},{"taxonomy":"post_tag","embeddable":true,"href":"https:\/\/migracao.redenoticia.com.br\/noticia\/wp-json\/wp\/v2\/tags?post=38377"}],"curies":[{"name":"wp","href":"https:\/\/api.w.org\/{rel}","templated":true}]}}