{"id":38378,"date":"2012-03-06T09:53:33","date_gmt":"2012-03-06T12:53:33","guid":{"rendered":"http:\/\/www.redenoticia.com.br\/noticia\/?p=38378"},"modified":"2012-03-06T09:53:33","modified_gmt":"2012-03-06T12:53:33","slug":"curso-usp-de-ingles-para-a-3a-idade","status":"publish","type":"post","link":"https:\/\/migracao.redenoticia.com.br\/noticia\/2012\/curso-usp-de-ingles-para-a-3a-idade\/38378","title":{"rendered":"Curso USP de ingl\u00eas para a 3\u00aa Idade"},"content":{"rendered":"<p><img loading=\"lazy\" decoding=\"async\" class=\"alignleft size-full wp-image-36246\" title=\"professor a\" src=\"https:\/\/migracao.redenoticia.com.br\/noticia\/imagens\/professor-a.jpg\" alt=\"\" width=\"300\" height=\"193\" srcset=\"https:\/\/migracao.redenoticia.com.br\/noticia\/imagens\/professor-a.jpg 300w, https:\/\/migracao.redenoticia.com.br\/noticia\/imagens\/professor-a-250x161.jpg 250w, https:\/\/migracao.redenoticia.com.br\/noticia\/imagens\/professor-a-150x97.jpg 150w\" sizes=\"auto, (max-width: 300px) 100vw, 300px\" \/>O Centro Cultural da USP de S\u00e3o Carlos est\u00e1 com inscri\u00e7\u00f5es abertas para duas atividades gratuitas do projeto Universidade Aberta \u00e0 Terceira Idade. H\u00e1 vagas para o curso de <em><strong>inicia\u00e7\u00e3o \u00e0 l\u00edngua inglesa<\/strong><\/em> e para o de imagens e comunica\u00e7\u00e3o na <em><strong>terceira idade<\/strong><\/em>. A idade m\u00ednima para participar \u00e9 de 60 anos.<\/p>\n<p>Imagens e comunica\u00e7\u00e3o na terceira idade<\/p>\n<p>O objetivo \u00e9 dar aos participantes a oportunidade de perceber a comunica\u00e7\u00e3o visual inserida nos dias atuais. No final, o grupo far\u00e1 uma exposi\u00e7\u00e3o com o material produzido.<\/p>\n<p>Per\u00edodo: 13 de mar\u00e7o a 15 de maio, ter\u00e7as-feiras, das 9h30 \u00e0s 11h30<br \/>\nVagas: 20<\/p>\n<p>Curso de ingl\u00eas b\u00e1sico para a terceira idade<\/p>\n<p>Al\u00e9m de proporcionar o conhecimento de um novo idioma, o curso \u00e9 uma oportunidade de os alunos interagirem com pessoas da mesma faixa et\u00e1ria. A atividade \u00e9 gratuita e ter\u00e1 dois anos de dura\u00e7\u00e3o. As aulas ser\u00e3o \u00e0s ter\u00e7as e quintas-feiras, das 8h30 \u00e0s 9h30.<\/p>\n<p>In\u00edcio das aulas: 6 de mar\u00e7o<br \/>\nVagas: 25<\/p>\n<p>Servi\u00e7o<br \/>\nCentro Cultural<br \/>\nRua Dr. Carlos Botelho, 1.465, c\u00e2mpus da USP &#8211; S\u00e3o Carlos<br \/>\nInscri\u00e7\u00f5es: gratuitas, at\u00e9 6 de mar\u00e7o, pessoalmente , das 8 \u00e0s 17h30<br \/>\nInforma\u00e7\u00f5es: (19) 3373-8027 e 3373-9106, ccsc.cultura@sc.usp.br<\/p>\n<p>Da Ag\u00eancia Imprensa Oficial<\/p>\n","protected":false},"excerpt":{"rendered":"<p>O Centro Cultural da USP de S\u00e3o Carlos est\u00e1 com inscri\u00e7\u00f5es abertas para duas atividades gratuitas do projeto Universidade Aberta \u00e0 Terceira Idade. H\u00e1 vagas para o curso de inicia\u00e7\u00e3o \u00e0 l\u00edngua inglesa e para o de imagens e comunica\u00e7\u00e3o na terceira idade. A idade m\u00ednima para participar \u00e9 de 60 anos. Imagens e comunica\u00e7\u00e3o [&hellip;]<\/p>\n","protected":false},"author":3,"featured_media":36246,"comment_status":"open","ping_status":"closed","sticky":false,"template":"","format":"standard","meta":{"tdm_status":"","tdm_grid_status":"","footnotes":""},"categories":[22],"tags":[],"class_list":{"0":"post-38378","1":"post","2":"type-post","3":"status-publish","4":"format-standard","5":"has-post-thumbnail","7":"category-brasil"},"_links":{"self":[{"href":"https:\/\/migracao.redenoticia.com.br\/noticia\/wp-json\/wp\/v2\/posts\/38378","targetHints":{"allow":["GET"]}}],"collection":[{"href":"https:\/\/migracao.redenoticia.com.br\/noticia\/wp-json\/wp\/v2\/posts"}],"about":[{"href":"https:\/\/migracao.redenoticia.com.br\/noticia\/wp-json\/wp\/v2\/types\/post"}],"author":[{"embeddable":true,"href":"https:\/\/migracao.redenoticia.com.br\/noticia\/wp-json\/wp\/v2\/users\/3"}],"replies":[{"embeddable":true,"href":"https:\/\/migracao.redenoticia.com.br\/noticia\/wp-json\/wp\/v2\/comments?post=38378"}],"version-history":[{"count":0,"href":"https:\/\/migracao.redenoticia.com.br\/noticia\/wp-json\/wp\/v2\/posts\/38378\/revisions"}],"wp:featuredmedia":[{"embeddable":true,"href":"https:\/\/migracao.redenoticia.com.br\/noticia\/wp-json\/wp\/v2\/media\/36246"}],"wp:attachment":[{"href":"https:\/\/migracao.redenoticia.com.br\/noticia\/wp-json\/wp\/v2\/media?parent=38378"}],"wp:term":[{"taxonomy":"category","embeddable":true,"href":"https:\/\/migracao.redenoticia.com.br\/noticia\/wp-json\/wp\/v2\/categories?post=38378"},{"taxonomy":"post_tag","embeddable":true,"href":"https:\/\/migracao.redenoticia.com.br\/noticia\/wp-json\/wp\/v2\/tags?post=38378"}],"curies":[{"name":"wp","href":"https:\/\/api.w.org\/{rel}","templated":true}]}}