{"id":38379,"date":"2012-03-06T09:56:47","date_gmt":"2012-03-06T12:56:47","guid":{"rendered":"http:\/\/www.redenoticia.com.br\/noticia\/?p=38379"},"modified":"2012-03-06T09:56:47","modified_gmt":"2012-03-06T12:56:47","slug":"livro-descreve-fauna-e-flora-em-area-prioritaria-para-conservacao","status":"publish","type":"post","link":"https:\/\/migracao.redenoticia.com.br\/noticia\/2012\/livro-descreve-fauna-e-flora-em-area-prioritaria-para-conservacao\/38379","title":{"rendered":"Livro descreve fauna e flora em \u00e1rea priorit\u00e1ria para conserva\u00e7\u00e3o"},"content":{"rendered":"<p><img loading=\"lazy\" decoding=\"async\" class=\"alignleft size-full wp-image-34905\" title=\"codigo florestal\" src=\"https:\/\/migracao.redenoticia.com.br\/noticia\/imagens\/codigo-florestal.jpg\" alt=\"\" width=\"300\" height=\"193\" srcset=\"https:\/\/migracao.redenoticia.com.br\/noticia\/imagens\/codigo-florestal.jpg 300w, https:\/\/migracao.redenoticia.com.br\/noticia\/imagens\/codigo-florestal-250x160.jpg 250w, https:\/\/migracao.redenoticia.com.br\/noticia\/imagens\/codigo-florestal-150x96.jpg 150w\" sizes=\"auto, (max-width: 300px) 100vw, 300px\" \/>Envolvendo mais de uma centena de pesquisadores, um Projeto Tem\u00e1tico realizado no \u00e2mbito do Programa BIOTA-FAPESP produziu, ao longo de cinco anos, um<em><strong> invent\u00e1rio<\/strong><\/em> das esp\u00e9cies da <em><strong>fauna<\/strong><\/em> e da <em><strong>flora<\/strong><\/em> em fragmentos de florestas do noroeste do Estado de S\u00e3o Paulo.<\/p>\n<p>O estudo, que preencheu uma das principais lacunas no conhecimento sobre a biodiversidade no Estado de S\u00e3o Paulo, teve seus resultados sintetizados no livro Fauna e flora de fragmentos florestais remanescentes da regi\u00e3o noroeste do Estado de S\u00e3o Paulo.<\/p>\n<p>O livro, que teve apoio da FAPESP na modalidade Aux\u00edlio a Publica\u00e7\u00f5es, ser\u00e1 lan\u00e7ado nesta ter\u00e7a-feira (06\/03) durante o <a href=\"http:\/\/www.fapesp.br\/rio20\" target=\"_blank\">BIOTA-BIOEN-Climate Change Joint Workshop: Science and Policy for a Greener Economy in the Context of RIO+20<\/a>, na sede da FAPESP, em S\u00e3o Paulo.<\/p>\n<p>A organiza\u00e7\u00e3o do livro e a coordena\u00e7\u00e3o do Tem\u00e1tico <a href=\"http:\/\/www.bv.fapesp.br\/pt\/projetos-tematicos\/1020\/fauna-flora-fragmentos-florestais-remanescentes\" target=\"_blank\">\u201cFauna e flora de fragmentos florestais remanescentes no noroeste paulista: base para estudos de conserva\u00e7\u00e3o da biodiversidade\u201d<\/a> foram feitas pelo professor Orlando Necchi, do Instituto de Bioci\u00eancias, Letras e Ci\u00eancias Exatas de S\u00e3o Jos\u00e9 do Rio Preto, da Universidade Estadual Paulista (Unesp).<\/p>\n<p>De acordo com Necchi, a regi\u00e3o do noroeste paulista havia sido identificada, em estudos anteriores do BIOTA-FAPESP, como uma das \u00e1reas priorit\u00e1rias para conserva\u00e7\u00e3o da biodiversidade.<\/p>\n<p>\u201cA regi\u00e3o foi diagnosticada pelo BIOTA-FAPESP como uma das mais carentes de estudos no territ\u00f3rio paulista e, ao mesmo tempo, como uma das \u00e1reas com florestas mais fragmentadas no Estado\u201d, disse Necchi \u00e0 Ag\u00eancia FAPESP.<\/p>\n<p>O projeto foi centralizado no Departamento de Bot\u00e2nica da Unesp de S\u00e3o Jos\u00e9 do Rio Preto, com participa\u00e7\u00e3o de pesquisadores, docentes, bolsistas de treinamento t\u00e9cnico e estudantes da inicia\u00e7\u00e3o cient\u00edfica ao p\u00f3s-doutorado. Houve participa\u00e7\u00e3o tamb\u00e9m de colaboradores de outros campi da Unesp e de outras universidades e institutos de pesquisa do Estado.<\/p>\n<p>\u201cO estudo foi feito em 18 fragmentos florestais do noroeste do Estado de S\u00e3o Paulo. Os resultados demonstraram a import\u00e2ncia desses fragmentos na conserva\u00e7\u00e3o da biodiversidade remanescente\u201d, contou Necchi.<\/p>\n<p>Segundo o pesquisador, o livro representa um dos raros exemplos envolvendo, em uma \u00fanica publica\u00e7\u00e3o, 14 grupos de organismos da fauna e da flora de fragmentos florestais remanescentes. \u201cNo livro, s\u00e3o apresentados os resultados dos levantamentos de cada um dos grupos, bem como an\u00e1lises ecol\u00f3gicas integradas sobre a diversidade nos fragmentos florestais e sua conserva\u00e7\u00e3o\u201d, afirmou.<\/p>\n<p>Nos 18 fragmentos estudados, foram encontradas 30 esp\u00e9cies de algas e cianobact\u00e9rias aerof\u00edticas, 16 esp\u00e9cies de macroalgas nos riachos desses fragmentos, 117 esp\u00e9cies de musgos, hep\u00e1ticas e afins, 39 esp\u00e9cies de samambaias, 91 esp\u00e9cies de fungos basidiomicetos, 468 esp\u00e9cies de faner\u00f3gamas, 169 esp\u00e9cies de invertebrados planct\u00f4nicos em lagoas associadas aos fragmentos, 71 t\u00e1xons de insetos aqu\u00e1ticos, 257 esp\u00e9cies de \u00e1caros, 2.135 morfoesp\u00e9cies de insetos Hymenoptera, 53 esp\u00e9cies de peixes, 36 esp\u00e9cies de anf\u00edbios anuros, 36 esp\u00e9cies de r\u00e9pteis Squamata e 328 esp\u00e9cies de aves.<\/p>\n<p>Al\u00e9m de inventariar as esp\u00e9cies dos fragmentos estudados, o projeto procurou tamb\u00e9m analisar poss\u00edveis efeitos da fragmenta\u00e7\u00e3o florestal sobre o padr\u00e3o de ocorr\u00eancia das esp\u00e9cies. Outro objetivo foi avaliar a import\u00e2ncia da preserva\u00e7\u00e3o dos fragmentos na manuten\u00e7\u00e3o da biodiversidade. Os 18 fragmentos florestais estudados se localizavam em propriedades particulares. Nenhum deles em \u00e1reas de conserva\u00e7\u00e3o.<\/p>\n<p>\u201cUm dos dados mais surpreendentes \u00e9 que cada um dos 18 fragmentos possui uma composi\u00e7\u00e3o pr\u00f3pria de esp\u00e9cies de animais e plantas. Ao contr\u00e1rio do que prev\u00edamos, n\u00e3o h\u00e1 um grande n\u00famero de esp\u00e9cies presente na totalidade dos fragmentos. Tamb\u00e9m n\u00e3o imagin\u00e1vamos que encontrar\u00edamos um n\u00famero t\u00e3o grande de esp\u00e9cies\u201d, disse Necchi.<\/p>\n<p>Dados dispon\u00edveis<\/p>\n<p>O livro Fauna e flora de fragmentos florestais remanescentes da regi\u00e3o noroeste do Estado de S\u00e3o Paulo \u00e9 organizado em 14 cap\u00edtulos correspondentes a cada grupo de organismos. Cada um deles foi produzido por pesquisadores que lideraram equipes do Projeto Tem\u00e1tico.<\/p>\n<p>\u201cH\u00e1 ainda um cap\u00edtulo inicial que descreve as caracter\u00edsticas da regi\u00e3o e dos fragmentos e dois cap\u00edtulos voltados especialmente para o aspecto ecol\u00f3gico da regi\u00e3o: um deles trata do padr\u00e3o de distribui\u00e7\u00e3o das esp\u00e9cies e o outro aborda o tema da ecologia de paisagens, determinando como os fragmentos se integram ao contexto natural da regi\u00e3o\u201d, explicou Necchi.<\/p>\n<p>De acordo com Necchi, os resultados do Tem\u00e1tico foram integrados \u00e0 base de dados SinBiota e estar\u00e3o dispon\u00edveis assim que a base terminar a migra\u00e7\u00e3o do Centro de Refer\u00eancia em Informa\u00e7\u00e3o Ambiental (Cria) para o Centro Nacional de Processamento de Alto Desempenho (Cenapad) da Universidade Estadual de Campinas (Unicamp).<\/p>\n<p>\u201cOs resultados que conseguimos se agregam aos dados do Programa BIOTA-FAPESP, preenchendo uma lacuna importante que o pr\u00f3prio programa estabeleceu como prioridade. O projeto contribuiu, assim, com o programa que tem entre seus principais objetivos o fornecimento de dados cient\u00edficos que possam ser utilizados em pol\u00edticas p\u00fablicas de conserva\u00e7\u00e3o da biodiversidade\u201d, afirmou.<\/p>\n<ul>\n<li>Fauna e flora de fragmentos florestais remanescentes da regi\u00e3o noroeste do Estado de S\u00e3o Paulo<br \/>\nOrganizador: Orlando Necchi<br \/>\nLan\u00e7amento: 2012<br \/>\nMais informa\u00e7\u00f5es: <a href=\"https:\/\/holoseditora.websiteseguro.com\/index.php\" target=\"_blank\">www.holoseditora.com.br<\/a><\/li>\n<\/ul>\n<p>Por F\u00e1bio de Castro<\/p>\n<p>Ag\u00eancia FAPESP<\/p>\n","protected":false},"excerpt":{"rendered":"<p>Envolvendo mais de uma centena de pesquisadores, um Projeto Tem\u00e1tico realizado no \u00e2mbito do Programa BIOTA-FAPESP produziu, ao longo de cinco anos, um invent\u00e1rio das esp\u00e9cies da fauna e da flora em fragmentos de florestas do noroeste do Estado de S\u00e3o Paulo. O estudo, que preencheu uma das principais lacunas no conhecimento sobre a biodiversidade [&hellip;]<\/p>\n","protected":false},"author":3,"featured_media":34905,"comment_status":"open","ping_status":"closed","sticky":false,"template":"","format":"standard","meta":{"tdm_status":"","tdm_grid_status":"","footnotes":""},"categories":[22],"tags":[],"class_list":{"0":"post-38379","1":"post","2":"type-post","3":"status-publish","4":"format-standard","5":"has-post-thumbnail","7":"category-brasil"},"_links":{"self":[{"href":"https:\/\/migracao.redenoticia.com.br\/noticia\/wp-json\/wp\/v2\/posts\/38379","targetHints":{"allow":["GET"]}}],"collection":[{"href":"https:\/\/migracao.redenoticia.com.br\/noticia\/wp-json\/wp\/v2\/posts"}],"about":[{"href":"https:\/\/migracao.redenoticia.com.br\/noticia\/wp-json\/wp\/v2\/types\/post"}],"author":[{"embeddable":true,"href":"https:\/\/migracao.redenoticia.com.br\/noticia\/wp-json\/wp\/v2\/users\/3"}],"replies":[{"embeddable":true,"href":"https:\/\/migracao.redenoticia.com.br\/noticia\/wp-json\/wp\/v2\/comments?post=38379"}],"version-history":[{"count":0,"href":"https:\/\/migracao.redenoticia.com.br\/noticia\/wp-json\/wp\/v2\/posts\/38379\/revisions"}],"wp:featuredmedia":[{"embeddable":true,"href":"https:\/\/migracao.redenoticia.com.br\/noticia\/wp-json\/wp\/v2\/media\/34905"}],"wp:attachment":[{"href":"https:\/\/migracao.redenoticia.com.br\/noticia\/wp-json\/wp\/v2\/media?parent=38379"}],"wp:term":[{"taxonomy":"category","embeddable":true,"href":"https:\/\/migracao.redenoticia.com.br\/noticia\/wp-json\/wp\/v2\/categories?post=38379"},{"taxonomy":"post_tag","embeddable":true,"href":"https:\/\/migracao.redenoticia.com.br\/noticia\/wp-json\/wp\/v2\/tags?post=38379"}],"curies":[{"name":"wp","href":"https:\/\/api.w.org\/{rel}","templated":true}]}}