{"id":38386,"date":"2012-03-07T10:49:03","date_gmt":"2012-03-07T13:49:03","guid":{"rendered":"http:\/\/www.redenoticia.com.br\/noticia\/?p=38386"},"modified":"2012-03-07T10:49:03","modified_gmt":"2012-03-07T13:49:03","slug":"caixa-emite-cpf-gratuito-na-semana-da-mulher","status":"publish","type":"post","link":"https:\/\/migracao.redenoticia.com.br\/noticia\/2012\/caixa-emite-cpf-gratuito-na-semana-da-mulher\/38386","title":{"rendered":"Caixa emite CPF gratuito na semana da mulher"},"content":{"rendered":"<p><img loading=\"lazy\" decoding=\"async\" class=\"alignleft size-full wp-image-34928\" title=\"caixa\" src=\"https:\/\/migracao.redenoticia.com.br\/noticia\/imagens\/caixa.jpg\" alt=\"\" width=\"300\" height=\"193\" srcset=\"https:\/\/migracao.redenoticia.com.br\/noticia\/imagens\/caixa.jpg 300w, https:\/\/migracao.redenoticia.com.br\/noticia\/imagens\/caixa-250x160.jpg 250w, https:\/\/migracao.redenoticia.com.br\/noticia\/imagens\/caixa-150x96.jpg 150w\" sizes=\"auto, (max-width: 300px) 100vw, 300px\" \/>J\u00e1 virou tradi\u00e7\u00e3o a participa\u00e7\u00e3o da <em><strong>Caixa<\/strong><\/em> Econ\u00f4mica Federal nas celebra\u00e7\u00f5es do Dia Internacional da Mulher. Para homenagear o p\u00fablico feminino, o banco oferece de quarta-feira (7) a sexta-feira (9), a inscri\u00e7\u00e3o, a regulariza\u00e7\u00e3o e a consulta gratuitas de CPF para as mulheres. A a\u00e7\u00e3o ser\u00e1 realizada em todas as ag\u00eancias do pa\u00eds, de acordo com hor\u00e1rio de atendimento banc\u00e1rio. Atualmente, a emiss\u00e3o do documento custa R$ 5,70 e pode ser feita nas ag\u00eancias da CAIXA, do Banco do Brasil e da Empresa Brasileira de Correios e Tel\u00e9grafos (ECT).<\/p>\n<p>As mulheres maiores de 18 anos devem levar um documento de identifica\u00e7\u00e3o, que contenha a filia\u00e7\u00e3o e data de nascimento, al\u00e9m do T\u00edtulo de Eleitor ou documento de justificativa eleitoral. Quem ainda n\u00e3o tiver 18 anos pode ser representada por um dos pais ou respons\u00e1vel. Nesse caso, o representante deve portar certid\u00e3o de nascimento ou documento que contenha filia\u00e7\u00e3o e data de nascimento da crian\u00e7a ou adolescente, al\u00e9m de documento de identifica\u00e7\u00e3o e CPF pr\u00f3prios e, se for o caso, documento que comprove a tutela, curatela, guarda ou procura\u00e7\u00e3o.<\/p>\n<p>As mulheres que tiverem entre 16 e 18 anos e possuem documento de identifica\u00e7\u00e3o que contenha filia\u00e7\u00e3o e data de nascimento podem solicitar a emiss\u00e3o ou regulariza\u00e7\u00e3o do CPF sem a presen\u00e7a de um respons\u00e1vel.<\/p>\n<p>Sem esse documento, as cidad\u00e3s n\u00e3o podem exercer alguns direitos, como abrir contas banc\u00e1rias e ser titular de programas sociais. Desde 2004, cerca de 1 milh\u00e3o de mulheres j\u00e1 emitiram o documento gratuitamente, beneficiadas pela a\u00e7\u00e3o da CAIXA.<\/p>\n<p>Tamb\u00e9m como forma de homenagem \u00e0s mulheres, os empregados e as empregadas da CAIXA ser\u00e3o convidados a refletir sobre o tema \u201cEquil\u00edbrio de G\u00eanero\u201d.<\/p>\n<p>Mulheres na CAIXA:<br \/>\nDados de janeiro de 2012 mostram que dos mais de 86 mil funcion\u00e1rios da CAIXA, aproximadamente 46% s\u00e3o mulheres. De acordo com a ONU Mulheres (entidade das Na\u00e7\u00f5es Unidas para a Igualdade de G\u00eanero e o Empoderamento das Mulheres), em 2010, a m\u00e9dia da ocupa\u00e7\u00e3o de cargos de gest\u00e3o por mulheres, na Am\u00e9rica Latina, era de 11%. Na CAIXA, esse n\u00famero chega a quase 40% dos mais de 18 mil empregados que ocupam cargos gerenciais.<\/p>\n<p>Programa CAIXA ODM:<br \/>\nA CAIXA tamb\u00e9m contribui para a equidade de g\u00eaneros no pa\u00eds, por meio do Programa CAIXA Objetivos e Desenvolvimento do Mil\u00eanio (ODM). O Programa \u00e9 uma estrat\u00e9gia de investimento social privado para promo\u00e7\u00e3o da cidadania, do desenvolvimento regional sustent\u00e1vel e de neg\u00f3cios inclusivos em comunidades de baixa renda.<\/p>\n<p>Entre 79 projetos sociais apoiados pela CAIXA, 25 t\u00eam foco no empoderamento da mulher, por meio do empreendedorismo nas comunidades em situa\u00e7\u00e3o de risco socioambiental, em todo o pa\u00eds. A realiza\u00e7\u00e3o desses projetos possibilita o aumento da popula\u00e7\u00e3o economicamente ativa (PEA), ampliando a inser\u00e7\u00e3o da mulher no mercado de trabalho, fortalecendo, assim, a economia do pa\u00eds.<\/p>\n","protected":false},"excerpt":{"rendered":"<p>J\u00e1 virou tradi\u00e7\u00e3o a participa\u00e7\u00e3o da Caixa Econ\u00f4mica Federal nas celebra\u00e7\u00f5es do Dia Internacional da Mulher. Para homenagear o p\u00fablico feminino, o banco oferece de quarta-feira (7) a sexta-feira (9), a inscri\u00e7\u00e3o, a regulariza\u00e7\u00e3o e a consulta gratuitas de CPF para as mulheres. A a\u00e7\u00e3o ser\u00e1 realizada em todas as ag\u00eancias do pa\u00eds, de acordo [&hellip;]<\/p>\n","protected":false},"author":3,"featured_media":34928,"comment_status":"open","ping_status":"closed","sticky":false,"template":"","format":"standard","meta":{"tdm_status":"","tdm_grid_status":"","footnotes":""},"categories":[22],"tags":[],"class_list":{"0":"post-38386","1":"post","2":"type-post","3":"status-publish","4":"format-standard","5":"has-post-thumbnail","7":"category-brasil"},"_links":{"self":[{"href":"https:\/\/migracao.redenoticia.com.br\/noticia\/wp-json\/wp\/v2\/posts\/38386","targetHints":{"allow":["GET"]}}],"collection":[{"href":"https:\/\/migracao.redenoticia.com.br\/noticia\/wp-json\/wp\/v2\/posts"}],"about":[{"href":"https:\/\/migracao.redenoticia.com.br\/noticia\/wp-json\/wp\/v2\/types\/post"}],"author":[{"embeddable":true,"href":"https:\/\/migracao.redenoticia.com.br\/noticia\/wp-json\/wp\/v2\/users\/3"}],"replies":[{"embeddable":true,"href":"https:\/\/migracao.redenoticia.com.br\/noticia\/wp-json\/wp\/v2\/comments?post=38386"}],"version-history":[{"count":0,"href":"https:\/\/migracao.redenoticia.com.br\/noticia\/wp-json\/wp\/v2\/posts\/38386\/revisions"}],"wp:featuredmedia":[{"embeddable":true,"href":"https:\/\/migracao.redenoticia.com.br\/noticia\/wp-json\/wp\/v2\/media\/34928"}],"wp:attachment":[{"href":"https:\/\/migracao.redenoticia.com.br\/noticia\/wp-json\/wp\/v2\/media?parent=38386"}],"wp:term":[{"taxonomy":"category","embeddable":true,"href":"https:\/\/migracao.redenoticia.com.br\/noticia\/wp-json\/wp\/v2\/categories?post=38386"},{"taxonomy":"post_tag","embeddable":true,"href":"https:\/\/migracao.redenoticia.com.br\/noticia\/wp-json\/wp\/v2\/tags?post=38386"}],"curies":[{"name":"wp","href":"https:\/\/api.w.org\/{rel}","templated":true}]}}